{"id":1131,"date":"2017-08-21T11:03:30","date_gmt":"2017-08-21T11:03:30","guid":{"rendered":"https:\/\/www.koken.es\/blog\/?p=1131"},"modified":"2026-03-12T11:08:42","modified_gmt":"2026-03-12T11:08:42","slug":"como-mantener-piel-hidratada-pasos","status":"publish","type":"post","link":"https:\/\/www.koken.es\/blog\/como-mantener-piel-hidratada-pasos\/","title":{"rendered":"C\u00f3mo mantener la piel hidratada: 7 pasos esenciales"},"content":{"rendered":"\n<p>\u00bfTienes la piel \u00e1spera, apagada o reseca? En verano la piel sufre especialmente por la combinaci\u00f3n del sol, el viento, el cloro y los cambios de temperatura. La buena noticia es que con una rutina sencilla y constante puedes mantener tu piel perfectamente hidratada durante todo el a\u00f1o, y especialmente en los meses de m\u00e1s calor. Aqu\u00ed tienes las claves.<\/p>\n\n\n\n<figure class=\"wp-block-image size-full\"><a href=\"https:\/\/www.koken.es\/blog\/wp-content\/uploads\/2026\/03\/infografia-como-mantener-piel-hidratada-pasos-tipo-piel-alimentos-koken.jpg\"><img decoding=\"async\" loading=\"lazy\" width=\"1024\" height=\"1024\" src=\"https:\/\/www.koken.es\/blog\/wp-content\/uploads\/2026\/03\/infografia-como-mantener-piel-hidratada-pasos-tipo-piel-alimentos-koken.jpg\" alt=\"\" class=\"wp-image-3587\" srcset=\"https:\/\/www.koken.es\/blog\/wp-content\/uploads\/2026\/03\/infografia-como-mantener-piel-hidratada-pasos-tipo-piel-alimentos-koken.jpg 1024w, https:\/\/www.koken.es\/blog\/wp-content\/uploads\/2026\/03\/infografia-como-mantener-piel-hidratada-pasos-tipo-piel-alimentos-koken-300x300.jpg 300w, https:\/\/www.koken.es\/blog\/wp-content\/uploads\/2026\/03\/infografia-como-mantener-piel-hidratada-pasos-tipo-piel-alimentos-koken-150x150.jpg 150w, https:\/\/www.koken.es\/blog\/wp-content\/uploads\/2026\/03\/infografia-como-mantener-piel-hidratada-pasos-tipo-piel-alimentos-koken-768x768.jpg 768w\" sizes=\"(max-width: 1024px) 100vw, 1024px\" \/><\/a><\/figure>\n\n\n\n<hr class=\"wp-block-separator has-alpha-channel-opacity\"\/>\n\n\n\n<h2 class=\"wp-block-heading\">\u00bfPor qu\u00e9 se deshidrata la piel en verano?<\/h2>\n\n\n\n<p>La deshidrataci\u00f3n cut\u00e1nea no es solo un problema est\u00e9tico. Cuando la piel pierde agua, su barrera protectora se debilita, aparecen la aspereza, las l\u00edneas finas y el envejecimiento prematuro. En verano, varios factores se combinan para agravar este proceso.<\/p>\n\n\n\n<h3 class=\"wp-block-heading\">Principales causas de piel reseca en verano<\/h3>\n\n\n\n<figure class=\"wp-block-table\"><table><thead><tr><th>Causa<\/th><th>Efecto sobre la piel<\/th><th>Soluci\u00f3n<\/th><\/tr><\/thead><tbody><tr><td><strong>Exposici\u00f3n solar<\/strong><\/td><td>Destruye l\u00edpidos y deshidrata<\/td><td>Protector solar + hidratante<\/td><\/tr><tr><td><strong>Viento y calor<\/strong><\/td><td>Evapora el agua cut\u00e1nea<\/td><td>Crema de barrera protectora<\/td><\/tr><tr><td><strong>Cloro de piscinas<\/strong><\/td><td>Elimina el manto hidrolip\u00eddico<\/td><td>Ducha + aceite corporal<\/td><\/tr><tr><td><strong>Aire acondicionado<\/strong><\/td><td>Reseca desde el interior<\/td><td>Agua frecuente + bruma facial<\/td><\/tr><tr><td><strong>Maquillaje excesivo<\/strong><\/td><td>Obstruye poros y reseca<\/td><td>Maquillaje suave + desmaquillado<\/td><\/tr><tr><td><strong>Alimentaci\u00f3n grasa<\/strong><\/td><td>Favorece granos e inflamaci\u00f3n<\/td><td>Frutas, verduras y agua<\/td><\/tr><tr><td><strong>Poco agua<\/strong><\/td><td>Deshidrataci\u00f3n desde dentro<\/td><td>M\u00ednimo 1,5 litros al d\u00eda<\/td><\/tr><\/tbody><\/table><\/figure>\n\n\n\n<hr class=\"wp-block-separator has-alpha-channel-opacity\"\/>\n\n\n\n<h2 class=\"wp-block-heading\">7 pasos para mantener la piel hidratada<\/h2>\n\n\n\n<h3 class=\"wp-block-heading\">1. \ud83e\uddf4 Limpia bien tu cara<\/h3>\n\n\n\n<p>La exposici\u00f3n diaria al sol, el viento y la contaminaci\u00f3n hace que los poros se cierren y acumulen impurezas. Un truco natural muy efectivo es mojar un algod\u00f3n en leche de almendras y pasarlo suavemente por el rostro. La leche de almendras limpia con suavidad, nutre y no reseca, siendo ideal para pieles sensibles o deshidratadas.<\/p>\n\n\n\n<h3 class=\"wp-block-heading\">2. \ud83d\udc84 Desmaqu\u00edllate correctamente<\/h3>\n\n\n\n<p>No uses cualquier producto para desmaquillarte. Elige desmaquillantes espec\u00edficos formulados para este fin. Una t\u00e9cnica muy suave y eficaz es humedecer un algod\u00f3n en crema desmaquillante y frotar suavemente sobre el rostro haciendo movimientos circulares. Nunca te acuestes sin desmaquillarte primero: el maquillaje que permanece toda la noche obstruye los poros e impide la regeneraci\u00f3n natural de la piel.<\/p>\n\n\n\n<h3 class=\"wp-block-heading\">3. \ud83d\udca7 Bebe mucha agua<\/h3>\n\n\n\n<p>Bebe al menos 1,5 litros de agua al d\u00eda. La hidrataci\u00f3n desde dentro es tan importante como la que aplicas en cremas. El agua ayuda a oxigenar la piel, eliminar toxinas y mantener su elasticidad natural. En verano, por el calor y el sudor, las necesidades de agua aumentan hasta los 2 litros diarios.<\/p>\n\n\n\n<h3 class=\"wp-block-heading\">4. \ud83d\udeab No abuses del maquillaje<\/h3>\n\n\n\n<p>Si te gusta maquillarte a diario, elige productos suaves y ligeros. Reserva las bases de cobertura total y las sombras intensas para ocasiones especiales, ya que los cosm\u00e9ticos convencionales contienen ingredientes que resecan en exceso la piel. Durante el d\u00eda, opta por productos con FPS y formulaciones hidratantes.<\/p>\n\n\n\n<h3 class=\"wp-block-heading\">5. \ud83e\udd57 Come sano y nutritivo<\/h3>\n\n\n\n<p>Si quieres una piel sana y sin granos, reduce el consumo de alimentos grasos como fritos, pizzas y ultraprocesados, y aumenta el de frutas y verduras frescas. Son ricas en vitaminas, antioxidantes y agua, todos ellos nutrientes esenciales para mantener la piel hidratada y luminosa desde dentro.<\/p>\n\n\n\n<h3 class=\"wp-block-heading\">6. \u2600\ufe0f No abuses del sol<\/h3>\n\n\n\n<p>Es muy recomendable evitar la exposici\u00f3n solar directa entre las 12:00 y las 16:00 horas, cuando la radiaci\u00f3n UV alcanza su m\u00e1xima intensidad. Si no puedes evitarlo, busca la sombra, usa sombrero y renueva el protector solar cada dos horas sin excepci\u00f3n.<\/p>\n\n\n\n<h3 class=\"wp-block-heading\">7. \ud83e\uddf4 Usa crema hidratante d\u00eda y noche<\/h3>\n\n\n\n<p>Utiliza crema hidratante tanto de d\u00eda como de noche, eligiendo siempre la m\u00e1s adecuada para tu tipo de piel. La crema de d\u00eda debe incluir protecci\u00f3n solar o aplicarse junto a un FPS. La de noche debe ser m\u00e1s nutritiva y reparadora, ya que es durante el sue\u00f1o cuando la piel se regenera con mayor intensidad.<\/p>\n\n\n\n<hr class=\"wp-block-separator has-alpha-channel-opacity\"\/>\n\n\n\n<h2 class=\"wp-block-heading\">Rutina completa de hidrataci\u00f3n facial<\/h2>\n\n\n\n<figure class=\"wp-block-table\"><table><thead><tr><th>Momento<\/th><th>Paso<\/th><th>Producto recomendado<\/th><\/tr><\/thead><tbody><tr><td><strong>Ma\u00f1ana<\/strong><\/td><td>Limpiar con leche de almendras o gel suave<\/td><td>Leche limpiadora natural<\/td><\/tr><tr><td><strong>Ma\u00f1ana<\/strong><\/td><td>Aplicar s\u00e9rum hidratante<\/td><td>S\u00e9rum \u00e1cido hialur\u00f3nico o vitamina C<\/td><\/tr><tr><td><strong>Ma\u00f1ana<\/strong><\/td><td>Crema hidratante de d\u00eda con FPS<\/td><td>Hidratante SPF 30<\/td><\/tr><tr><td><strong>Mediod\u00eda<\/strong><\/td><td>Renovar protecci\u00f3n solar<\/td><td>Spray solar FPS 30<\/td><\/tr><tr><td><strong>Tarde<\/strong><\/td><td>Bruma facial si hay calor o AC<\/td><td>Bruma de agua termal<\/td><\/tr><tr><td><strong>Noche<\/strong><\/td><td>Desmaquillar con movimientos circulares<\/td><td>Crema o aceite desmaquillante<\/td><\/tr><tr><td><strong>Noche<\/strong><\/td><td>Limpiar en profundidad<\/td><td>Gel limpiador suave sin sulfatos<\/td><\/tr><tr><td><strong>Noche<\/strong><\/td><td>Aplicar s\u00e9rum reparador<\/td><td>S\u00e9rum retinol o niacinamida<\/td><\/tr><tr><td><strong>Noche<\/strong><\/td><td>Crema nutritiva de noche<\/td><td>Crema regeneradora nocturna<\/td><\/tr><tr><td><strong>Semanal<\/strong><\/td><td>Exfoliaci\u00f3n suave<\/td><td>Exfoliante enzim\u00e1tico natural<\/td><\/tr><tr><td><strong>Semanal<\/strong><\/td><td>Mascarilla hidratante<\/td><td>Mascarilla aloe vera o \u00e1cido hialur\u00f3nico<\/td><\/tr><\/tbody><\/table><\/figure>\n\n\n\n<hr class=\"wp-block-separator has-alpha-channel-opacity\"\/>\n\n\n\n<h2 class=\"wp-block-heading\">Crema hidratante seg\u00fan tipo de piel<\/h2>\n\n\n\n<figure class=\"wp-block-table\"><table><thead><tr><th>Tipo de piel<\/th><th>Textura ideal<\/th><th>Ingredientes clave<\/th><th>Frecuencia<\/th><\/tr><\/thead><tbody><tr><td><strong>Piel seca<\/strong><\/td><td>Rica y cremosa<\/td><td>Manteca de karit\u00e9, aceite arg\u00e1n, ceramidas<\/td><td>Ma\u00f1ana y noche<\/td><\/tr><tr><td><strong>Piel grasa<\/strong><\/td><td>Gel o fluido oil-free<\/td><td>\u00c1cido hialur\u00f3nico, niacinamida, aloe vera<\/td><td>Ma\u00f1ana y noche<\/td><\/tr><tr><td><strong>Piel mixta<\/strong><\/td><td>Emulsi\u00f3n ligera<\/td><td>\u00c1cido hialur\u00f3nico, extracto pepino<\/td><td>Ma\u00f1ana y noche<\/td><\/tr><tr><td><strong>Piel sensible<\/strong><\/td><td>Textura calmante<\/td><td>Avena, centella asi\u00e1tica, aloe vera<\/td><td>Ma\u00f1ana y noche<\/td><\/tr><tr><td><strong>Piel madura<\/strong><\/td><td>Nutritiva y antioxidante<\/td><td>Retinol, vitamina C, coenzima Q10<\/td><td>Ma\u00f1ana y noche<\/td><\/tr><tr><td><strong>Piel normal<\/strong><\/td><td>Fluido equilibrante<\/td><td>Vitamina E, manteca de karit\u00e9 ligera<\/td><td>Ma\u00f1ana y noche<\/td><\/tr><\/tbody><\/table><\/figure>\n\n\n\n<hr class=\"wp-block-separator has-alpha-channel-opacity\"\/>\n\n\n\n<h2 class=\"wp-block-heading\">Alimentos que hidratan la piel desde dentro<\/h2>\n\n\n\n<figure class=\"wp-block-table\"><table><thead><tr><th>Alimento<\/th><th>Nutriente clave<\/th><th>Beneficio para la piel<\/th><\/tr><\/thead><tbody><tr><td><strong>Pepino<\/strong><\/td><td>96% agua + silicio<\/td><td>Hidrataci\u00f3n m\u00e1xima y luminosidad<\/td><\/tr><tr><td><strong>Sand\u00eda<\/strong><\/td><td>90% agua + licopeno<\/td><td>Hidrata y protege del sol<\/td><\/tr><tr><td><strong>Aguacate<\/strong><\/td><td>Grasas saludables + vitamina E<\/td><td>Nutre y da elasticidad<\/td><\/tr><tr><td><strong>Zanahoria<\/strong><\/td><td>Beta-caroteno<\/td><td>Potencia el bronceado y repara<\/td><\/tr><tr><td><strong>Frutos rojos<\/strong><\/td><td>Antioxidantes + vitamina C<\/td><td>Combate radicales libres<\/td><\/tr><tr><td><strong>Frutos secos<\/strong><\/td><td>Vitamina E + omega 3<\/td><td>Previene degeneraci\u00f3n celular<\/td><\/tr><tr><td><strong>Pescado azul<\/strong><\/td><td>Omega 3 + vitamina D<\/td><td>Mantiene la barrera cut\u00e1nea<\/td><\/tr><tr><td><strong>Tomate<\/strong><\/td><td>Licopeno<\/td><td>Protecci\u00f3n frente a rayos UV<\/td><\/tr><\/tbody><\/table><\/figure>\n\n\n\n<hr class=\"wp-block-separator has-alpha-channel-opacity\"\/>\n\n\n\n<h2 class=\"wp-block-heading\">Se\u00f1ales de que tu piel necesita m\u00e1s hidrataci\u00f3n<\/h2>\n\n\n\n<figure class=\"wp-block-table\"><table><thead><tr><th>Se\u00f1al<\/th><th>Qu\u00e9 indica<\/th><th>Soluci\u00f3n inmediata<\/th><\/tr><\/thead><tbody><tr><td><strong>Tirantez al lavarse<\/strong><\/td><td>Barrera cut\u00e1nea debilitada<\/td><td>Crema rica justo tras la limpieza<\/td><\/tr><tr><td><strong>Descamaci\u00f3n visible<\/strong><\/td><td>Deshidrataci\u00f3n severa<\/td><td>Exfoliar suave + mascarilla hidratante<\/td><\/tr><tr><td><strong>Piel apagada y gris<\/strong><\/td><td>Falta de agua y nutrientes<\/td><td>S\u00e9rum vitamina C + m\u00e1s agua<\/td><\/tr><tr><td><strong>L\u00edneas finas marcadas<\/strong><\/td><td>Deshidrataci\u00f3n superficial<\/td><td>\u00c1cido hialur\u00f3nico t\u00f3pico<\/td><\/tr><tr><td><strong>Picor o irritaci\u00f3n<\/strong><\/td><td>Barrera comprometida<\/td><td>Crema calmante + gel aloe vera<\/td><\/tr><tr><td><strong>Poros muy visibles<\/strong><\/td><td>Piel deshidratada parad\u00f3jica<\/td><td>Hidratante oil-free + agua<\/td><\/tr><tr><td><strong>Granos y brotes<\/strong><\/td><td>Exceso de sebo compensatorio<\/td><td>Hidratante ligero + agua<\/td><\/tr><\/tbody><\/table><\/figure>\n\n\n\n<hr class=\"wp-block-separator has-alpha-channel-opacity\"\/>\n\n\n\n<h2 class=\"wp-block-heading\">Errores m\u00e1s comunes que resecan la piel<\/h2>\n\n\n\n<figure class=\"wp-block-table\"><table><thead><tr><th>Error<\/th><th>Por qu\u00e9 da\u00f1a<\/th><th>Soluci\u00f3n<\/th><\/tr><\/thead><tbody><tr><td><strong>Lavarse con agua muy caliente<\/strong><\/td><td>Elimina el manto hidrolip\u00eddico<\/td><td>Agua tibia o fr\u00eda<\/td><\/tr><tr><td><strong>No desmaquillarse antes de dormir<\/strong><\/td><td>Obstruye poros e impide regeneraci\u00f3n<\/td><td>Desmaquillante cada noche sin excepci\u00f3n<\/td><\/tr><tr><td><strong>Usar jabones agresivos<\/strong><\/td><td>Rompen la barrera cut\u00e1nea<\/td><td>Jab\u00f3n suave sin SLS ni perfumes<\/td><\/tr><tr><td><strong>Saltarse la crema por tener piel grasa<\/strong><\/td><td>La piel produce m\u00e1s sebo compensatorio<\/td><td>Hidratante ligero oil-free<\/td><\/tr><tr><td><strong>Exfoliar en exceso<\/strong><\/td><td>Irrita y debilita la barrera<\/td><td>M\u00e1ximo 1-2 veces por semana<\/td><\/tr><tr><td><strong>No beber suficiente agua<\/strong><\/td><td>Deshidrataci\u00f3n desde dentro<\/td><td>1,5-2 litros diarios m\u00ednimo<\/td><\/tr><tr><td><strong>Maquillaje sin desmaquillar bien<\/strong><\/td><td>Acumula residuos y tapa poros<\/td><td>Doble limpieza nocturna<\/td><\/tr><\/tbody><\/table><\/figure>\n\n\n\n<hr class=\"wp-block-separator has-alpha-channel-opacity\"\/>\n\n\n\n<h2 class=\"wp-block-heading\">Preguntas frecuentes<\/h2>\n\n\n\n<p><strong>\u00bfCu\u00e1nto tiempo tarda en verse el resultado de una buena hidrataci\u00f3n?<\/strong> Con una rutina constante, los primeros resultados visibles se notan en 1-2 semanas. La piel necesita tiempo para regenerar su barrera y recuperar la elasticidad perdida.<\/p>\n\n\n\n<p><strong>\u00bfLa leche de almendras sirve para limpiar todo tipo de pieles?<\/strong> S\u00ed. La leche de almendras es suave, nutritiva y no comedog\u00e9nica, por lo que es adecuada para pieles secas, normales y sensibles. Para pieles muy grasas, puede combinarse con un gel limpiador suave posterior.<\/p>\n\n\n\n<p><strong>\u00bfEs mejor crema o aceite hidratante?<\/strong> Depende del tipo de piel. Las cremas son ideales para uso diario en todos los tipos de piel. Los aceites son m\u00e1s nutritivos y est\u00e1n especialmente indicados para pieles muy secas o maduras, aplicados como \u00faltimo paso de la rutina nocturna.<\/p>\n\n\n\n<p><strong>\u00bfCu\u00e1ndo debo aplicar la crema hidratante?<\/strong> Siempre sobre la piel limpia y ligeramente h\u00fameda, ya que as\u00ed se absorbe mejor. De d\u00eda antes del maquillaje o protector solar, y de noche como \u00faltimo paso de la rutina.<\/p>\n","protected":false},"excerpt":{"rendered":"<p>\u00bfTienes la piel \u00e1spera, apagada o reseca? En verano la piel sufre especialmente por la combinaci\u00f3n del sol, el viento, el cloro y los cambios de temperatura. La buena noticia es que con una rutina sencilla y constante puedes mantener &hellip; <a href=\"https:\/\/www.koken.es\/blog\/como-mantener-piel-hidratada-pasos\/\" class=\"more-link\">Sigue leyendo <span class=\"meta-nav\">&rarr;<\/span><\/a><\/p>\n","protected":false},"author":2,"featured_media":3586,"comment_status":"closed","ping_status":"closed","sticky":false,"template":"","format":"standard","meta":{"om_disable_all_campaigns":false,"_mi_skip_tracking":false,"_monsterinsights_sitenote_active":false,"_monsterinsights_sitenote_note":"","_monsterinsights_sitenote_category":0},"categories":[8],"tags":[1471,1473,1475,1470,1461,1467,1468,1469,1474,1472],"aioseo_notices":[],"_links":{"self":[{"href":"https:\/\/www.koken.es\/blog\/wp-json\/wp\/v2\/posts\/1131"}],"collection":[{"href":"https:\/\/www.koken.es\/blog\/wp-json\/wp\/v2\/posts"}],"about":[{"href":"https:\/\/www.koken.es\/blog\/wp-json\/wp\/v2\/types\/post"}],"author":[{"embeddable":true,"href":"https:\/\/www.koken.es\/blog\/wp-json\/wp\/v2\/users\/2"}],"replies":[{"embeddable":true,"href":"https:\/\/www.koken.es\/blog\/wp-json\/wp\/v2\/comments?post=1131"}],"version-history":[{"count":3,"href":"https:\/\/www.koken.es\/blog\/wp-json\/wp\/v2\/posts\/1131\/revisions"}],"predecessor-version":[{"id":3588,"href":"https:\/\/www.koken.es\/blog\/wp-json\/wp\/v2\/posts\/1131\/revisions\/3588"}],"wp:featuredmedia":[{"embeddable":true,"href":"https:\/\/www.koken.es\/blog\/wp-json\/wp\/v2\/media\/3586"}],"wp:attachment":[{"href":"https:\/\/www.koken.es\/blog\/wp-json\/wp\/v2\/media?parent=1131"}],"wp:term":[{"taxonomy":"category","embeddable":true,"href":"https:\/\/www.koken.es\/blog\/wp-json\/wp\/v2\/categories?post=1131"},{"taxonomy":"post_tag","embeddable":true,"href":"https:\/\/www.koken.es\/blog\/wp-json\/wp\/v2\/tags?post=1131"}],"curies":[{"name":"wp","href":"https:\/\/api.w.org\/{rel}","templated":true}]}}