{"id":182,"date":"2014-02-24T16:36:46","date_gmt":"2014-02-24T16:36:46","guid":{"rendered":"http:\/\/blog.koken.es\/?p=182"},"modified":"2026-04-21T12:21:01","modified_gmt":"2026-04-21T12:21:01","slug":"crema-facial-cada-edad-guia-completa","status":"publish","type":"post","link":"https:\/\/www.koken.es\/blog\/crema-facial-cada-edad-guia-completa\/","title":{"rendered":"El Tipo de Crema Facial para Cada Edad: Gu\u00eda Completa 2026"},"content":{"rendered":"\n<p>El cuidado de la piel no es un concepto \u00fanico e inmutable. Al igual que nuestro cuerpo evoluciona con los a\u00f1os, las necesidades de nuestra piel cambian en cada d\u00e9cada de nuestra vida. Desde la tierna infancia hasta la madurez plena, cada etapa requiere atenciones espec\u00edficas y productos formulados para responder a desaf\u00edos \u00fanicos.<\/p>\n\n\n\n<p><strong>La clave del \u00e9xito en el cuidado facial radica en entender qu\u00e9 necesita tu piel en cada momento de tu vida<\/strong> y proporcion\u00e1rselo con constancia, no solo cuando aparecen los problemas, sino de manera preventiva.<\/p>\n\n\n\n<p>En esta gu\u00eda completa descubrir\u00e1s exactamente qu\u00e9 tipo de crema y rutina facial necesitas seg\u00fan tu edad, con explicaciones cient\u00edficas, ingredientes clave a buscar y productos profesionales recomendados. Porque invertir en tu piel HOY es la mejor decisi\u00f3n que puedes tomar para lucir radiante MA\u00d1ANA.<\/p>\n\n\n\n<hr class=\"wp-block-separator has-alpha-channel-opacity\"\/>\n\n\n\n<h2 class=\"wp-block-heading\">La Importancia del Cuidado Temprano: Un H\u00e1bito para Toda la Vida<\/h2>\n\n\n\n<h3 class=\"wp-block-heading\">M\u00e1s All\u00e1 del Agua y Jab\u00f3n<\/h3>\n\n\n\n<p>Muchas personas a\u00fan creen que el cuidado corporal y facial se limita a agua y jab\u00f3n. <strong>Esta es una visi\u00f3n completamente obsoleta.<\/strong> La hidrataci\u00f3n mediante cremas, s\u00e9rums y aceites debe instaurarse como un h\u00e1bito desde la infancia, al igual que lavarse los dientes o cepillarse el pelo.<\/p>\n\n\n\n<p><strong>\u00bfPor qu\u00e9 es tan importante?<\/strong><\/p>\n\n\n\n<figure class=\"wp-block-table\"><table><thead><tr><th>Edad<\/th><th>Producci\u00f3n de Col\u00e1geno<\/th><th>Producci\u00f3n de Elastina<\/th><th>P\u00e9rdida de \u00c1cido Hialur\u00f3nico<\/th><\/tr><\/thead><tbody><tr><td><strong>0-20 a\u00f1os<\/strong><\/td><td>100%<\/td><td>100%<\/td><td>M\u00ednima<\/td><\/tr><tr><td><strong>25 a\u00f1os<\/strong><\/td><td>95%<\/td><td>90%<\/td><td>Comienza descenso<\/td><\/tr><tr><td><strong>30 a\u00f1os<\/strong><\/td><td>85%<\/td><td>75%<\/td><td>15% perdido<\/td><\/tr><tr><td><strong>40 a\u00f1os<\/strong><\/td><td>70%<\/td><td>60%<\/td><td>30% perdido<\/td><\/tr><tr><td><strong>50 a\u00f1os<\/strong><\/td><td>55%<\/td><td>45%<\/td><td>50% perdido<\/td><\/tr><tr><td><strong>60+ a\u00f1os<\/strong><\/td><td>40%<\/td><td>30%<\/td><td>70% perdido<\/td><\/tr><\/tbody><\/table><\/figure>\n\n\n\n<p><strong>La prevenci\u00f3n siempre ser\u00e1 m\u00e1s efectiva (y econ\u00f3mica) que la correcci\u00f3n.<\/strong><\/p>\n\n\n\n<hr class=\"wp-block-separator has-alpha-channel-opacity\"\/>\n\n\n\n<h2 class=\"wp-block-heading\">Cuidado Facial 0-12 A\u00f1os: Protecci\u00f3n e Hidrataci\u00f3n B\u00e1sica<\/h2>\n\n\n\n<h3 class=\"wp-block-heading\">Beb\u00e9s y Ni\u00f1os Peque\u00f1os (0-3 a\u00f1os)<\/h3>\n\n\n\n<h4 class=\"wp-block-heading\">Caracter\u00edsticas de la Piel Infantil<\/h4>\n\n\n\n<figure class=\"wp-block-table\"><table><thead><tr><th>Caracter\u00edstica<\/th><th>Detalle<\/th><th>Implicaci\u00f3n<\/th><\/tr><\/thead><tbody><tr><td><strong>Grosor epid\u00e9rmico<\/strong><\/td><td>30% m\u00e1s fina que adultos<\/td><td>Mayor sensibilidad<\/td><\/tr><tr><td><strong>Barrera cut\u00e1nea<\/strong><\/td><td>A\u00fan en desarrollo<\/td><td>Menor protecci\u00f3n<\/td><\/tr><tr><td><strong>Producci\u00f3n de sebo<\/strong><\/td><td>Muy baja<\/td><td>Tendencia a sequedad<\/td><\/tr><tr><td><strong>pH cut\u00e1neo<\/strong><\/td><td>M\u00e1s alto (menos \u00e1cido)<\/td><td>Vulnerable a irritaciones<\/td><\/tr><tr><td><strong>Funci\u00f3n termorreguladora<\/strong><\/td><td>Inmadura<\/td><td>Sensible a cambios temperatura<\/td><\/tr><\/tbody><\/table><\/figure>\n\n\n\n<h4 class=\"wp-block-heading\">Necesidades B\u00e1sicas<\/h4>\n\n\n\n<p><strong>Objetivo principal:<\/strong> Mantener la hidrataci\u00f3n natural y proteger la barrera cut\u00e1nea.<\/p>\n\n\n\n<p><strong>Ingredientes ideales:<\/strong><\/p>\n\n\n\n<ul>\n<li>\u2705 Aceites vegetales puros (almendras dulces, jojoba, cal\u00e9ndula)<\/li>\n\n\n\n<li>\u2705 Glicerina vegetal<\/li>\n\n\n\n<li>\u2705 Pantenol (pro-vitamina B5)<\/li>\n\n\n\n<li>\u2705 Manteca de karit\u00e9<\/li>\n\n\n\n<li>\u2705 Avena coloidal<\/li>\n\n\n\n<li>\u2705 Aloe vera puro<\/li>\n<\/ul>\n\n\n\n<p><strong>Ingredientes a EVITAR:<\/strong><\/p>\n\n\n\n<ul>\n<li>\u274c Fragancias sint\u00e9ticas<\/li>\n\n\n\n<li>\u274c Parabenos<\/li>\n\n\n\n<li>\u274c SLS\/SLES (sulfatos agresivos)<\/li>\n\n\n\n<li>\u274c Alcohol desnaturalizado<\/li>\n\n\n\n<li>\u274c Colorantes artificiales<\/li>\n\n\n\n<li>\u274c Aceites minerales derivados del petr\u00f3leo<\/li>\n<\/ul>\n\n\n\n<h4 class=\"wp-block-heading\">Rutina Recomendada<\/h4>\n\n\n\n<figure class=\"wp-block-table\"><table><thead><tr><th>Momento<\/th><th>Producto<\/th><th>Frecuencia<\/th><\/tr><\/thead><tbody><tr><td><strong>Ba\u00f1o<\/strong><\/td><td>Aceite limpiador suave sin jab\u00f3n<\/td><td>1x\/d\u00eda o cada 2 d\u00edas<\/td><\/tr><tr><td><strong>Despu\u00e9s del ba\u00f1o<\/strong><\/td><td>Crema hidratante beb\u00e9 o aceite corporal<\/td><td>Diario<\/td><\/tr><tr><td><strong>Zona pa\u00f1al<\/strong><\/td><td>Crema barrera con \u00f3xido zinc<\/td><td>Cada cambio<\/td><\/tr><tr><td><strong>Exposici\u00f3n sol<\/strong><\/td><td>Protector solar SPF 50+ mineral (&gt;6 meses)<\/td><td>Siempre que salgan<\/td><\/tr><\/tbody><\/table><\/figure>\n\n\n\n<hr class=\"wp-block-separator has-alpha-channel-opacity\"\/>\n\n\n\n<h3 class=\"wp-block-heading\">Ni\u00f1os (4-12 a\u00f1os)<\/h3>\n\n\n\n<h4 class=\"wp-block-heading\">Evoluci\u00f3n de la Piel<\/h4>\n\n\n\n<p>A esta edad, la barrera cut\u00e1nea ya est\u00e1 m\u00e1s desarrollada, pero la piel sigue siendo m\u00e1s delicada que la adulta.<\/p>\n\n\n\n<p><strong>Necesidades:<\/strong><\/p>\n\n\n\n<ul>\n<li>Hidrataci\u00f3n diaria ligera<\/li>\n\n\n\n<li>Protecci\u00f3n solar obligatoria<\/li>\n\n\n\n<li>Limpieza suave (sobre todo si practican deporte)<\/li>\n\n\n\n<li>Prevenci\u00f3n de irritaciones<\/li>\n<\/ul>\n\n\n\n<h4 class=\"wp-block-heading\">Productos Recomendados<\/h4>\n\n\n\n<figure class=\"wp-block-table\"><table><thead><tr><th>Tipo de Piel<\/th><th>Producto<\/th><th>Ingredientes Clave<\/th><\/tr><\/thead><tbody><tr><td><strong>Normal<\/strong><\/td><td>Crema hidratante ligera<\/td><td>Glicerina, pantenol, vitamina E<\/td><\/tr><tr><td><strong>Seca\/At\u00f3pica<\/strong><\/td><td>Crema emoliente rica<\/td><td>Ceramidas, manteca karit\u00e9, avena<\/td><\/tr><tr><td><strong>Sensible<\/strong><\/td><td>Crema hipoalerg\u00e9nica<\/td><td>Agua termal, bisabolol, cal\u00e9ndula<\/td><\/tr><\/tbody><\/table><\/figure>\n\n\n\n<p><strong>Consejo clave:<\/strong> Ense\u00f1arles a aplicar ellos mismos la crema convierte el cuidado en un h\u00e1bito natural.<\/p>\n\n\n\n<hr class=\"wp-block-separator has-alpha-channel-opacity\"\/>\n\n\n\n<h2 class=\"wp-block-heading\">Adolescencia (13-19 a\u00f1os): Gesti\u00f3n de los Cambios Hormonales<\/h2>\n\n\n\n<h3 class=\"wp-block-heading\">El Desaf\u00edo Hormonal<\/h3>\n\n\n\n<p>La pubertad desencadena una revoluci\u00f3n hormonal que afecta dram\u00e1ticamente a la piel:<\/p>\n\n\n\n<figure class=\"wp-block-table\"><table><thead><tr><th>Cambio Hormonal<\/th><th>Efecto en la Piel<\/th><\/tr><\/thead><tbody><tr><td>\u2191 Andr\u00f3genos<\/td><td>\u2191 Producci\u00f3n sebo (grasa)<\/td><\/tr><tr><td>\u2191 Testosterona<\/td><td>\u2191 Tama\u00f1o gl\u00e1ndulas seb\u00e1ceas<\/td><\/tr><tr><td>Fluctuaciones hormonales<\/td><td>Brotes acn\u00e9 c\u00edclicos<\/td><\/tr><tr><td>\u2191 Hormona crecimiento<\/td><td>Cambios textura piel<\/td><\/tr><\/tbody><\/table><\/figure>\n\n\n\n<h3 class=\"wp-block-heading\">Dos Perfiles Principales<\/h3>\n\n\n\n<h4 class=\"wp-block-heading\">Perfil 1: Piel Grasa y Propensa al Acn\u00e9<\/h4>\n\n\n\n<p><strong>Se\u00f1ales:<\/strong><\/p>\n\n\n\n<ul>\n<li>Brillo excesivo (especialmente zona T)<\/li>\n\n\n\n<li>Poros dilatados<\/li>\n\n\n\n<li>Puntos negros (comedones)<\/li>\n\n\n\n<li>Granos y espinillas<\/li>\n\n\n\n<li>Posibles lesiones inflamatorias<\/li>\n<\/ul>\n\n\n\n<p><strong>Ingredientes que AYUDAN:<\/strong><\/p>\n\n\n\n<ul>\n<li>\u2705 <strong>\u00c1cido salic\u00edlico<\/strong> (0.5-2%) &#8211; Desobstruye poros<\/li>\n\n\n\n<li>\u2705 <strong>Niacinamida<\/strong> (3-5%) &#8211; Regula sebo, antiinflamatorio<\/li>\n\n\n\n<li>\u2705 <strong>Per\u00f3xido de benzoilo<\/strong> (2.5-5%) &#8211; Antibacteriano<\/li>\n\n\n\n<li>\u2705 <strong>Aceite \u00e1rbol del t\u00e9<\/strong> &#8211; Antis\u00e9ptico natural<\/li>\n\n\n\n<li>\u2705 <strong>Zinc<\/strong> &#8211; Regula producci\u00f3n sebo<\/li>\n\n\n\n<li>\u2705 <strong>\u00c1cido azelaico<\/strong> (10-20%) &#8211; Antimicrobiano, anti-manchas<\/li>\n<\/ul>\n\n\n\n<p><strong>Rutina Anti-Acn\u00e9 Adolescente:<\/strong><\/p>\n\n\n\n<figure class=\"wp-block-table\"><table><thead><tr><th>Paso<\/th><th>Ma\u00f1ana<\/th><th>Noche<\/th><\/tr><\/thead><tbody><tr><td><strong>1. Limpieza<\/strong><\/td><td>Gel limpiador con \u00e1cido salic\u00edlico<\/td><td>Gel limpiador con \u00e1cido salic\u00edlico<\/td><\/tr><tr><td><strong>2. T\u00f3nico<\/strong><\/td><td>T\u00f3nico astringente sin alcohol<\/td><td>T\u00f3nico equilibrante<\/td><\/tr><tr><td><strong>3. Tratamiento<\/strong><\/td><td>Serum niacinamida<\/td><td>Crema con per\u00f3xido benzoilo (solo zonas)<\/td><\/tr><tr><td><strong>4. Hidrataci\u00f3n<\/strong><\/td><td>Crema oil-free ligera<\/td><td>Crema oil-free ligera<\/td><\/tr><tr><td><strong>5. Protecci\u00f3n<\/strong><\/td><td>SPF 30-50 oil-free<\/td><td>&#8211;<\/td><\/tr><\/tbody><\/table><\/figure>\n\n\n\n<p><strong>\u26a0\ufe0f Cu\u00e1ndo acudir al dermat\u00f3logo:<\/strong><\/p>\n\n\n\n<ul>\n<li>Acn\u00e9 qu\u00edstico (n\u00f3dulos profundos y dolorosos)<\/li>\n\n\n\n<li>Infecci\u00f3n recurrente<\/li>\n\n\n\n<li>Cicatrices<\/li>\n\n\n\n<li>Acn\u00e9 que no mejora en 3 meses con tratamiento OTC<\/li>\n<\/ul>\n\n\n\n<hr class=\"wp-block-separator has-alpha-channel-opacity\"\/>\n\n\n\n<h4 class=\"wp-block-heading\">Perfil 2: Piel Seca y Descamada<\/h4>\n\n\n\n<p><strong>Se\u00f1ales:<\/strong><\/p>\n\n\n\n<ul>\n<li>Tirantez despu\u00e9s del lavado<\/li>\n\n\n\n<li>Descamaci\u00f3n visible<\/li>\n\n\n\n<li>Piel \u00e1spera al tacto<\/li>\n\n\n\n<li>Enrojecimiento<\/li>\n\n\n\n<li>Sensibilidad<\/li>\n<\/ul>\n\n\n\n<p><strong>Ingredientes que AYUDAN:<\/strong><\/p>\n\n\n\n<ul>\n<li>\u2705 <strong>\u00c1cido hialur\u00f3nico<\/strong> &#8211; Hidrataci\u00f3n profunda<\/li>\n\n\n\n<li>\u2705 <strong>Ceramidas<\/strong> &#8211; Repara barrera cut\u00e1nea<\/li>\n\n\n\n<li>\u2705 <strong>Glicerina<\/strong> &#8211; Humectante potente<\/li>\n\n\n\n<li>\u2705 <strong>Manteca de karit\u00e9<\/strong> &#8211; Nutrici\u00f3n<\/li>\n\n\n\n<li>\u2705 <strong>Aceite de jojoba<\/strong> &#8211; Similar al sebo natural<\/li>\n\n\n\n<li>\u2705 <strong>Urea<\/strong> (5-10%) &#8211; Exfoliante suave + hidratante<\/li>\n<\/ul>\n\n\n\n<p><strong>Rutina Piel Seca Adolescente:<\/strong><\/p>\n\n\n\n<figure class=\"wp-block-table\"><table><thead><tr><th>Paso<\/th><th>Ma\u00f1ana<\/th><th>Noche<\/th><\/tr><\/thead><tbody><tr><td><strong>1. Limpieza<\/strong><\/td><td>Leche limpiadora suave<\/td><td>Aceite limpiador + leche<\/td><\/tr><tr><td><strong>2. Hidrataci\u00f3n<\/strong><\/td><td>S\u00e9rum \u00e1cido hialur\u00f3nico<\/td><td>S\u00e9rum \u00e1cido hialur\u00f3nico<\/td><\/tr><tr><td><strong>3. Nutrici\u00f3n<\/strong><\/td><td>Crema hidratante media<\/td><td>Crema rica nutritiva<\/td><\/tr><tr><td><strong>4. Protecci\u00f3n<\/strong><\/td><td>SPF 30-50<\/td><td>&#8211;<\/td><\/tr><\/tbody><\/table><\/figure>\n\n\n\n<hr class=\"wp-block-separator has-alpha-channel-opacity\"\/>\n\n\n\n<h2 class=\"wp-block-heading\">A\u00f1os 20 (20-29): Prevenci\u00f3n y Fundaci\u00f3n<\/h2>\n\n\n\n<h3 class=\"wp-block-heading\">El Momento de Empezar en Serio<\/h3>\n\n\n\n<p><strong>Mensaje clave:<\/strong> A partir de los 25 a\u00f1os, tu cuerpo comienza a ralentizar la producci\u00f3n natural de col\u00e1geno (aproximadamente -1% anual). Es el momento perfecto para iniciar tratamientos preventivos.<\/p>\n\n\n\n<h3 class=\"wp-block-heading\">Cambios en la Piel a los 20<\/h3>\n\n\n\n<figure class=\"wp-block-table\"><table><thead><tr><th>Edad<\/th><th>Cambio Principal<\/th><th>Necesidad<\/th><\/tr><\/thead><tbody><tr><td><strong>20-22<\/strong><\/td><td>Piel a\u00fan \u00abjoven\u00bb, posible acn\u00e9 tard\u00edo<\/td><td>Hidrataci\u00f3n + protecci\u00f3n solar<\/td><\/tr><tr><td><strong>23-25<\/strong><\/td><td>Comienza descenso col\u00e1geno<\/td><td>A\u00f1adir antioxidantes<\/td><\/tr><tr><td><strong>26-29<\/strong><\/td><td>Primeras l\u00edneas expresi\u00f3n sutiles<\/td><td>Introducir activos anti-edad suaves<\/td><\/tr><\/tbody><\/table><\/figure>\n\n\n\n<h3 class=\"wp-block-heading\">Ingredientes Estrella para los 20<\/h3>\n\n\n\n<figure class=\"wp-block-table\"><table><thead><tr><th>Ingrediente<\/th><th>Funci\u00f3n<\/th><th>Concentraci\u00f3n<\/th><\/tr><\/thead><tbody><tr><td><strong>Vitamina C<\/strong><\/td><td>Antioxidante potente, ilumina<\/td><td>10-20%<\/td><\/tr><tr><td><strong>\u00c1cido hialur\u00f3nico<\/strong><\/td><td>Hidrataci\u00f3n profunda<\/td><td>1-2%<\/td><\/tr><tr><td><strong>Niacinamida<\/strong><\/td><td>Multifuncional (poros, textura, tono)<\/td><td>3-10%<\/td><\/tr><tr><td><strong>Vitamina E<\/strong><\/td><td>Antioxidante, protector<\/td><td>0.5-1%<\/td><\/tr><tr><td><strong>P\u00e9ptidos<\/strong><\/td><td>Estimulan col\u00e1geno<\/td><td>2-5%<\/td><\/tr><tr><td><strong>SPF<\/strong><\/td><td><strong>OBLIGATORIO<\/strong> prevenci\u00f3n fotoenvejecimiento<\/td><td>M\u00ednimo 30<\/td><\/tr><\/tbody><\/table><\/figure>\n\n\n\n<h3 class=\"wp-block-heading\">Rutina Facial A\u00f1os 20<\/h3>\n\n\n\n<h4 class=\"wp-block-heading\">Rutina de D\u00eda<\/h4>\n\n\n\n<figure class=\"wp-block-table\"><table><thead><tr><th>Paso<\/th><th>Producto<\/th><th>Objetivo<\/th><\/tr><\/thead><tbody><tr><td><strong>1. Limpieza<\/strong><\/td><td>Gel o espuma suave<\/td><td>Piel limpia receptiva<\/td><\/tr><tr><td><strong>2. T\u00f3nico<\/strong><\/td><td>Hidratante o iluminador<\/td><td>Prepara piel<\/td><\/tr><tr><td><strong>3. S\u00e9rum<\/strong><\/td><td>Vitamina C<\/td><td>Antioxidante, brillo<\/td><\/tr><tr><td><strong>4. Contorno ojos<\/strong><\/td><td>Hidratante con cafe\u00edna<\/td><td>Prevenir ojeras<\/td><\/tr><tr><td><strong>5. Crema<\/strong><\/td><td>Hidratante ligera<\/td><td>Hidrataci\u00f3n equilibrada<\/td><\/tr><tr><td><strong>6. SPF<\/strong><\/td><td>SPF 30-50<\/td><td><strong>PASO M\u00c1S IMPORTANTE<\/strong><\/td><\/tr><\/tbody><\/table><\/figure>\n\n\n\n<h4 class=\"wp-block-heading\">Rutina de Noche<\/h4>\n\n\n\n<figure class=\"wp-block-table\"><table><thead><tr><th>Paso<\/th><th>Producto<\/th><th>Objetivo<\/th><\/tr><\/thead><tbody><tr><td><strong>1. Desmaquillante<\/strong><\/td><td>Aceite o agua micelar<\/td><td>Eliminar maquillaje<\/td><\/tr><tr><td><strong>2. Limpieza<\/strong><\/td><td>Gel limpiador<\/td><td>Segunda limpieza profunda<\/td><\/tr><tr><td><strong>3. Exfoliante<\/strong><\/td><td>AHA\/BHA (2-3x\/semana)<\/td><td>Renovaci\u00f3n celular<\/td><\/tr><tr><td><strong>4. S\u00e9rum<\/strong><\/td><td>Niacinamida o p\u00e9ptidos<\/td><td>Reparaci\u00f3n nocturna<\/td><\/tr><tr><td><strong>5. Contorno ojos<\/strong><\/td><td>Hidratante reparador<\/td><td>Prevenci\u00f3n<\/td><\/tr><tr><td><strong>6. Crema noche<\/strong><\/td><td>Hidratante + antioxidantes<\/td><td>Regeneraci\u00f3n<\/td><\/tr><\/tbody><\/table><\/figure>\n\n\n\n<p><strong>Consejo experto:<\/strong> \u00abUna piel bien hidratada es m\u00e1s resistente y envejece m\u00e1s tarde. La hidrataci\u00f3n es fundamental tanto para aportar agua como para mantener la barrera hidrolip\u00eddica firme\u00bb &#8211; Roc\u00edo Escalante, Farmac\u00e9utica.<\/p>\n\n\n\n<hr class=\"wp-block-separator has-alpha-channel-opacity\"\/>\n\n\n\n<h2 class=\"wp-block-heading\">A\u00f1os 30 (30-39): Nutrici\u00f3n y Prevenci\u00f3n Activa<\/h2>\n\n\n\n<h3 class=\"wp-block-heading\">La D\u00e9cada Clave<\/h3>\n\n\n\n<p>Los 30 son la d\u00e9cada en la que los primeros signos visibles de envejecimiento empiezan a manifestarse m\u00e1s claramente:<\/p>\n\n\n\n<figure class=\"wp-block-table\"><table><thead><tr><th>Signo<\/th><th>Cu\u00e1ndo Aparece<\/th><th>Causa<\/th><\/tr><\/thead><tbody><tr><td><strong>Primeras arrugas finas<\/strong><\/td><td>30-33 a\u00f1os<\/td><td>\u2193 Col\u00e1geno, expresiones faciales<\/td><\/tr><tr><td><strong>P\u00e9rdida luminosidad<\/strong><\/td><td>32-35 a\u00f1os<\/td><td>\u2193 Renovaci\u00f3n celular<\/td><\/tr><tr><td><strong>L\u00edneas expresi\u00f3n<\/strong><\/td><td>33-37 a\u00f1os<\/td><td>Repetici\u00f3n gestos faciales<\/td><\/tr><tr><td><strong>Poros m\u00e1s visibles<\/strong><\/td><td>34-38 a\u00f1os<\/td><td>P\u00e9rdida elasticidad<\/td><\/tr><tr><td><strong>Primeras manchas<\/strong><\/td><td>35-39 a\u00f1os<\/td><td>Da\u00f1o solar acumulado<\/td><\/tr><\/tbody><\/table><\/figure>\n\n\n\n<h3 class=\"wp-block-heading\">Objetivos del Cuidado a los 30<\/h3>\n\n\n\n<ol>\n<li><strong>Nutrici\u00f3n profunda<\/strong> &#8211; Aportar l\u00edpidos y nutrientes<\/li>\n\n\n\n<li><strong>Estimulaci\u00f3n de col\u00e1geno<\/strong> &#8211; Ralentizar p\u00e9rdida<\/li>\n\n\n\n<li><strong>Hidrataci\u00f3n intensiva<\/strong> &#8211; Mantener volumen<\/li>\n\n\n\n<li><strong>Prevenci\u00f3n manchas<\/strong> &#8211; Unificar tono<\/li>\n\n\n\n<li><strong>Protecci\u00f3n avanzada<\/strong> &#8211; SPF + antioxidantes<\/li>\n<\/ol>\n\n\n\n<h3 class=\"wp-block-heading\">Ingredientes Clave para los 30<\/h3>\n\n\n\n<figure class=\"wp-block-table\"><table><thead><tr><th>Ingrediente<\/th><th>Funci\u00f3n<\/th><th>Por Qu\u00e9 Ahora<\/th><\/tr><\/thead><tbody><tr><td><strong>Retinol<\/strong> (0.25-0.5%)<\/td><td>Estimula col\u00e1geno, renueva piel<\/td><td>Prevenci\u00f3n activa arrugas<\/td><\/tr><tr><td><strong>P\u00e9ptidos<\/strong><\/td><td>Se\u00f1alizan producci\u00f3n col\u00e1geno<\/td><td>Mantenimiento firmeza<\/td><\/tr><tr><td><strong>Vitaminas C+E<\/strong><\/td><td>Antioxidantes sin\u00e9rgicos<\/td><td>Protecci\u00f3n da\u00f1o oxidativo<\/td><\/tr><tr><td><strong>\u00c1cido hialur\u00f3nico<\/strong> (multi-peso)<\/td><td>Hidrataci\u00f3n multicapa<\/td><td>Mantener volumen<\/td><\/tr><tr><td><strong>Niacinamida<\/strong><\/td><td>Multifunci\u00f3n (manchas, poros, barrera)<\/td><td>Mejora tono y textura<\/td><\/tr><tr><td><strong>Ceramidas<\/strong><\/td><td>Fortalecen barrera cut\u00e1nea<\/td><td>Prevenci\u00f3n sensibilidad<\/td><\/tr><tr><td><strong>SPF 50<\/strong><\/td><td>Protecci\u00f3n UVA\/UVB\/IR\/Luz azul<\/td><td>Da\u00f1o acumulativo<\/td><\/tr><\/tbody><\/table><\/figure>\n\n\n\n<h3 class=\"wp-block-heading\">Rutina Facial A\u00f1os 30<\/h3>\n\n\n\n<h4 class=\"wp-block-heading\">Rutina de D\u00eda<\/h4>\n\n\n\n<figure class=\"wp-block-table\"><table><thead><tr><th>Paso<\/th><th>Producto<\/th><th>Detalles<\/th><\/tr><\/thead><tbody><tr><td><strong>1. Limpieza<\/strong><\/td><td>Leche o gel cremoso<\/td><td>Limpieza sin resecar<\/td><\/tr><tr><td><strong>2. T\u00f3nico<\/strong><\/td><td>Hidratante con extractos bot\u00e1nicos<\/td><td>Prepara absorci\u00f3n<\/td><\/tr><tr><td><strong>3. S\u00e9rum<\/strong><\/td><td>Vitamina C estabilizada 15-20%<\/td><td>Antioxidante + iluminador<\/td><\/tr><tr><td><strong>4. Contorno ojos<\/strong><\/td><td>Con p\u00e9ptidos + cafe\u00edna<\/td><td>Prevenci\u00f3n patas de gallo<\/td><\/tr><tr><td><strong>5. Crema d\u00eda<\/strong><\/td><td>Nutritiva con SPF o separada<\/td><td>Nutrici\u00f3n + hidrataci\u00f3n<\/td><\/tr><tr><td><strong>6. SPF 50<\/strong><\/td><td>Amplio espectro<\/td><td>Protecci\u00f3n m\u00e1xima<\/td><\/tr><\/tbody><\/table><\/figure>\n\n\n\n<h4 class=\"wp-block-heading\">Rutina de Noche<\/h4>\n\n\n\n<figure class=\"wp-block-table\"><table><thead><tr><th>Paso<\/th><th>Producto<\/th><th>Detalles<\/th><\/tr><\/thead><tbody><tr><td><strong>1. Doble limpieza<\/strong><\/td><td>Aceite + espuma\/gel<\/td><td>Elimina todo<\/td><\/tr><tr><td><strong>2. Exfoliante<\/strong><\/td><td>AHA\/BHA\/enzimas (2-3x\/sem)<\/td><td>Renovaci\u00f3n celular<\/td><\/tr><tr><td><strong>3. T\u00f3nico<\/strong><\/td><td>Hidratante o calmante<\/td><td>Equilibra pH<\/td><\/tr><tr><td><strong>4. S\u00e9rum tratamiento<\/strong><\/td><td>Retinol 0.25-0.5% (empieza 2x\/sem)<\/td><td>Estimula col\u00e1geno<\/td><\/tr><tr><td><strong>5. Contorno ojos<\/strong><\/td><td>Reparador con p\u00e9ptidos<\/td><td>Zona delicada<\/td><\/tr><tr><td><strong>6. Crema noche<\/strong><\/td><td>Rica con ceramidas + p\u00e9ptidos<\/td><td>Regeneraci\u00f3n profunda<\/td><\/tr><tr><td><strong>7. Aceite facial<\/strong><\/td><td>Opcional, si piel muy seca<\/td><td>Sellador final<\/td><\/tr><\/tbody><\/table><\/figure>\n\n\n\n<p><strong>Importante sobre el retinol:<\/strong> Empezar despacio (2 noches\/semana), aumentar gradualmente. Usar solo de noche. SPF estricto de d\u00eda.<\/p>\n\n\n\n<hr class=\"wp-block-separator has-alpha-channel-opacity\"\/>\n\n\n\n<h2 class=\"wp-block-heading\">A\u00f1os 40 (40-49): Reafirmaci\u00f3n y Regeneraci\u00f3n<\/h2>\n\n\n\n<h3 class=\"wp-block-heading\">Los Retos de los 40<\/h3>\n\n\n\n<p>Esta d\u00e9cada marca un antes y un despu\u00e9s en el cuidado facial. Los cambios son m\u00e1s evidentes y requieren estrategias m\u00e1s intensivas.<\/p>\n\n\n\n<figure class=\"wp-block-table\"><table><thead><tr><th>Cambio<\/th><th>Impacto Visible<\/th><th>Necesidad<\/th><\/tr><\/thead><tbody><tr><td>\u2193 Col\u00e1geno (-30%)<\/td><td>Arrugas m\u00e1s marcadas<\/td><td>Estimulaci\u00f3n intensa<\/td><\/tr><tr><td>\u2193 Elastina (-40%)<\/td><td>P\u00e9rdida firmeza, flacidez<\/td><td>Reafirmantes potentes<\/td><\/tr><tr><td>\u2193 \u00c1cido hialur\u00f3nico<\/td><td>P\u00e9rdida volumen<\/td><td>Hidrataci\u00f3n multicapa<\/td><\/tr><tr><td>\u2193 Renovaci\u00f3n celular<\/td><td>Piel apagada, manchas<\/td><td>Exfoliaci\u00f3n regular<\/td><\/tr><tr><td>Cambios hormonales<\/td><td>Sequedad, sensibilidad<\/td><td>Nutrici\u00f3n profunda<\/td><\/tr><\/tbody><\/table><\/figure>\n\n\n\n<h3 class=\"wp-block-heading\">Pre-Menopausia y Menopausia<\/h3>\n\n\n\n<p><strong>Perimenopausia (normalmente 40-50 a\u00f1os):<\/strong><\/p>\n\n\n\n<ul>\n<li>Fluctuaciones hormonales<\/li>\n\n\n\n<li>Posible aparici\u00f3n brotes acn\u00e9 hormonal<\/li>\n\n\n\n<li>Aumento sensibilidad<\/li>\n\n\n\n<li>Primeros sofocos (pueden afectar piel)<\/li>\n<\/ul>\n\n\n\n<p><strong>Menopausia:<\/strong><\/p>\n\n\n\n<ul>\n<li>\u2193\u2193 Estr\u00f3genos = \u2193\u2193 col\u00e1geno y elastina<\/li>\n\n\n\n<li>Piel m\u00e1s fina y fr\u00e1gil<\/li>\n\n\n\n<li>Mayor sequedad<\/li>\n\n\n\n<li>P\u00e9rdida de densidad<\/li>\n<\/ul>\n\n\n\n<h3 class=\"wp-block-heading\">Ingredientes Potentes para los 40<\/h3>\n\n\n\n<figure class=\"wp-block-table\"><table><thead><tr><th>Ingrediente<\/th><th>Funci\u00f3n<\/th><th>Concentraci\u00f3n<\/th><\/tr><\/thead><tbody><tr><td><strong>Retinol<\/strong> (0.5-1%)<\/td><td>Anti-arrugas potente<\/td><td>Mayor concentraci\u00f3n<\/td><\/tr><tr><td><strong>Retinaldeh\u00eddo<\/strong><\/td><td>Alternativa retinol m\u00e1s suave<\/td><td>0.05-0.1%<\/td><\/tr><tr><td><strong>P\u00e9ptidos se\u00f1alizadores<\/strong><\/td><td>Estimulan col\u00e1geno\/elastina<\/td><td>5-10%<\/td><\/tr><tr><td><strong>Factores de crecimiento<\/strong><\/td><td>Regeneraci\u00f3n celular<\/td><td>Varios %<\/td><\/tr><tr><td><strong>\u00c1cido hialur\u00f3nico multi-peso<\/strong><\/td><td>Hidrataci\u00f3n profunda + superficie<\/td><td>1-3%<\/td><\/tr><tr><td><strong>Vitamina C<\/strong> (20%)<\/td><td>Antioxidante + manchas<\/td><td>Alta concentraci\u00f3n<\/td><\/tr><tr><td><strong>Bakuchiol<\/strong><\/td><td>\u00abRetinol natural\u00bb m\u00e1s suave<\/td><td>0.5-2%<\/td><\/tr><tr><td><strong>Resveratrol<\/strong><\/td><td>Antioxidante potente<\/td><td>1-2%<\/td><\/tr><tr><td><strong>Ceramidas + \u00e1cidos grasos<\/strong><\/td><td>Reparaci\u00f3n barrera<\/td><td>Varios %<\/td><\/tr><\/tbody><\/table><\/figure>\n\n\n\n<h3 class=\"wp-block-heading\">Rutina Facial A\u00f1os 40<\/h3>\n\n\n\n<h4 class=\"wp-block-heading\">Rutina de D\u00eda<\/h4>\n\n\n\n<figure class=\"wp-block-table\"><table><thead><tr><th>Paso<\/th><th>Producto<\/th><th>Detalles<\/th><\/tr><\/thead><tbody><tr><td><strong>1. Limpieza<\/strong><\/td><td>Leche cremosa o aceite<\/td><td>Limpieza nutritiva<\/td><\/tr><tr><td><strong>2. T\u00f3nico<\/strong><\/td><td>Esencia hidratante<\/td><td>Preparaci\u00f3n<\/td><\/tr><tr><td><strong>3. S\u00e9rum antioxidante<\/strong><\/td><td>Vitamina C 20% + E<\/td><td>Protecci\u00f3n + manchas<\/td><\/tr><tr><td><strong>4. S\u00e9rum reafirmante<\/strong><\/td><td>P\u00e9ptidos + factores crecimiento<\/td><td>Firmeza<\/td><\/tr><tr><td><strong>5. Contorno ojos<\/strong><\/td><td>Anti-edad con retinol o p\u00e9ptidos<\/td><td>Arrugas + ojeras<\/td><\/tr><tr><td><strong>6. Crema d\u00eda<\/strong><\/td><td>Reafirmante con SPF 50<\/td><td>Nutrici\u00f3n + protecci\u00f3n<\/td><\/tr><tr><td><strong>7. SPF 50<\/strong><\/td><td>Si crema no lo incluye<\/td><td>Imprescindible<\/td><\/tr><\/tbody><\/table><\/figure>\n\n\n\n<h4 class=\"wp-block-heading\">Rutina de Noche<\/h4>\n\n\n\n<figure class=\"wp-block-table\"><table><thead><tr><th>Paso<\/th><th>Producto<\/th><th>Detalles<\/th><\/tr><\/thead><tbody><tr><td><strong>1. Doble limpieza<\/strong><\/td><td>B\u00e1lsamo + leche<\/td><td>Profunda<\/td><\/tr><tr><td><strong>2. Exfoliante<\/strong><\/td><td>AHA\/retinol suave (3-4x\/sem)<\/td><td>Renovaci\u00f3n<\/td><\/tr><tr><td><strong>3. Esencia<\/strong><\/td><td>Hidratante fermentada<\/td><td>Preparaci\u00f3n<\/td><\/tr><tr><td><strong>4. S\u00e9rum tratamiento<\/strong><\/td><td>Retinol 0.5-1% o retinaldeh\u00eddo<\/td><td>Anti-edad potente<\/td><\/tr><tr><td><strong>5. S\u00e9rum hidratante<\/strong><\/td><td>\u00c1cido hialur\u00f3nico multi-peso<\/td><td>Volumen<\/td><\/tr><tr><td><strong>6. Contorno ojos<\/strong><\/td><td>Reparador intensivo<\/td><td>Zona delicada<\/td><\/tr><tr><td><strong>7. Crema noche<\/strong><\/td><td>Rica reafirmante con p\u00e9ptidos<\/td><td>Regeneraci\u00f3n<\/td><\/tr><tr><td><strong>8. Aceite facial<\/strong><\/td><td>Nutritivo (rosa mosqueta, arg\u00e1n)<\/td><td>Sellado<\/td><\/tr><\/tbody><\/table><\/figure>\n\n\n\n<p><strong>Tratamientos complementarios recomendados:<\/strong><\/p>\n\n\n\n<ul>\n<li>Peeling qu\u00edmico profesional (2-4x\/a\u00f1o)<\/li>\n\n\n\n<li>Mesoterapia vitam\u00ednica<\/li>\n\n\n\n<li>Radiofrecuencia facial<\/li>\n\n\n\n<li>Luz LED<\/li>\n\n\n\n<li>Microagujas con s\u00e9rum<\/li>\n<\/ul>\n\n\n\n<hr class=\"wp-block-separator has-alpha-channel-opacity\"\/>\n\n\n\n<h2 class=\"wp-block-heading\">A\u00f1os 50+ (50-60+): Hidrataci\u00f3n Extrema y Protecci\u00f3n<\/h2>\n\n\n\n<h3 class=\"wp-block-heading\">La Piel Madura: Nuevas Reglas<\/h3>\n\n\n\n<p>A partir de los 50, especialmente tras la menopausia, la piel experimenta cambios profundos que requieren un enfoque completamente diferente.<\/p>\n\n\n\n<h3 class=\"wp-block-heading\">Caracter\u00edsticas de la Piel 50+<\/h3>\n\n\n\n<figure class=\"wp-block-table\"><table><thead><tr><th>Caracter\u00edstica<\/th><th>Cambio<\/th><th>Consecuencia<\/th><\/tr><\/thead><tbody><tr><td><strong>Grosor d\u00e9rmico<\/strong><\/td><td>\u2193 20-30%<\/td><td>Piel m\u00e1s fina, fr\u00e1gil<\/td><\/tr><tr><td><strong>Producci\u00f3n sebo<\/strong><\/td><td>\u2193 50-60%<\/td><td>Sequedad extrema<\/td><\/tr><tr><td><strong>Col\u00e1geno<\/strong><\/td><td>\u2193 50%<\/td><td>Arrugas profundas<\/td><\/tr><tr><td><strong>Elastina<\/strong><\/td><td>\u2193 60%<\/td><td>Flacidez marcada<\/td><\/tr><tr><td><strong>Circulaci\u00f3n<\/strong><\/td><td>\u2193 30%<\/td><td>Tono apagado<\/td><\/tr><tr><td><strong>Barrera cut\u00e1nea<\/strong><\/td><td>Debilitada<\/td><td>Sensibilidad, rojez<\/td><\/tr><\/tbody><\/table><\/figure>\n\n\n\n<h3 class=\"wp-block-heading\">Prioridades Absolutas 50+<\/h3>\n\n\n\n<ol>\n<li><strong>Hidrataci\u00f3n extrema<\/strong> &#8211; Retener agua en piel<\/li>\n\n\n\n<li><strong>Nutrici\u00f3n lip\u00eddica<\/strong> &#8211; Aportar grasas esenciales<\/li>\n\n\n\n<li><strong>Protecci\u00f3n barrera<\/strong> &#8211; Evitar irritaciones<\/li>\n\n\n\n<li><strong>Estimulaci\u00f3n suave<\/strong> &#8211; Regeneraci\u00f3n sin agresi\u00f3n<\/li>\n\n\n\n<li><strong>Protecci\u00f3n solar estricta<\/strong> &#8211; Prevenir m\u00e1s da\u00f1o<\/li>\n<\/ol>\n\n\n\n<h3 class=\"wp-block-heading\">Ingredientes Esenciales 50+<\/h3>\n\n\n\n<figure class=\"wp-block-table\"><table><thead><tr><th>Ingrediente<\/th><th>Funci\u00f3n<\/th><th>Por Qu\u00e9 Es Cr\u00edtico<\/th><\/tr><\/thead><tbody><tr><td><strong>\u00c1cido hialur\u00f3nico<\/strong> (alto y bajo peso)<\/td><td>Hidrataci\u00f3n profunda<\/td><td>Retiene hasta x1000 su peso en agua<\/td><\/tr><tr><td><strong>Ceramidas<\/strong><\/td><td>Repara barrera<\/td><td>Evita p\u00e9rdida agua transepid\u00e9rmica<\/td><\/tr><tr><td><strong>\u00c1cidos grasos esenciales<\/strong><\/td><td>Nutrici\u00f3n profunda<\/td><td>Restaura pel\u00edcula lip\u00eddica<\/td><\/tr><tr><td><strong>P\u00e9ptidos maduros<\/strong><\/td><td>Reafirmante<\/td><td>Estimulan col\u00e1geno residual<\/td><\/tr><tr><td><strong>Retinaldeh\u00eddo\/Bakuchiol<\/strong><\/td><td>Anti-edad suave<\/td><td>Alternativas menos irritantes al retinol<\/td><\/tr><tr><td><strong>Vitamina C estabilizada<\/strong><\/td><td>Iluminador + antioxidante<\/td><td>Combate manchas de edad<\/td><\/tr><tr><td><strong>Coenzima Q10<\/strong><\/td><td>Energ\u00eda celular<\/td><td>Revitaliza c\u00e9lulas<\/td><\/tr><tr><td><strong>Niacinamida<\/strong><\/td><td>Multifuncional<\/td><td>Mejora barrera + manchas<\/td><\/tr><tr><td><strong>Extractos vegetales calmantes<\/strong><\/td><td>Anti-rojez<\/td><td>Sensibilidad com\u00fan<\/td><\/tr><\/tbody><\/table><\/figure>\n\n\n\n<h3 class=\"wp-block-heading\">Rutina Facial 50+<\/h3>\n\n\n\n<h4 class=\"wp-block-heading\">Rutina de D\u00eda<\/h4>\n\n\n\n<figure class=\"wp-block-table\"><table><thead><tr><th>Paso<\/th><th>Producto<\/th><th>Detalles<\/th><\/tr><\/thead><tbody><tr><td><strong>1. Limpieza<\/strong><\/td><td>Leche o b\u00e1lsamo ultra-nutritivo<\/td><td>NO resecar<\/td><\/tr><tr><td><strong>2. Esencia<\/strong><\/td><td>Hidratante fermentada<\/td><td>Preparaci\u00f3n profunda<\/td><\/tr><tr><td><strong>3. S\u00e9rum hidratante<\/strong><\/td><td>\u00c1cido hialur\u00f3nico concentrado<\/td><td>Hidrataci\u00f3n base<\/td><\/tr><tr><td><strong>4. S\u00e9rum reafirmante<\/strong><\/td><td>P\u00e9ptidos + factores crecimiento<\/td><td>Firmeza<\/td><\/tr><tr><td><strong>5. Contorno ojos<\/strong><\/td><td>Ultra-nutritivo anti-edad<\/td><td>Arrugas profundas<\/td><\/tr><tr><td><strong>6. Crema d\u00eda<\/strong><\/td><td>Rica reafirmante con SPF 50<\/td><td>Nutrici\u00f3n + protecci\u00f3n<\/td><\/tr><tr><td><strong>7. SPF 50<\/strong><\/td><td>Si no incluido en crema<\/td><td>OBLIGATORIO<\/td><\/tr><tr><td><strong>8. Aceite facial<\/strong><\/td><td>Opcional si muy seca<\/td><td>Extra nutrici\u00f3n<\/td><\/tr><\/tbody><\/table><\/figure>\n\n\n\n<h4 class=\"wp-block-heading\">Rutina de Noche<\/h4>\n\n\n\n<figure class=\"wp-block-table\"><table><thead><tr><th>Paso<\/th><th>Producto<\/th><th>Detalles<\/th><\/tr><\/thead><tbody><tr><td><strong>1. Limpieza<\/strong><\/td><td>B\u00e1lsamo o aceite + leche<\/td><td>Doble limpieza suave<\/td><\/tr><tr><td><strong>2. Exfoliante<\/strong><\/td><td>Enzim\u00e1tico suave (2x\/semana)<\/td><td>Renovaci\u00f3n sin irritar<\/td><\/tr><tr><td><strong>3. Esencia<\/strong><\/td><td>Reparadora anti-edad<\/td><td>Preparaci\u00f3n<\/td><\/tr><tr><td><strong>4. S\u00e9rum tratamiento<\/strong><\/td><td>Retinaldeh\u00eddo o bakuchiol<\/td><td>Anti-edad tolerado<\/td><\/tr><tr><td><strong>5. S\u00e9rum hidratante<\/strong><\/td><td>\u00c1cido hialur\u00f3nico multi-peso<\/td><td>Rellenar<\/td><\/tr><tr><td><strong>6. Contorno ojos<\/strong><\/td><td>Reparador profundo<\/td><td>Zona m\u00e1s fr\u00e1gil<\/td><\/tr><tr><td><strong>7. Crema noche<\/strong><\/td><td>Ultra-rica con ceramidas<\/td><td>Regeneraci\u00f3n intensa<\/td><\/tr><tr><td><strong>8. Aceite facial<\/strong><\/td><td>Rosa mosqueta o arg\u00e1n<\/td><td>Sellado nutritivo<\/td><\/tr><tr><td><strong>9. B\u00e1lsamo<\/strong><\/td><td>Opcional zonas muy secas<\/td><td>Extra confort<\/td><\/tr><\/tbody><\/table><\/figure>\n\n\n\n<h3 class=\"wp-block-heading\">Cuidados Especiales 50+<\/h3>\n\n\n\n<p><strong>Prevenci\u00f3n de lesiones cut\u00e1neas:<\/strong><\/p>\n\n\n\n<ul>\n<li>Piel m\u00e1s fina = m\u00e1s fr\u00e1gil a roces, golpes<\/li>\n\n\n\n<li>Usar ropa suave, evitar tejidos \u00e1speros<\/li>\n\n\n\n<li>Cuidado con zapatos que rocen<\/li>\n\n\n\n<li>Hidratar manos y pies intensivamente<\/li>\n\n\n\n<li>Protecci\u00f3n solar en manos (zona olvidada)<\/li>\n<\/ul>\n\n\n\n<p><strong>Manchas de edad (lentigos solares):<\/strong><\/p>\n\n\n\n<ul>\n<li>Vitamina C diaria<\/li>\n\n\n\n<li>Tratamientos despigmentantes espec\u00edficos<\/li>\n\n\n\n<li>Peeling qu\u00edmico profesional<\/li>\n\n\n\n<li>L\u00e1ser\/luz pulsada intensa (IPL)<\/li>\n\n\n\n<li>SPF 50 religiosamente<\/li>\n<\/ul>\n\n\n\n<hr class=\"wp-block-separator has-alpha-channel-opacity\"\/>\n\n\n\n<h2 class=\"wp-block-heading\">Ingredientes Estrella por D\u00e9cada: Tabla Maestra<\/h2>\n\n\n\n<figure class=\"wp-block-image size-full\"><a href=\"https:\/\/www.koken.es\/blog\/wp-content\/uploads\/2026\/01\/infografia-signos-envejecimiento-ingredientes-solucion-por-edad-cuidado-facial-1.jpg\"><img decoding=\"async\" loading=\"lazy\" width=\"1024\" height=\"1024\" src=\"https:\/\/www.koken.es\/blog\/wp-content\/uploads\/2026\/01\/infografia-signos-envejecimiento-ingredientes-solucion-por-edad-cuidado-facial-1.jpg\" alt=\"\" class=\"wp-image-2864\" srcset=\"https:\/\/www.koken.es\/blog\/wp-content\/uploads\/2026\/01\/infografia-signos-envejecimiento-ingredientes-solucion-por-edad-cuidado-facial-1.jpg 1024w, https:\/\/www.koken.es\/blog\/wp-content\/uploads\/2026\/01\/infografia-signos-envejecimiento-ingredientes-solucion-por-edad-cuidado-facial-1-300x300.jpg 300w, https:\/\/www.koken.es\/blog\/wp-content\/uploads\/2026\/01\/infografia-signos-envejecimiento-ingredientes-solucion-por-edad-cuidado-facial-1-150x150.jpg 150w, https:\/\/www.koken.es\/blog\/wp-content\/uploads\/2026\/01\/infografia-signos-envejecimiento-ingredientes-solucion-por-edad-cuidado-facial-1-768x768.jpg 768w\" sizes=\"(max-width: 1024px) 100vw, 1024px\" \/><\/a><\/figure>\n\n\n\n<p>Esta infograf\u00eda es tu mapa de ruta visual: cada signo de envejecimiento tiene su ingrediente soluci\u00f3n. No necesitas todos a la vez, solo los que corresponden a tu edad actual.<\/p>\n\n\n\n<figure class=\"wp-block-table\"><table><thead><tr><th>Edad<\/th><th>Ingredientes Clave<\/th><th>Funci\u00f3n Principal<\/th><th>Concentraci\u00f3n<\/th><\/tr><\/thead><tbody><tr><td><strong>0-12<\/strong><\/td><td>Glicerina, manteca karit\u00e9, pantenol<\/td><td>Hidrataci\u00f3n + protecci\u00f3n<\/td><td>Suave<\/td><\/tr><tr><td><strong>13-19<\/strong><\/td><td>\u00c1cido salic\u00edlico, niacinamida, \u00e1rbol t\u00e9<\/td><td>Control sebo + acn\u00e9<\/td><td>0.5-2%<\/td><\/tr><tr><td><strong>20-29<\/strong><\/td><td>Vitamina C, \u00e1cido hialur\u00f3nico, SPF<\/td><td>Prevenci\u00f3n + antioxidantes<\/td><td>10-15% Vit C<\/td><\/tr><tr><td><strong>30-39<\/strong><\/td><td>Retinol, p\u00e9ptidos, vitamina C+E<\/td><td>Estimulaci\u00f3n col\u00e1geno<\/td><td>0.25-0.5% retinol<\/td><\/tr><tr><td><strong>40-49<\/strong><\/td><td>Retinol potente, p\u00e9ptidos avanzados, AHA<\/td><td>Reafirmaci\u00f3n intensa<\/td><td>0.5-1% retinol<\/td><\/tr><tr><td><strong>50+<\/strong><\/td><td>\u00c1cido hialur\u00f3nico, ceramidas, retinaldeh\u00eddo<\/td><td>Hidrataci\u00f3n + nutrici\u00f3n<\/td><td>M\u00faltiple<\/td><\/tr><\/tbody><\/table><\/figure>\n\n\n\n<hr class=\"wp-block-separator has-alpha-channel-opacity\"\/>\n\n\n\n<h2 class=\"wp-block-heading\">M\u00e1s All\u00e1 de las Cremas: H\u00e1bitos para una Piel Sana<\/h2>\n\n\n\n<h3 class=\"wp-block-heading\">Los 7 Pilares de la Piel Saludable<\/h3>\n\n\n\n<figure class=\"wp-block-table\"><table><thead><tr><th>Pilar<\/th><th>Acci\u00f3n<\/th><th>Impacto en Piel<\/th><\/tr><\/thead><tbody><tr><td><strong>1. Hidrataci\u00f3n interna<\/strong><\/td><td>Beber 2-3L agua\/d\u00eda<\/td><td>Hidrataci\u00f3n desde dentro<\/td><\/tr><tr><td><strong>2. Nutrici\u00f3n<\/strong><\/td><td>Dieta rica en antioxidantes<\/td><td>Protecci\u00f3n celular<\/td><\/tr><tr><td><strong>3. Sue\u00f1o<\/strong><\/td><td>7-9 horas calidad<\/td><td>Regeneraci\u00f3n nocturna<\/td><\/tr><tr><td><strong>4. Ejercicio<\/strong><\/td><td>150 min\/semana<\/td><td>Mejor circulaci\u00f3n<\/td><\/tr><tr><td><strong>5. Protecci\u00f3n solar<\/strong><\/td><td>SPF 50 diario<\/td><td>Previene 80% envejecimiento<\/td><\/tr><tr><td><strong>6. No fumar<\/strong><\/td><td>Evitar tabaco<\/td><td>Oxigenaci\u00f3n celular<\/td><\/tr><tr><td><strong>7. Gesti\u00f3n estr\u00e9s<\/strong><\/td><td>T\u00e9cnicas relajaci\u00f3n<\/td><td>Reduce cortisol (pro-envejecimiento)<\/td><\/tr><\/tbody><\/table><\/figure>\n\n\n\n<h3 class=\"wp-block-heading\">Alimentos para la Piel<\/h3>\n\n\n\n<p><strong>Nutrientes estrella:<\/strong><\/p>\n\n\n\n<figure class=\"wp-block-table\"><table><thead><tr><th>Nutriente<\/th><th>Alimento<\/th><th>Beneficio Piel<\/th><\/tr><\/thead><tbody><tr><td><strong>Vitamina C<\/strong><\/td><td>C\u00edtricos, kiwi, pimientos<\/td><td>Col\u00e1geno + antioxidante<\/td><\/tr><tr><td><strong>Vitamina E<\/strong><\/td><td>Frutos secos, aguacate<\/td><td>Protecci\u00f3n membranas<\/td><\/tr><tr><td><strong>Omega-3<\/strong><\/td><td>Pescado azul, nueces, ch\u00eda<\/td><td>Antiinflamatorio<\/td><\/tr><tr><td><strong>Carotenoides<\/strong><\/td><td>Zanahoria, tomate, calabaza<\/td><td>Protecci\u00f3n solar interna<\/td><\/tr><tr><td><strong>Zinc<\/strong><\/td><td>Ostras, carne, legumbres<\/td><td>Regeneraci\u00f3n celular<\/td><\/tr><tr><td><strong>Selenio<\/strong><\/td><td>Nueces de Brasil<\/td><td>Antioxidante<\/td><\/tr><tr><td><strong>Col\u00e1geno<\/strong><\/td><td>Caldo de huesos, gelatina<\/td><td>Estructura piel<\/td><\/tr><\/tbody><\/table><\/figure>\n\n\n\n<hr class=\"wp-block-separator has-alpha-channel-opacity\"\/>\n\n\n\n<h2 class=\"wp-block-heading\">Conexi\u00f3n con Cuidado Profesional: Productos Koken<\/h2>\n\n\n\n<h3 class=\"wp-block-heading\">Cosm\u00e9tica Profesional para Cada Edad<\/h3>\n\n\n\n<p>As\u00ed como el cuidado facial evoluciona con la edad, contar con productos profesionales de calidad marca una diferencia significativa en los resultados. <strong>Koken<\/strong> ofrece l\u00edneas de cosm\u00e9tica profesional dise\u00f1adas para cada necesidad:<\/p>\n\n\n\n<p><strong><a href=\"https:\/\/www.koken.es\/cosmetica\/facial\/\" title=\"\">Cosm\u00e9tica Facial Koken<\/a><\/strong> &#8211; Tratamientos profesionales para limpieza, hidrataci\u00f3n y anti-edad adaptados a cada tipo de piel y edad.<\/p>\n\n\n\n<p><strong><a href=\"https:\/\/www.koken.es\/cosmetica\/corporal\/\" title=\"\">Cosm\u00e9tica Corporal Koken<\/a><\/strong> &#8211; Porque el cuidado no se limita al rostro: hidrataci\u00f3n, reafirmaci\u00f3n y tratamientos corporales profesionales.<\/p>\n\n\n\n<p><strong><a href=\"https:\/\/www.koken.es\/\">Productos Profesionales Koken<\/a><\/strong> &#8211; Calidad profesional para centros de est\u00e9tica que buscan resultados visibles y duraderos.<\/p>\n\n\n\n<hr class=\"wp-block-separator has-alpha-channel-opacity\"\/>\n\n\n\n<h2 class=\"wp-block-heading\">Errores Comunes por Edad<\/h2>\n\n\n\n<h3 class=\"wp-block-heading\">Errores Adolescentes<\/h3>\n\n\n\n<figure class=\"wp-block-table\"><table><thead><tr><th>Error<\/th><th>Consecuencia<\/th><th>Correcci\u00f3n<\/th><\/tr><\/thead><tbody><tr><td>Limpiar en exceso<\/td><td>Efecto rebote: m\u00e1s grasa<\/td><td>Limpieza 2x\/d\u00eda suave<\/td><\/tr><tr><td>Usar productos adultos muy activos<\/td><td>Irritaci\u00f3n<\/td><td>Productos espec\u00edficos edad<\/td><\/tr><tr><td>Exprimir granos<\/td><td>Cicatrices, infecci\u00f3n<\/td><td>Tratamiento local profesional<\/td><\/tr><tr><td>No hidratar piel grasa<\/td><td>Parad\u00f3jicamente, m\u00e1s grasa<\/td><td>Hidratante oil-free<\/td><\/tr><\/tbody><\/table><\/figure>\n\n\n\n<h3 class=\"wp-block-heading\">Errores 20s<\/h3>\n\n\n\n<figure class=\"wp-block-table\"><table><thead><tr><th>Error<\/th><th>Consecuencia<\/th><th>Correcci\u00f3n<\/th><\/tr><\/thead><tbody><tr><td>No usar SPF<\/td><td>Da\u00f1o acumulativo irreversible<\/td><td>SPF 30-50 diario<\/td><\/tr><tr><td>Dormir con maquillaje<\/td><td>Envejecimiento prematuro<\/td><td>Doble limpieza nocturna<\/td><\/tr><tr><td>Productos demasiado agresivos<\/td><td>Sensibilizaci\u00f3n<\/td><td>Activos preventivos suaves<\/td><\/tr><\/tbody><\/table><\/figure>\n\n\n\n<h3 class=\"wp-block-heading\">Errores 30s-40s<\/h3>\n\n\n\n<figure class=\"wp-block-table\"><table><thead><tr><th>Error<\/th><th>Consecuencia<\/th><th>Correcci\u00f3n<\/th><\/tr><\/thead><tbody><tr><td>Usar misma rutina de los 20<\/td><td>Resultados insuficientes<\/td><td>Actualizar a anti-edad<\/td><\/tr><tr><td>Retinol sin preparaci\u00f3n<\/td><td>Irritaci\u00f3n, abandono<\/td><td>Empezar despacio, aumentar<\/td><\/tr><tr><td>Olvidar cuello y escote<\/td><td>Envejecimiento desigual<\/td><td>Aplicar todo hasta escote<\/td><\/tr><\/tbody><\/table><\/figure>\n\n\n\n<h3 class=\"wp-block-heading\">Errores 50+<\/h3>\n\n\n\n<figure class=\"wp-block-table\"><table><thead><tr><th>Error<\/th><th>Consecuencia<\/th><th>Correcci\u00f3n<\/th><\/tr><\/thead><tbody><tr><td>Productos demasiado agresivos<\/td><td>Irritaci\u00f3n, da\u00f1o barrera<\/td><td>Priorizar nutrici\u00f3n sobre potencia<\/td><\/tr><tr><td>Exfoliaci\u00f3n excesiva<\/td><td>Sensibilidad extrema<\/td><td>Exfoliaci\u00f3n suave 1-2x\/semana<\/td><\/tr><tr><td>Ignorar protecci\u00f3n solar<\/td><td>Manchas de edad<\/td><td>SPF 50 + sombreros<\/td><\/tr><\/tbody><\/table><\/figure>\n\n\n\n<hr class=\"wp-block-separator has-alpha-channel-opacity\"\/>\n\n\n\n<h2 class=\"wp-block-heading\">Gu\u00eda R\u00e1pida: \u00bfQu\u00e9 Crema Necesito?<\/h2>\n\n\n\n<h3 class=\"wp-block-heading\">Encuentra Tu Rutina en 60 Segundos<\/h3>\n\n\n\n<p><strong>Tengo entre 0-12 a\u00f1os:<\/strong> \u2192 Crema hidratante beb\u00e9\/ni\u00f1o + SPF 50 mineral<\/p>\n\n\n\n<p><strong>Tengo entre 13-19 a\u00f1os + piel grasa\/acn\u00e9:<\/strong> \u2192 Limpiador \u00e1cido salic\u00edlico + crema oil-free + SPF<\/p>\n\n\n\n<p><strong>Tengo entre 13-19 a\u00f1os + piel seca:<\/strong> \u2192 Limpiador suave + crema rica + SPF<\/p>\n\n\n\n<p><strong>Tengo entre 20-29 a\u00f1os:<\/strong> \u2192 Vitamina C (d\u00eda) + hidratante + SPF \/ Niacinamida (noche)<\/p>\n\n\n\n<p><strong>Tengo entre 30-39 a\u00f1os:<\/strong> \u2192 Vitamina C + nutritiva + SPF (d\u00eda) \/ Retinol 0.3-0.5% (noche)<\/p>\n\n\n\n<p><strong>Tengo entre 40-49 a\u00f1os:<\/strong> \u2192 Antioxidantes + reafirmante + SPF 50 (d\u00eda) \/ Retinol 0.5-1% + regeneradora (noche)<\/p>\n\n\n\n<p><strong>Tengo 50+ a\u00f1os:<\/strong> \u2192 S\u00e9rum hidratante + reafirmante rica + SPF 50 (d\u00eda) \/ Retinaldeh\u00eddo + ultra-nutritiva (noche)<\/p>\n\n\n\n<hr class=\"wp-block-separator has-alpha-channel-opacity\"\/>\n\n\n\n<h2 class=\"wp-block-heading\">Preguntas Frecuentes<\/h2>\n\n\n\n<figure class=\"wp-block-table\"><table><thead><tr><th>Pregunta<\/th><th>Respuesta<\/th><\/tr><\/thead><tbody><tr><td><strong>\u00bfA qu\u00e9 edad empezar con crema anti-edad?<\/strong><\/td><td>25 a\u00f1os con prevenci\u00f3n ligera (antioxidantes). Retinol a partir 30 a\u00f1os.<\/td><\/tr><tr><td><strong>\u00bfPuedo usar la crema de mi madre si soy m\u00e1s joven?<\/strong><\/td><td>No recomendable. F\u00f3rmulas muy ricas pueden saturar piel joven y causar brotes.<\/td><\/tr><tr><td><strong>\u00bfNecesito crema si tengo piel grasa?<\/strong><\/td><td>S\u00cd. Piel grasa tambi\u00e9n puede estar deshidratada. Usar oil-free.<\/td><\/tr><tr><td><strong>\u00bfLa crema cara sirve para el cuerpo?<\/strong><\/td><td>T\u00e9cnicamente s\u00ed, pero es antiecon\u00f3mico. Cremas corporales est\u00e1n formuladas para piel m\u00e1s gruesa.<\/td><\/tr><tr><td><strong>\u00bfCu\u00e1nto producto aplicar?<\/strong><\/td><td>Tama\u00f1o guisante para rostro. Dos dedos para cuello y escote.<\/td><\/tr><tr><td><strong>\u00bfCrema de d\u00eda y noche o solo una?<\/strong><\/td><td>Idealmente ambas. D\u00eda: protecci\u00f3n. Noche: regeneraci\u00f3n. Si solo una, priorizar rutina noche.<\/td><\/tr><tr><td><strong>\u00bfFuncionan las cremas \u00abmilagro\u00bb?<\/strong><\/td><td>No existen milagros. Resultados visibles requieren ingredientes activos + constancia 8-12 semanas.<\/td><\/tr><tr><td><strong>\u00bfPuedo empezar retinol si nunca lo us\u00e9?<\/strong><\/td><td>S\u00ed, pero empezar concentraci\u00f3n baja (0.25%) 2 noches\/semana. Aumentar gradualmente.<\/td><\/tr><\/tbody><\/table><\/figure>\n\n\n\n<hr class=\"wp-block-separator has-alpha-channel-opacity\"\/>\n\n\n\n<h2 class=\"wp-block-heading\">Invierte en tu Piel, Invierte en tu Futuro<\/h2>\n\n\n\n<p>La piel es el \u00f3rgano m\u00e1s grande de tu cuerpo y la primera barrera de protecci\u00f3n contra el mundo exterior. Cuidarla no es vanidad, es salud. Cada edad presenta desaf\u00edos \u00fanicos, y entender qu\u00e9 necesita tu piel en cada momento es la clave para mantenerla sana, radiante y resiliente durante toda tu vida.<\/p>\n\n\n\n<h3 class=\"wp-block-heading\">Los 5 Mensajes Clave<\/h3>\n\n\n\n<ol>\n<li><strong>Prevenir es 10 veces m\u00e1s efectivo que corregir<\/strong> &#8211; Empieza temprano<\/li>\n\n\n\n<li><strong>La protecci\u00f3n solar es el mejor anti-edad<\/strong> &#8211; SPF diario no negociable<\/li>\n\n\n\n<li><strong>La constancia supera a la perfecci\u00f3n<\/strong> &#8211; Rutina simple pero diaria<\/li>\n\n\n\n<li><strong>Los ingredientes activos importan m\u00e1s que la marca<\/strong> &#8211; Lee etiquetas<\/li>\n\n\n\n<li><strong>La piel refleja tu estilo de vida<\/strong> &#8211; Hidrataci\u00f3n, nutrici\u00f3n, sue\u00f1o<\/li>\n<\/ol>\n\n\n\n<h3 class=\"wp-block-heading\">Tu Pr\u00f3ximo Paso<\/h3>\n\n\n\n<ol>\n<li>Identifica tu grupo de edad<\/li>\n\n\n\n<li>Eval\u00faa tu tipo de piel actual<\/li>\n\n\n\n<li>Construye tu rutina b\u00e1sica (limpieza + hidrataci\u00f3n + SPF)<\/li>\n\n\n\n<li>A\u00f1ade activos espec\u00edficos seg\u00fan tus necesidades<\/li>\n\n\n\n<li>S\u00e9 constante m\u00ednimo 8-12 semanas para ver resultados<\/li>\n<\/ol>\n\n\n\n<p><strong>Recuerda:<\/strong> Tu piel de hoy es el resultado de lo que hiciste hace 10 a\u00f1os. Tu piel de dentro de 10 a\u00f1os ser\u00e1 el resultado de lo que hagas hoy.<\/p>\n\n\n\n<p>Para tratamientos profesionales y productos de calidad dermatol\u00f3gica, descubre la l\u00ednea completa de <a href=\"https:\/\/www.koken.es\/\">cosm\u00e9tica profesional Koken<\/a>.<\/p>\n\n\n\n<p><strong>Tu piel es para toda la vida. Cu\u00eddala en cada etapa.<\/strong> \u2728<\/p>\n","protected":false},"excerpt":{"rendered":"<p>El cuidado de la piel no es un concepto \u00fanico e inmutable. Al igual que nuestro cuerpo evoluciona con los a\u00f1os, las necesidades de nuestra piel cambian en cada d\u00e9cada de nuestra vida. Desde la tierna infancia hasta la madurez &hellip; <a href=\"https:\/\/www.koken.es\/blog\/crema-facial-cada-edad-guia-completa\/\" class=\"more-link\">Sigue leyendo <span class=\"meta-nav\">&rarr;<\/span><\/a><\/p>\n","protected":false},"author":2,"featured_media":2863,"comment_status":"open","ping_status":"closed","sticky":false,"template":"","format":"standard","meta":{"om_disable_all_campaigns":false,"_mi_skip_tracking":false,"_monsterinsights_sitenote_active":false,"_monsterinsights_sitenote_note":"","_monsterinsights_sitenote_category":0},"categories":[5,8],"tags":[251,209,246,245,30,247,252,249,250,248],"aioseo_notices":[],"_links":{"self":[{"href":"https:\/\/www.koken.es\/blog\/wp-json\/wp\/v2\/posts\/182"}],"collection":[{"href":"https:\/\/www.koken.es\/blog\/wp-json\/wp\/v2\/posts"}],"about":[{"href":"https:\/\/www.koken.es\/blog\/wp-json\/wp\/v2\/types\/post"}],"author":[{"embeddable":true,"href":"https:\/\/www.koken.es\/blog\/wp-json\/wp\/v2\/users\/2"}],"replies":[{"embeddable":true,"href":"https:\/\/www.koken.es\/blog\/wp-json\/wp\/v2\/comments?post=182"}],"version-history":[{"count":4,"href":"https:\/\/www.koken.es\/blog\/wp-json\/wp\/v2\/posts\/182\/revisions"}],"predecessor-version":[{"id":3901,"href":"https:\/\/www.koken.es\/blog\/wp-json\/wp\/v2\/posts\/182\/revisions\/3901"}],"wp:featuredmedia":[{"embeddable":true,"href":"https:\/\/www.koken.es\/blog\/wp-json\/wp\/v2\/media\/2863"}],"wp:attachment":[{"href":"https:\/\/www.koken.es\/blog\/wp-json\/wp\/v2\/media?parent=182"}],"wp:term":[{"taxonomy":"category","embeddable":true,"href":"https:\/\/www.koken.es\/blog\/wp-json\/wp\/v2\/categories?post=182"},{"taxonomy":"post_tag","embeddable":true,"href":"https:\/\/www.koken.es\/blog\/wp-json\/wp\/v2\/tags?post=182"}],"curies":[{"name":"wp","href":"https:\/\/api.w.org\/{rel}","templated":true}]}}