{"id":2325,"date":"2022-04-19T08:58:47","date_gmt":"2022-04-19T08:58:47","guid":{"rendered":"https:\/\/www.koken.es\/blog\/?p=2325"},"modified":"2022-04-29T12:22:59","modified_gmt":"2022-04-29T12:22:59","slug":"como-reducir-la-celulitis","status":"publish","type":"post","link":"https:\/\/www.koken.es\/blog\/como-reducir-la-celulitis\/","title":{"rendered":"\u00bfC\u00f3mo reducir la celulitis antes del verano?"},"content":{"rendered":"<p>En este art\u00edculo te hablaremos sobre<strong> c\u00f3mo reducir la celulitis antes de verano<\/strong>. La celulitis es un problema cosm\u00e9tico frecuente de la piel que afecta tanto a hombres como a mujeres. Es causada por la estructura debajo de la piel, no por la piel misma.<\/p>\n<p>Hay bolsas de grasa debajo de la piel que empujan entre las bandas de tejido. Como resultado, la piel se vuelve \u00e1spera y grumosa. La celulitis puede aparecer m\u00e1s com\u00fanmente en el abdomen, las caderas, las piernas y los gl\u00fateos.<\/p>\n<p>Para eliminarla solo hay que emplear el <a href=\"https:\/\/www.koken.es\/cosmetica\/corporal\/\">cosm\u00e9tico corporal<\/a> adecuado. Te contamos a continuaci\u00f3n cu\u00e1l es tu mejor opci\u00f3n para reducir la celulitis.<\/p>\n<p><img decoding=\"async\" loading=\"lazy\" class=\"alignnone size-full wp-image-2332\" src=\"https:\/\/www.koken.es\/blog\/wp-content\/uploads\/2022\/04\/celulitis-reducir.jpg\" alt=\"C\u00f3mo reducir la celulitis\" width=\"1080\" height=\"1080\" srcset=\"https:\/\/www.koken.es\/blog\/wp-content\/uploads\/2022\/04\/celulitis-reducir.jpg 1080w, https:\/\/www.koken.es\/blog\/wp-content\/uploads\/2022\/04\/celulitis-reducir-150x150.jpg 150w, https:\/\/www.koken.es\/blog\/wp-content\/uploads\/2022\/04\/celulitis-reducir-300x300.jpg 300w, https:\/\/www.koken.es\/blog\/wp-content\/uploads\/2022\/04\/celulitis-reducir-768x768.jpg 768w, https:\/\/www.koken.es\/blog\/wp-content\/uploads\/2022\/04\/celulitis-reducir-1024x1024.jpg 1024w\" sizes=\"(max-width: 1080px) 100vw, 1080px\" \/><\/p>\n<h2><strong>\u00bfPor qu\u00e9 aparece la celulitis?<\/strong><\/h2>\n<p>El desarrollo de la celulitis puede tener su origen en factores gen\u00e9ticos. Los genes pueden incrementar la velocidad del metabolismo de una persona, los niveles circulatorios y la distribuci\u00f3n de grasa debajo de la piel.<\/p>\n<p>Adem\u00e1s, el desequilibrio hormonal interviene en la descomposici\u00f3n y el almacenamiento de grasas, lo que puede favorecer la formaci\u00f3n de la celulitis. Incluso una mala alimentaci\u00f3n, incluyendo el consumo de alcohol y las comidas picantes, tambi\u00e9n pueden contribuir con su aparici\u00f3n.<\/p>\n<h2><strong>\u00bfC\u00f3mo reducir la celulitis antes del verano?<\/strong><\/h2>\n<p>Una de las formas m\u00e1s eficaces de reducir la celulitis antes de verano es utilizar la<a href=\"https:\/\/www.koken.es\/cosmetica\/crema-anticelulitica-active-efecto-frio-calor.html\"> <strong>crema anticelul\u00edtica ACTIVE + Efecto Fr\u00edo-Calor<\/strong>.<\/a> Esta es una crema para reducir la celulitis, que puedes usar en todas partes del cuerpo. Su potente efecto fr\u00edo y calor te ayudar\u00e1 a combatir la piel de naranja y estar preparada para el verano.<\/p>\n<p>Esta crema est\u00e1 formulada con inhibidores, los cuales impiden la acumulaci\u00f3n de grasa en las c\u00e9lulas. Adicionalmente, la crema anticelul\u00edtica acelera el metabolismo y al mismo tiempo activa la circulaci\u00f3n en la zona afectada.<\/p>\n<p>Al hacer todo esto, la crema drena la retenci\u00f3n de l\u00edquidos. Y eso no es todo, la crema anticelul\u00edtica contiene extractos vegetales de algas, adem\u00e1s de cola de caballo, hiedra, y centella asi\u00e1tica.<\/p>\n<p>Gracias a todos estos ingredientes naturales, la crema te aporta propiedades t\u00f3nicas, emolientes y descongestivas.<\/p>\n<p>&nbsp;<\/p>\n<div class=\"productos\">\n<div class=\"columna\"><a href=\"https:\/\/www.koken.es\/cosmetica\/crema-anticelulitica-250-ml.html\" target=\"_blank\" rel=\"noopener\"><img decoding=\"async\" src=\"https:\/\/www.koken.es\/redimensionar.php?im=1252.png\" alt=\"Crema anticelul\u00edtica 250 ml\" \/><br \/>\n<\/a><!-- Nombre del producto --><\/p>\n<div class=\"descripcion\">\n<h3><a href=\"https:\/\/www.koken.es\/cosmetica\/crema-anticelulitica-250-ml.html\" rel=\"noopener\">Crema anticelul\u00edtica 250 ml<\/a><\/h3>\n<p><!-- Precio del producto --><\/p>\n<div class=\"precio\">6.90 \u20ac<\/div>\n<\/div>\n<p><!-- Bot\u00f3n que dirige a la p\u00e1gina del producto --><br \/>\n<a class=\"btn\" href=\"https:\/\/www.koken.es\/cosmetica\/crema-anticelulitica-250-ml.html\" target=\"_blank\" rel=\"noopener\">Comprar<\/a><\/p>\n<\/div>\n<p><!-- - - - Producto - - - --><\/p>\n<div class=\"columna\"><!-- Imagen del producto --><br \/>\n<a href=\"https:\/\/www.koken.es\/cosmetica\/crema-anticelulitica-active-efecto-frio-calor.html\" target=\"_blank\" rel=\"noopener\"><br \/>\n<img decoding=\"async\" src=\"https:\/\/www.koken.es\/redimensionar.php?im=5016.png\" alt=\"Crema Anticelul\u00edtica ACTIVE+ Efecto Frio-Calor\" \/><br \/>\n<\/a><!-- Nombre del producto --><\/p>\n<div class=\"descripcion\">\n<h3><a href=\"https:\/\/www.koken.es\/cosmetica\/crema-anticelulitica-active-efecto-frio-calor.html\" target=\"_blank\" rel=\"noopener\">Crema Anticelul\u00edtica ACTIVE+ Efecto Frio-Calor<\/a><\/h3>\n<p><!-- Precio del producto --><\/p>\n<div class=\"precio\">15.90 \u20ac<\/div>\n<\/div>\n<p><!-- Bot\u00f3n que dirige a la p\u00e1gina del producto --><br \/>\n<a class=\"btn\" href=\"https:\/\/www.koken.es\/cosmetica\/crema-anticelulitica-active-efecto-frio-calor.html\" target=\"_blank\" rel=\"noopener\">Comprar<\/a><\/p>\n<\/div>\n<p><!-- - - - Producto - - - --><\/p>\n<div class=\"columna\"><!-- Imagen del producto --><br \/>\n<a href=\"https:\/\/www.koken.es\/cosmetica\/aceite-de-masaje-anticelulitico-500-ml.html\" target=\"_blank\" rel=\"noopener\"><br \/>\n<img decoding=\"async\" src=\"https:\/\/www.koken.es\/redimensionar.php?im=1304.png\" alt=\"Aceite de masaje anticelul\u00edtico 500 ml | Lim\u00f3n + Geranio\" \/><br \/>\n<\/a><!-- Nombre del producto --><\/p>\n<div class=\"descripcion\">\n<h3><a href=\"https:\/\/www.koken.es\/cosmetica\/aceite-de-masaje-anticelulitico-500-ml.html\" rel=\"noopener\">Aceite de masaje anticelul\u00edtico 500 ml | Lim\u00f3n + Geranio<\/a><\/h3>\n<p><!-- Precio del producto --><\/p>\n<div class=\"precio \">8.90 \u20ac<\/div>\n<\/div>\n<p><!-- Bot\u00f3n que dirige a la p\u00e1gina del producto --><br \/>\n<a class=\"btn\" href=\"https:\/\/www.koken.es\/cosmetica\/aceite-de-masaje-anticelulitico-500-ml.html\" target=\"_blank\" rel=\"noopener\">Comprar<\/a><\/p>\n<\/div>\n<\/div>\n","protected":false},"excerpt":{"rendered":"<p>En este art\u00edculo te hablaremos sobre c\u00f3mo reducir la celulitis antes de verano. La celulitis es un problema cosm\u00e9tico frecuente de la piel que afecta tanto a hombres como a mujeres. Es causada por la estructura debajo de la piel, &hellip; <a href=\"https:\/\/www.koken.es\/blog\/como-reducir-la-celulitis\/\" class=\"more-link\">Sigue leyendo <span class=\"meta-nav\">&rarr;<\/span><\/a><\/p>\n","protected":false},"author":2,"featured_media":2327,"comment_status":"closed","ping_status":"closed","sticky":false,"template":"","format":"standard","meta":{"om_disable_all_campaigns":false,"_mi_skip_tracking":false,"_monsterinsights_sitenote_active":false,"_monsterinsights_sitenote_note":"","_monsterinsights_sitenote_category":0},"categories":[1],"tags":[],"aioseo_notices":[],"_links":{"self":[{"href":"https:\/\/www.koken.es\/blog\/wp-json\/wp\/v2\/posts\/2325"}],"collection":[{"href":"https:\/\/www.koken.es\/blog\/wp-json\/wp\/v2\/posts"}],"about":[{"href":"https:\/\/www.koken.es\/blog\/wp-json\/wp\/v2\/types\/post"}],"author":[{"embeddable":true,"href":"https:\/\/www.koken.es\/blog\/wp-json\/wp\/v2\/users\/2"}],"replies":[{"embeddable":true,"href":"https:\/\/www.koken.es\/blog\/wp-json\/wp\/v2\/comments?post=2325"}],"version-history":[{"count":5,"href":"https:\/\/www.koken.es\/blog\/wp-json\/wp\/v2\/posts\/2325\/revisions"}],"predecessor-version":[{"id":2334,"href":"https:\/\/www.koken.es\/blog\/wp-json\/wp\/v2\/posts\/2325\/revisions\/2334"}],"wp:featuredmedia":[{"embeddable":true,"href":"https:\/\/www.koken.es\/blog\/wp-json\/wp\/v2\/media\/2327"}],"wp:attachment":[{"href":"https:\/\/www.koken.es\/blog\/wp-json\/wp\/v2\/media?parent=2325"}],"wp:term":[{"taxonomy":"category","embeddable":true,"href":"https:\/\/www.koken.es\/blog\/wp-json\/wp\/v2\/categories?post=2325"},{"taxonomy":"post_tag","embeddable":true,"href":"https:\/\/www.koken.es\/blog\/wp-json\/wp\/v2\/tags?post=2325"}],"curies":[{"name":"wp","href":"https:\/\/api.w.org\/{rel}","templated":true}]}}