{"id":2337,"date":"2022-05-03T08:19:16","date_gmt":"2022-05-03T08:19:16","guid":{"rendered":"https:\/\/www.koken.es\/blog\/?p=2337"},"modified":"2022-05-27T13:03:30","modified_gmt":"2022-05-27T13:03:30","slug":"depilar-entre-sesiones-luz-pulsada","status":"publish","type":"post","link":"https:\/\/www.koken.es\/blog\/depilar-entre-sesiones-luz-pulsada\/","title":{"rendered":"\u00bfMe puedo depilar entre sesiones de luz pulsada?"},"content":{"rendered":"<p>Cuando se trata de la depilaci\u00f3n, hay una pregunta recurrente que muchas se hacen: <strong>\u00bfMe puedo depilar entre sesiones de luz pulsada?<\/strong> La duda radica en si es recomendable afeitar la zona depilada con luz pulsada o l\u00e1ser d\u00edas despu\u00e9s del tratamiento.<\/p>\n<p>Es importante mencionar que es completamente natural que el vello empiece a crecer despu\u00e9s de una sesi\u00f3n de depilaci\u00f3n. Sin embargo, al paso de 15 a 20 d\u00edas, estos vellos terminar\u00e1n por caerse por cuenta propia, mientras que otros se mantendr\u00e1n hasta la pr\u00f3xima depilaci\u00f3n.<\/p>\n<h2><strong>\u00bfPuedo depilarme entre sesi\u00f3n y sesi\u00f3n?<\/strong><\/h2>\n<p>Lo cierto es que sin importar que te hayas depilado con luz pulsada o con l\u00e1ser, puedes depilarte desde el primer d\u00eda, si eso es lo que quieres. La realidad es que <strong>no existe ning\u00fan efecto secundario adverso por depilarte entre sesiones de luz pulsada<\/strong>.<\/p>\n<p>Puedes estar tranquilo ya que, <a href=\"https:\/\/www.koken.es\/cera-depilatoria\/\">depilarte con cera<\/a> o afeitarte, no perjudica de ninguna manera la preparaci\u00f3n o el desarrollo de tu pr\u00f3xima sesi\u00f3n de depilaci\u00f3n de luz pulsada.<\/p>\n<p>Por otro lado, si por alguna raz\u00f3n decides demorar tu pr\u00f3xima sesi\u00f3n de depilaci\u00f3n, es buena idea que te depiles el vello si te causa molestias. De hecho, lo puedes hacer las veces que lo desees, pues esto no influye en los resultados de la depilaci\u00f3n con luz pulsada.<\/p>\n<h2><strong>Dep\u00edlate con cuidado antes de la sesi\u00f3n de luz pulsada<\/strong><\/h2>\n<p>El objetivo de afeitarte entre sesiones de luz pulsada es eliminar cualquier parte del vello que sobresalga de tu piel en el momento de la sesi\u00f3n de depilaci\u00f3n. <strong>Debes hacerlo con mucho cuidado para evitar la irritaci\u00f3n<\/strong>.<\/p>\n<p>Aseg\u00farate de utilizar cuchillas de afeitar desechables con doble hoja. Este tipo de cuchillas de afeitar te brindan un afeitado apurado sin causar da\u00f1o en tu piel. Preferiblemente, depila la zona cuando tu piel este h\u00fameda y realiza el rasurado en la misma direcci\u00f3n del crecimiento del vello.<\/p>\n<p>Si lo haces de esta manera, <strong>reducir\u00e1s la irritaci\u00f3n y los cortes en la piel.<\/strong><\/p>\n<p><a href=\"https:\/\/www.koken.es\/blog\/wp-content\/uploads\/2022\/05\/me-puedo-depilar-entre-sesiones-laser.jpg\"><img decoding=\"async\" loading=\"lazy\" class=\"aligncenter wp-image-2343 size-large\" src=\"https:\/\/www.koken.es\/blog\/wp-content\/uploads\/2022\/05\/me-puedo-depilar-entre-sesiones-laser-1024x1024.jpg\" alt=\"\u00bfMe puedo depilar entre sesiones?\" width=\"640\" height=\"640\" srcset=\"https:\/\/www.koken.es\/blog\/wp-content\/uploads\/2022\/05\/me-puedo-depilar-entre-sesiones-laser-1024x1024.jpg 1024w, https:\/\/www.koken.es\/blog\/wp-content\/uploads\/2022\/05\/me-puedo-depilar-entre-sesiones-laser-150x150.jpg 150w, https:\/\/www.koken.es\/blog\/wp-content\/uploads\/2022\/05\/me-puedo-depilar-entre-sesiones-laser-300x300.jpg 300w, https:\/\/www.koken.es\/blog\/wp-content\/uploads\/2022\/05\/me-puedo-depilar-entre-sesiones-laser-768x768.jpg 768w, https:\/\/www.koken.es\/blog\/wp-content\/uploads\/2022\/05\/me-puedo-depilar-entre-sesiones-laser.jpg 1080w\" sizes=\"(max-width: 640px) 100vw, 640px\" \/><\/a><\/p>\n<div class=\"productos\">\n<div class=\"columna\"><a href=\"https:\/\/www.koken.es\/desechables\/cuchillas-afeitar-rosas-100-ud.html\" target=\"_blank\" rel=\"noopener\"><img decoding=\"async\" src=\"https:\/\/www.koken.es\/pictures\/article\/17007.png?time=\" alt=\"Caja 100 cuchillas para Afeitar Rosas \" \/><br \/>\n<\/a><!-- Nombre del producto --><\/p>\n<div class=\"descripcion\">\n<h3><a href=\"https:\/\/www.koken.es\/desechables\/cuchillas-afeitar-rosas-100-ud.html\" rel=\"noopener\">Caja 100 cuchillas para Afeitar Rosas<br \/>\n<\/a><\/h3>\n<p><!-- Precio del producto --><\/p>\n<div class=\"precio\">14.90 \u20ac<\/div>\n<\/div>\n<p><!-- Bot\u00f3n que dirige a la p\u00e1gina del producto --><br \/>\n<a class=\"btn\" href=\"https:\/\/www.koken.es\/desechables\/cuchillas-afeitar-rosas-100-ud.html\" target=\"_blank\" rel=\"noopener\">Comprar<\/a><\/p>\n<\/div>\n<p><!-- - - - Producto - - - --><\/p>\n<div class=\"columna\"><!-- Imagen del producto --><br \/>\n<a href=\"https:\/\/www.koken.es\/productos-auxiliares\/gel-post-depil-aloe-vera-500-ml.html\" target=\"_blank\" rel=\"noopener\"><br \/>\n<img decoding=\"async\" src=\"https:\/\/www.koken.es\/pictures\/article\/1204.png?time=\" alt=\"Gel post-depil aloe vera 500 ml\" \/><br \/>\n<\/a><!-- Nombre del producto --><\/p>\n<div class=\"descripcion\">\n<h3><a href=\"https:\/\/www.koken.es\/productos-auxiliares\/gel-post-depil-aloe-vera-500-ml.html\" target=\"_blank\" rel=\"noopener\">Gel post-depil aloe vera 500 ml<\/a><\/h3>\n<p><!-- Precio del producto --><\/p>\n<div class=\"precio\">5.27 \u20ac<\/div>\n<\/div>\n<p><!-- Bot\u00f3n que dirige a la p\u00e1gina del producto --><br \/>\n<a class=\"btn\" href=\"https:\/\/www.koken.es\/productos-auxiliares\/gel-post-depil-aloe-vera-500-ml.html\" target=\"_blank\" rel=\"noopener\">Comprar<\/a><\/p>\n<\/div>\n<p><!-- - - - Producto - - - --><\/p>\n<div class=\"columna\"><!-- Imagen del producto --><br \/>\n<a href=\"https:\/\/www.koken.es\/packs-de-productos\/pack-roll-on-aloe-bandas.html\" target=\"_blank\" rel=\"noopener\"><br \/>\n<img decoding=\"async\" src=\"https:\/\/www.koken.es\/pictures\/article\/9534.png?time=\" alt=\"Pack 20 Roll on Aloe Vera + 200 Bandas Depilatorias\" \/><br \/>\n<\/a><!-- Nombre del producto --><\/p>\n<div class=\"descripcion\">\n<h3><a href=\"https:\/\/www.koken.es\/packs-de-productos\/pack-roll-on-aloe-bandas.html\" rel=\"noopener\">Pack 20 Roll on Aloe Vera + 200 Bandas Depilatorias<\/a><\/h3>\n<div class=\"precio \">8.90 \u20ac<\/div>\n<\/div>\n<p><!-- Bot\u00f3n que dirige a la p\u00e1gina del producto --><br \/>\n<a class=\"btn\" href=\"https:\/\/www.koken.es\/packs-de-productos\/pack-roll-on-aloe-bandas.html\" target=\"_blank\" rel=\"noopener\">Comprar<\/a><\/p>\n<\/div>\n<\/div>\n","protected":false},"excerpt":{"rendered":"<p>Cuando se trata de la depilaci\u00f3n, hay una pregunta recurrente que muchas se hacen: \u00bfMe puedo depilar entre sesiones de luz pulsada? La duda radica en si es recomendable afeitar la zona depilada con luz pulsada o l\u00e1ser d\u00edas despu\u00e9s &hellip; <a href=\"https:\/\/www.koken.es\/blog\/depilar-entre-sesiones-luz-pulsada\/\" class=\"more-link\">Sigue leyendo <span class=\"meta-nav\">&rarr;<\/span><\/a><\/p>\n","protected":false},"author":2,"featured_media":2344,"comment_status":"closed","ping_status":"closed","sticky":false,"template":"","format":"standard","meta":{"om_disable_all_campaigns":false,"_mi_skip_tracking":false,"_monsterinsights_sitenote_active":false,"_monsterinsights_sitenote_note":"","_monsterinsights_sitenote_category":0},"categories":[1],"tags":[],"aioseo_notices":[],"_links":{"self":[{"href":"https:\/\/www.koken.es\/blog\/wp-json\/wp\/v2\/posts\/2337"}],"collection":[{"href":"https:\/\/www.koken.es\/blog\/wp-json\/wp\/v2\/posts"}],"about":[{"href":"https:\/\/www.koken.es\/blog\/wp-json\/wp\/v2\/types\/post"}],"author":[{"embeddable":true,"href":"https:\/\/www.koken.es\/blog\/wp-json\/wp\/v2\/users\/2"}],"replies":[{"embeddable":true,"href":"https:\/\/www.koken.es\/blog\/wp-json\/wp\/v2\/comments?post=2337"}],"version-history":[{"count":6,"href":"https:\/\/www.koken.es\/blog\/wp-json\/wp\/v2\/posts\/2337\/revisions"}],"predecessor-version":[{"id":2374,"href":"https:\/\/www.koken.es\/blog\/wp-json\/wp\/v2\/posts\/2337\/revisions\/2374"}],"wp:featuredmedia":[{"embeddable":true,"href":"https:\/\/www.koken.es\/blog\/wp-json\/wp\/v2\/media\/2344"}],"wp:attachment":[{"href":"https:\/\/www.koken.es\/blog\/wp-json\/wp\/v2\/media?parent=2337"}],"wp:term":[{"taxonomy":"category","embeddable":true,"href":"https:\/\/www.koken.es\/blog\/wp-json\/wp\/v2\/categories?post=2337"},{"taxonomy":"post_tag","embeddable":true,"href":"https:\/\/www.koken.es\/blog\/wp-json\/wp\/v2\/tags?post=2337"}],"curies":[{"name":"wp","href":"https:\/\/api.w.org\/{rel}","templated":true}]}}