{"id":238,"date":"2014-06-12T15:48:39","date_gmt":"2014-06-12T15:48:39","guid":{"rendered":"http:\/\/blog.koken.es\/?p=238"},"modified":"2026-04-21T17:31:41","modified_gmt":"2026-04-21T17:31:41","slug":"envejecimiento-cutaneo-guia-completa-tipos-prevencion","status":"publish","type":"post","link":"https:\/\/www.koken.es\/blog\/envejecimiento-cutaneo-guia-completa-tipos-prevencion\/","title":{"rendered":"El Envejecimiento Cut\u00e1neo: Gu\u00eda Completa 2026"},"content":{"rendered":"\n<p>El envejecimiento cut\u00e1neo es el proceso biol\u00f3gico m\u00e1s visible del paso del tiempo, y en 2026, la ciencia dermatol\u00f3gica ha revelado verdades sorprendentes: <strong>el 80% del envejecimiento facial visible NO es inevitable &#8211; es prevenible<\/strong>.<\/p>\n\n\n\n<p>Durante d\u00e9cadas, asumimos que las arrugas, manchas y flacidez eran simplemente \u00abparte de envejecer\u00bb. Hoy sabemos que hay dos tipos de envejecimiento completamente diferentes actuando simult\u00e1neamente en tu piel, con mecanismos, velocidades y grados de control radicalmente distintos.<\/p>\n\n\n\n<p><strong>Esta gu\u00eda completa te llevar\u00e1 desde los fundamentos moleculares del envejecimiento hasta las estrategias de prevenci\u00f3n y tratamiento validadas cient\u00edficamente en 202<\/strong>6, pasando por la clasificaci\u00f3n de arrugas, los factores modificables vs inevitables, y los ingredientes realmente efectivos respaldados por evidencia.<\/p>\n\n\n\n<p><strong>Porque entender qu\u00e9 puedes controlar y qu\u00e9 no, cambia completamente tu enfoque del cuidado de la piel.<\/strong><\/p>\n\n\n\n<hr class=\"wp-block-separator has-alpha-channel-opacity\"\/>\n\n\n\n<h2 class=\"wp-block-heading\">Los Dos Tipos de Envejecimiento: La Distinci\u00f3n Fundamental<\/h2>\n\n\n\n<h3 class=\"wp-block-heading\">Envejecimiento Intr\u00ednseco (Cronol\u00f3gico): El Inevitable<\/h3>\n\n\n\n<p><strong>Definici\u00f3n:<\/strong> Proceso natural, gen\u00e9ticamente programado, que ocurre con el paso del tiempo independientemente de factores externos.<\/p>\n\n\n\n<p><strong>Edad inicio:<\/strong> Manifestaciones visibles desde ~50-60 a\u00f1os<\/p>\n\n\n\n<p><strong>Caracter\u00edsticas cl\u00ednicas piel SOLO intr\u00ednsecamente envejecida:<\/strong><\/p>\n\n\n\n<ul>\n<li>Suave y fina (no \u00e1spera)<\/li>\n\n\n\n<li>P\u00e1lida (no manchada)<\/li>\n\n\n\n<li>Arrugas finas delicadas (no profundas)<\/li>\n\n\n\n<li>L\u00edneas de expresi\u00f3n levemente acentuadas<\/li>\n\n\n\n<li>Seca y menos el\u00e1stica<\/li>\n\n\n\n<li>Poros NO dilatados<\/li>\n\n\n\n<li>Tono uniforme<\/li>\n<\/ul>\n\n\n\n<p><strong>Mecanismos moleculares:<\/strong><\/p>\n\n\n\n<figure class=\"wp-block-table\"><table><thead><tr><th>Cambio<\/th><th>Manifestaci\u00f3n<\/th><th>Consecuencia Visible<\/th><\/tr><\/thead><tbody><tr><td>\u2193 Proliferaci\u00f3n celular<\/td><td>Renovaci\u00f3n epid\u00e9rmica lenta<\/td><td>Piel opaca, cicatrizaci\u00f3n lenta<\/td><\/tr><tr><td>\u2193 Col\u00e1geno tipo I y III<\/td><td>P\u00e9rdida estructura d\u00e9rmica<\/td><td>Arrugas finas, flacidez leve<\/td><\/tr><tr><td>\u2193 Elastina<\/td><td>Menor retracci\u00f3n cut\u00e1nea<\/td><td>Piel menos \u00abrebota\u00bb<\/td><\/tr><tr><td>\u2193 Gl\u00e1ndulas seb\u00e1ceas<\/td><td>Producci\u00f3n sebo reducida<\/td><td>Sequedad, tirantez<\/td><\/tr><tr><td>\u2193 Gl\u00e1ndulas sudor\u00edparas<\/td><td>Menos sudoraci\u00f3n<\/td><td>Termorregulaci\u00f3n comprometida<\/td><\/tr><tr><td>\u2193 Melanocitos<\/td><td>Menos pigmentaci\u00f3n<\/td><td>Palidez, canas<\/td><\/tr><tr><td>\u2193 Vascularizaci\u00f3n d\u00e9rmica<\/td><td>Menos irrigaci\u00f3n<\/td><td>Tono apagado, cicatrizaci\u00f3n lenta<\/td><\/tr><\/tbody><\/table><\/figure>\n\n\n\n<p><strong>Cambios histol\u00f3gicos (microsc\u00f3picos):<\/strong><\/p>\n\n\n\n<ul>\n<li>Adelgazamiento epidermis (~10-20%)<\/li>\n\n\n\n<li>Aplanamiento uni\u00f3n dermoepid\u00e9rmica (menos anclaje)<\/li>\n\n\n\n<li>Reducci\u00f3n grosor d\u00e9rmico (~20%)<\/li>\n\n\n\n<li>Disminuci\u00f3n n\u00famero fibroblastos (~30-50%)<\/li>\n<\/ul>\n\n\n\n<p><strong>Porcentaje envejecimiento facial visible:<\/strong> ~20%<\/p>\n\n\n\n<p><strong>Control:<\/strong> <strong>LIMITADO<\/strong> (gen\u00e9tica, inevitable)<\/p>\n\n\n\n<hr class=\"wp-block-separator has-alpha-channel-opacity\"\/>\n\n\n\n<h3 class=\"wp-block-heading\">Envejecimiento Extr\u00ednseco (Fotoenvejecimiento): El Prevenible<\/h3>\n\n\n\n<p><strong>Definici\u00f3n:<\/strong> Envejecimiento acelerado causado por factores ambientales externos, principalmente radiaci\u00f3n UV (80%), tabaco, poluci\u00f3n, estr\u00e9s.<\/p>\n\n\n\n<p><strong>Edad inicio:<\/strong> Manifestaciones visibles desde ~20-30 a\u00f1os (acumulativo)<\/p>\n\n\n\n<p><strong>Caracter\u00edsticas cl\u00ednicas piel extr\u00ednsecamente envejecida:<\/strong><\/p>\n\n\n\n<ul>\n<li>\u00c1spera, acartonada (no suave)<\/li>\n\n\n\n<li>Manchas pigmentarias m\u00faltiples (no uniforme)<\/li>\n\n\n\n<li>Arrugas profundas, surcos marcados<\/li>\n\n\n\n<li>Poros dilatados visibles<\/li>\n\n\n\n<li>Telangiectasias (venitas rojas)<\/li>\n\n\n\n<li>Elastosis solar (piel engrosada amarillenta)<\/li>\n\n\n\n<li>Textura irregular, \u00abcuero\u00bb<\/li>\n\n\n\n<li>P\u00e9rdida elasticidad severa<\/li>\n<\/ul>\n\n\n\n<p><strong>Mecanismos moleculares:<\/strong><\/p>\n\n\n\n<figure class=\"wp-block-table\"><table><thead><tr><th>Factor<\/th><th>Da\u00f1o Molecular<\/th><th>Manifestaci\u00f3n<\/th><\/tr><\/thead><tbody><tr><td><strong>UV-A<\/strong> (95% radiaci\u00f3n UV)<\/td><td>Penetra dermis, genera ROS, degrada col\u00e1geno<\/td><td>Arrugas profundas, elastosis<\/td><\/tr><tr><td><strong>UV-B<\/strong> (5% radiaci\u00f3n UV)<\/td><td>Da\u00f1a ADN epid\u00e9rmico, mutaciones<\/td><td>Quemaduras, c\u00e1ncer piel<\/td><\/tr><tr><td><strong>Radicales libres (ROS)<\/strong><\/td><td>Estr\u00e9s oxidativo, da\u00f1o celular<\/td><td>Envejecimiento acelerado<\/td><\/tr><tr><td><strong>Metaloproteinasas \u2191<\/strong> (MMP)<\/td><td>Degradan col\u00e1geno\/elastina<\/td><td>P\u00e9rdida estructura<\/td><\/tr><tr><td><strong>Inflamaci\u00f3n cr\u00f3nica<\/strong><\/td><td>Citocinas pro-inflamatorias<\/td><td>Envejecimiento sist\u00e9mico<\/td><\/tr><tr><td><strong>Glicaci\u00f3n<\/strong> (az\u00facar + prote\u00ednas)<\/td><td>Productos finales glicaci\u00f3n avanzada (AGEs)<\/td><td>Col\u00e1geno r\u00edgido, amarillento<\/td><\/tr><\/tbody><\/table><\/figure>\n\n\n\n<p><strong>Cambios histol\u00f3gicos:<\/strong><\/p>\n\n\n\n<ul>\n<li>Elastosis solar masiva (acumulaci\u00f3n elastina degenerada)<\/li>\n\n\n\n<li>Col\u00e1geno desorganizado (vs paralelo ordenado piel joven)<\/li>\n\n\n\n<li>Inflamaci\u00f3n cr\u00f3nica de bajo grado<\/li>\n\n\n\n<li>Hiperqueratosis (engrosamiento estrato c\u00f3rneo)<\/li>\n<\/ul>\n\n\n\n<p><strong>Porcentaje envejecimiento facial visible:<\/strong> ~80%<\/p>\n\n\n\n<p><strong>Control:<\/strong> <strong>ALTO<\/strong> (modificable con protecci\u00f3n y prevenci\u00f3n)<\/p>\n\n\n\n<hr class=\"wp-block-separator has-alpha-channel-opacity\"\/>\n\n\n\n<h3 class=\"wp-block-heading\">Mensaje Clave 2026<\/h3>\n\n\n\n<p><strong>El 80% de lo que ves como \u00abenvejecimiento\u00bb en tu cara NO es tu edad cronol\u00f3gica. Es tu exposici\u00f3n UV acumulada.<\/strong><\/p>\n\n\n\n<p>Ejemplo ic\u00f3nico: Camionero con lado izquierdo rostro (ventana, m\u00e1s UV) envejecido 20 a\u00f1os vs lado derecho (sombra).<\/p>\n\n\n\n<hr class=\"wp-block-separator has-alpha-channel-opacity\"\/>\n\n\n\n<h2 class=\"wp-block-heading\">Otros Tipos de Envejecimiento (Clasificaci\u00f3n Ampliada 2026)<\/h2>\n\n\n\n<h3 class=\"wp-block-heading\">3. Envejecimiento Hormonal (Espec\u00edfico Mujeres)<\/h3>\n\n\n\n<p><strong>Desencadenante:<\/strong> Menopausia (\u2193 estr\u00f3genos dr\u00e1stico)<\/p>\n\n\n\n<p><strong>Edad t\u00edpica:<\/strong> 45-55 a\u00f1os<\/p>\n\n\n\n<p><strong>Efectos estr\u00f3genos en piel:<\/strong><\/p>\n\n\n\n<ul>\n<li>Estimulan s\u00edntesis col\u00e1geno<\/li>\n\n\n\n<li>Mantienen grosor d\u00e9rmico<\/li>\n\n\n\n<li>Promueven hidrataci\u00f3n<\/li>\n\n\n\n<li>Preservan funci\u00f3n barrera<\/li>\n\n\n\n<li>Estimulan vascularizaci\u00f3n<\/li>\n<\/ul>\n\n\n\n<p><strong>Consecuencias post-menopausia:<\/strong><\/p>\n\n\n\n<figure class=\"wp-block-table\"><table><thead><tr><th>Cambio<\/th><th>Manifestaci\u00f3n<\/th><th>Timeline<\/th><\/tr><\/thead><tbody><tr><td>\u2193 Col\u00e1geno 30% (primeros 5 a\u00f1os)<\/td><td>Flacidez acelerada<\/td><td>A\u00f1os 1-5<\/td><\/tr><tr><td>\u2193 Grosor piel 1.13% anual<\/td><td>Piel fina, transparente<\/td><td>Progresivo<\/td><\/tr><tr><td>\u2193 Hidrataci\u00f3n<\/td><td>Sequedad extrema<\/td><td>Inmediato<\/td><\/tr><tr><td>\u2193 Elasticidad<\/td><td>Flacidez, arrugas profundizadas<\/td><td>A\u00f1os 1-3<\/td><\/tr><\/tbody><\/table><\/figure>\n\n\n\n<p><strong>Tratamiento:<\/strong> Terapia hormonal reemplazo (THS) bajo supervisi\u00f3n m\u00e9dica + cuidados t\u00f3picos intensificados<\/p>\n\n\n\n<hr class=\"wp-block-separator has-alpha-channel-opacity\"\/>\n\n\n\n<h3 class=\"wp-block-heading\">4. Envejecimiento Catab\u00f3lico (Asociado Enfermedades)<\/h3>\n\n\n\n<p><strong>Desencadenante:<\/strong> Enfermedades cr\u00f3nicas (diabetes, c\u00e1ncer, insuficiencia renal)<\/p>\n\n\n\n<p><strong>Mecanismo:<\/strong> Catabolismo tisular aumentado, inflamaci\u00f3n sist\u00e9mica, estr\u00e9s oxidativo extremo<\/p>\n\n\n\n<p><strong>Manifestaciones:<\/strong> Envejecimiento prematuro acelerado, cicatrizaci\u00f3n comprometida, piel fr\u00e1gil<\/p>\n\n\n\n<p><strong>Tratamiento:<\/strong> Control enfermedad base + cuidados espec\u00edficos<\/p>\n\n\n\n<hr class=\"wp-block-separator has-alpha-channel-opacity\"\/>\n\n\n\n<h2 class=\"wp-block-heading\">Clasificaci\u00f3n de Arrugas por Localizaci\u00f3n<\/h2>\n\n\n\n<h3 class=\"wp-block-heading\">Arrugas Faciales: Mapa Completo<\/h3>\n\n\n\n<figure class=\"wp-block-table\"><table><thead><tr><th>Zona<\/th><th>Nombre<\/th><th>Causa<\/th><th>Edad Aparici\u00f3n<\/th><th>Profundidad<\/th><\/tr><\/thead><tbody><tr><td><strong>\u00c1ngulo externo ojos<\/strong><\/td><td>Patas de gallo<\/td><td>Gesticulaci\u00f3n, fotoenvejecimiento<\/td><td>25-35 a\u00f1os<\/td><td>Fina \u2192 Profunda<\/td><\/tr><tr><td><strong>Frente<\/strong><\/td><td>Horizontales frontales<\/td><td>Elevaci\u00f3n cejas (sorpresa), gravitaci\u00f3n<\/td><td>30-40 a\u00f1os<\/td><td>Media-profunda<\/td><\/tr><tr><td><strong>Entrecejo<\/strong><\/td><td>Verticales interciliares (\u00abdel le\u00f3n\u00bb)<\/td><td>Fruncir ce\u00f1o, concentraci\u00f3n<\/td><td>30-40 a\u00f1os<\/td><td>Profunda<\/td><\/tr><tr><td><strong>Lagrimal<\/strong><\/td><td>Angulares internas<\/td><td>Movimiento p\u00e1rpado inferior<\/td><td>35-45 a\u00f1os<\/td><td>Fina<\/td><\/tr><tr><td><strong>Periorales<\/strong><\/td><td>C\u00f3digo barras (verticales labio superior)<\/td><td>Tabaco, gesticulaci\u00f3n, p\u00e9rdida col\u00e1geno<\/td><td>40-50 a\u00f1os<\/td><td>Media-profunda<\/td><\/tr><tr><td><strong>Circunmorales<\/strong><\/td><td>Alrededor boca completa<\/td><td>Hablar, re\u00edr, gesticular<\/td><td>40-50 a\u00f1os<\/td><td>Media<\/td><\/tr><tr><td><strong>Surco nasogeniano<\/strong><\/td><td>Del rictus (nariz a comisura labial)<\/td><td>Gravitaci\u00f3n, p\u00e9rdida volumen<\/td><td>35-45 a\u00f1os<\/td><td>Profunda<\/td><\/tr><tr><td><strong>Surco mentoniano<\/strong><\/td><td>L\u00edneas marioneta (comisura labial a ment\u00f3n)<\/td><td>Gravitaci\u00f3n, flacidez<\/td><td>45-55 a\u00f1os<\/td><td>Muy profunda<\/td><\/tr><tr><td><strong>Cuello<\/strong><\/td><td>Horizontales cervicales<\/td><td>Postura, gravitaci\u00f3n, p\u00e9rdida elasticidad<\/td><td>40-50 a\u00f1os<\/td><td>Profunda<\/td><\/tr><tr><td><strong>Escote<\/strong><\/td><td>Verticales\/horizontales<\/td><td>Postura dormir lateral, fotoenvejecimiento<\/td><td>40-50 a\u00f1os<\/td><td>Media-profunda<\/td><\/tr><tr><td><strong>Manos<\/strong><\/td><td>Dorso manos<\/td><td>Fotoenvejecimiento masivo, p\u00e9rdida grasa<\/td><td>40-50 a\u00f1os<\/td><td>Profunda<\/td><\/tr><\/tbody><\/table><\/figure>\n\n\n\n<hr class=\"wp-block-separator has-alpha-channel-opacity\"\/>\n\n\n\n<h3 class=\"wp-block-heading\">Clasificaci\u00f3n por Tipo<\/h3>\n\n\n\n<p><strong>1. ARRUGAS DE EXPRESI\u00d3N (Din\u00e1micas):<\/strong><\/p>\n\n\n\n<ul>\n<li>Causa: Contracci\u00f3n muscular repetida<\/li>\n\n\n\n<li>Ejemplos: Patas gallo, interciliares, frontales<\/li>\n\n\n\n<li>Tratamiento ideal: Toxina botul\u00ednica (paraliza m\u00fasculo temporalmente)<\/li>\n<\/ul>\n\n\n\n<p><strong>2. ARRUGAS GRAVITATORIAS (Est\u00e1ticas):<\/strong><\/p>\n\n\n\n<ul>\n<li>Causa: Gravitaci\u00f3n + p\u00e9rdida estructura<\/li>\n\n\n\n<li>Ejemplos: Surcos nasogenianos, l\u00edneas marioneta<\/li>\n\n\n\n<li>Tratamiento ideal: Rellenos \u00e1cido hialur\u00f3nico, lifting<\/li>\n<\/ul>\n\n\n\n<p><strong>3. ARRUGAS DE SUE\u00d1O:<\/strong><\/p>\n\n\n\n<ul>\n<li>Causa: Postura dormir (presi\u00f3n almohada)<\/li>\n\n\n\n<li>Ejemplos: Verticales escote, laterales mejilla<\/li>\n\n\n\n<li>Prevenci\u00f3n: Dormir boca arriba, almohada sat\u00e9n<\/li>\n<\/ul>\n\n\n\n<p><strong>4. ARRUGAS ACT\u00cdNICAS (Fotoenvejecimiento):<\/strong><\/p>\n\n\n\n<ul>\n<li>Causa: Da\u00f1o solar acumulado<\/li>\n\n\n\n<li>Ejemplos: M\u00faltiples finas entrecruzadas<\/li>\n\n\n\n<li>Tratamiento: Prevenci\u00f3n (SPF), retinoides, peelings<\/li>\n<\/ul>\n\n\n\n<hr class=\"wp-block-separator has-alpha-channel-opacity\"\/>\n\n\n\n<h2 class=\"wp-block-heading\">Cambios Estructurales Profundos (No Solo Piel)<\/h2>\n\n\n\n<h3 class=\"wp-block-heading\">Atrofia \u00d3sea Facial<\/h3>\n\n\n\n<p><strong>Dato clave 2026:<\/strong> Esqueleto facial NO es est\u00e1tico. Sufre reabsorci\u00f3n \u00f3sea progresiva.<\/p>\n\n\n\n<figure class=\"wp-block-table\"><table><thead><tr><th>Zona<\/th><th>Cambio \u00d3seo<\/th><th>Consecuencia Visible<\/th><\/tr><\/thead><tbody><tr><td><strong>\u00d3rbita ocular<\/strong><\/td><td>Ampliaci\u00f3n apertura<\/td><td>Ojos hundidos, bolsas m\u00e1s evidentes<\/td><\/tr><tr><td><strong>Maxilar<\/strong><\/td><td>Reabsorci\u00f3n anterior<\/td><td>Labios m\u00e1s finos, nariz parece m\u00e1s grande<\/td><\/tr><tr><td><strong>Mand\u00edbula<\/strong><\/td><td>P\u00e9rdida altura vertical<\/td><td>Ment\u00f3n retra\u00eddo, papada m\u00e1s marcada<\/td><\/tr><\/tbody><\/table><\/figure>\n\n\n\n<p><strong>Tratamiento:<\/strong> Rellenos profundos (hidroxiapatita c\u00e1lcica), implantes, lifting<\/p>\n\n\n\n<hr class=\"wp-block-separator has-alpha-channel-opacity\"\/>\n\n\n\n<h3 class=\"wp-block-heading\">P\u00e9rdida Grasa Facial (Lipoatrofia)<\/h3>\n\n\n\n<p><strong>Distribuci\u00f3n grasa facial joven:<\/strong> P\u00f3mulos altos, mejillas rellenas<\/p>\n\n\n\n<p><strong>Redistribuci\u00f3n con edad:<\/strong><\/p>\n\n\n\n<ul>\n<li>\u2193 Grasa tercio medio facial (mejillas)<\/li>\n\n\n\n<li>\u2191 Grasa tercio inferior (papada, ment\u00f3n)<\/li>\n<\/ul>\n\n\n\n<p><strong>Consecuencia:<\/strong> \u00abCara cae hacia abajo\u00bb<\/p>\n\n\n\n<p><strong>Tratamiento:<\/strong> Rellenos volum\u00e9tricos, lipotransferencia (grasa propia)<\/p>\n\n\n\n<hr class=\"wp-block-separator has-alpha-channel-opacity\"\/>\n\n\n\n<h3 class=\"wp-block-heading\">P\u00e9rdida Dental<\/h3>\n\n\n\n<p><strong>Impacto:<\/strong> Reabsorci\u00f3n hueso alveolar (sostiene dientes)<\/p>\n\n\n\n<p><strong>Consecuencia visible:<\/strong><\/p>\n\n\n\n<ul>\n<li>Labios \u00abse meten hacia dentro\u00bb<\/li>\n\n\n\n<li>Distancia nariz-barbilla acortada<\/li>\n\n\n\n<li>Arrugas periorales profundizadas<\/li>\n\n\n\n<li>Aspecto \u00abdesdentado\u00bb incluso con dientes<\/li>\n<\/ul>\n\n\n\n<p><strong>Prevenci\u00f3n:<\/strong> Higiene dental rigurosa, implantes r\u00e1pidos si p\u00e9rdida<\/p>\n\n\n\n<hr class=\"wp-block-separator has-alpha-channel-opacity\"\/>\n\n\n\n<h3 class=\"wp-block-heading\">Cambios Cartilaginosos<\/h3>\n\n\n\n<p><strong>\u00c1reas afectadas:<\/strong><\/p>\n\n\n\n<ul>\n<li><strong>Nariz:<\/strong> Cart\u00edlago crece, punta cae \u2192 Nariz m\u00e1s grande, ganchuda<\/li>\n\n\n\n<li><strong>Orejas:<\/strong> Cart\u00edlago crece, l\u00f3bulo estira \u2192 Orejas m\u00e1s grandes, ca\u00eddas<\/li>\n<\/ul>\n\n\n\n<p><strong>Realidad:<\/strong> Nariz y orejas S\u00cd \u00abcrecen\u00bb con edad (cart\u00edlago no osificado contin\u00faa creciendo)<\/p>\n\n\n\n<hr class=\"wp-block-separator has-alpha-channel-opacity\"\/>\n\n\n\n<h2 class=\"wp-block-heading\">Factores de Riesgo Modificables vs No Modificables<\/h2>\n\n\n\n<h3 class=\"wp-block-heading\">NO MODIFICABLES (Acepta y Optimiza)<\/h3>\n\n\n\n<figure class=\"wp-block-table\"><table><thead><tr><th>Factor<\/th><th>Impacto<\/th><th>Estrategia<\/th><\/tr><\/thead><tbody><tr><td><strong>Gen\u00e9tica<\/strong><\/td><td>Heredabilidad 60-70% velocidad envejecimiento intr\u00ednseco<\/td><td>Maximizar factores modificables<\/td><\/tr><tr><td><strong>Sexo<\/strong><\/td><td>Mujeres: piel m\u00e1s fina, menopausia acelera<\/td><td>Cuidados intensificados 45+<\/td><\/tr><tr><td><strong>Fototipo<\/strong><\/td><td>I-II: envejecen m\u00e1s r\u00e1pido vs V-VI<\/td><td>SPF 50+ religioso fototipos claros<\/td><\/tr><tr><td><strong>Edad<\/strong><\/td><td>Inevitable (1% col\u00e1geno menos\/a\u00f1o desde 20s)<\/td><td>Estimular producci\u00f3n restante<\/td><\/tr><\/tbody><\/table><\/figure>\n\n\n\n<hr class=\"wp-block-separator has-alpha-channel-opacity\"\/>\n\n\n\n<h3 class=\"wp-block-heading\">MODIFICABLES (Act\u00faa HOY)<\/h3>\n\n\n\n<h4 class=\"wp-block-heading\"><strong>1. Radiaci\u00f3n UV (Factor #1, 80% envejecimiento facial)<\/strong><\/h4>\n\n\n\n<p><strong>Acci\u00f3n:<\/strong><\/p>\n\n\n\n<ul>\n<li>SPF 50+ amplio espectro 365 d\u00edas\/a\u00f1o<\/li>\n\n\n\n<li>Re-aplicar cada 2h exposici\u00f3n<\/li>\n\n\n\n<li>Evitar sol 10:00-16:00<\/li>\n\n\n\n<li>Sombreros, gafas, ropa UPF<\/li>\n<\/ul>\n\n\n\n<p><strong>Impacto:<\/strong> Reducci\u00f3n 80% fotoenvejecimiento<\/p>\n\n\n\n<hr class=\"wp-block-separator has-alpha-channel-opacity\"\/>\n\n\n\n<h4 class=\"wp-block-heading\"><strong>2. Tabaco (Factor #2)<\/strong><\/h4>\n\n\n\n<p><strong>Da\u00f1o molecular:<\/strong><\/p>\n\n\n\n<ul>\n<li>Nicotina: vasoconstricci\u00f3n \u2192 \u2193 ox\u00edgeno piel<\/li>\n\n\n\n<li>Alquitr\u00e1n: \u2191 radicales libres<\/li>\n\n\n\n<li>\u2191 Metaloproteinasas (MMP) \u2192 degradan col\u00e1geno<\/li>\n\n\n\n<li>Da\u00f1o directo elastina<\/li>\n<\/ul>\n\n\n\n<p><strong>Manifestaciones:<\/strong><\/p>\n\n\n\n<ul>\n<li>\u00abCara de fumador\u00bb: arrugas periorales profundas, piel gris\u00e1cea, c\u00f3digo barras<\/li>\n\n\n\n<li>Elastosis severa<\/li>\n\n\n\n<li>Cicatrizaci\u00f3n lenta<\/li>\n\n\n\n<li>Riesgo c\u00e1ncer piel \u2191<\/li>\n<\/ul>\n\n\n\n<p><strong>Acci\u00f3n:<\/strong> Dejar de fumar (mejora visible 6-12 meses)<\/p>\n\n\n\n<hr class=\"wp-block-separator has-alpha-channel-opacity\"\/>\n\n\n\n<h4 class=\"wp-block-heading\"><strong>3. Poluci\u00f3n Ambiental<\/strong><\/h4>\n\n\n\n<p><strong>Mecanismo:<\/strong> Part\u00edculas contaminantes (PM 2.5, ozono) generan ROS, atraviesan barrera, causan inflamaci\u00f3n<\/p>\n\n\n\n<p><strong>Manifestaciones:<\/strong> Manchas, tono desigual, sensibilidad, envejecimiento acelerado<\/p>\n\n\n\n<p><strong>Acci\u00f3n:<\/strong> Antioxidantes t\u00f3picos (vitamina C, E, niacinamida), limpieza doble, barrera protectora<\/p>\n\n\n\n<hr class=\"wp-block-separator has-alpha-channel-opacity\"\/>\n\n\n\n<h4 class=\"wp-block-heading\"><strong>4. Dieta y Nutrici\u00f3n<\/strong><\/h4>\n\n\n\n<p><strong>Pro-envejecimiento:<\/strong><\/p>\n\n\n\n<ul>\n<li>Az\u00facar alto \u2192 glicaci\u00f3n (col\u00e1geno r\u00edgido)<\/li>\n\n\n\n<li>Grasas trans \u2192 inflamaci\u00f3n<\/li>\n\n\n\n<li>Alcohol exceso \u2192 deshidrataci\u00f3n, da\u00f1o hep\u00e1tico<\/li>\n<\/ul>\n\n\n\n<p><strong>Anti-envejecimiento:<\/strong><\/p>\n\n\n\n<ul>\n<li>Antioxidantes: vitaminas A, C, E, polifenoles<\/li>\n\n\n\n<li>Omega-3: anti-inflamatorio<\/li>\n\n\n\n<li>Hidrataci\u00f3n: 2L agua\/d\u00eda<\/li>\n\n\n\n<li>Prote\u00ednas: col\u00e1geno end\u00f3geno<\/li>\n<\/ul>\n\n\n\n<hr class=\"wp-block-separator has-alpha-channel-opacity\"\/>\n\n\n\n<h4 class=\"wp-block-heading\"><strong>5. Estr\u00e9s Cr\u00f3nico<\/strong><\/h4>\n\n\n\n<p><strong>Mecanismo:<\/strong> Cortisol \u2191 \u2192 degradaci\u00f3n col\u00e1geno, inflamaci\u00f3n sist\u00e9mica, aceleraci\u00f3n envejecimiento celular (tel\u00f3meros)<\/p>\n\n\n\n<p><strong>Acci\u00f3n:<\/strong> Manejo estr\u00e9s (meditaci\u00f3n, ejercicio, sue\u00f1o), adapt\u00f3genos<\/p>\n\n\n\n<hr class=\"wp-block-separator has-alpha-channel-opacity\"\/>\n\n\n\n<h4 class=\"wp-block-heading\"><strong>6. Sue\u00f1o<\/strong><\/h4>\n\n\n\n<p><strong>Funci\u00f3n:<\/strong> Reparaci\u00f3n celular, producci\u00f3n hormona crecimiento (pico nocturno)<\/p>\n\n\n\n<p><strong>Deprivaci\u00f3n:<\/strong> Cortisol \u2191, col\u00e1geno \u2193, piel apagada, ojeras, envejecimiento acelerado<\/p>\n\n\n\n<p><strong>Acci\u00f3n:<\/strong> 7-9h sue\u00f1o calidad, postura boca arriba (previene arrugas sue\u00f1o)<\/p>\n\n\n\n<hr class=\"wp-block-separator has-alpha-channel-opacity\"\/>\n\n\n\n<h2 class=\"wp-block-heading\">Ingredientes Anti-Edad Realmente Efectivos (Evidencia 2026)<\/h2>\n\n\n\n<h3 class=\"wp-block-heading\">Nivel 1: Eficacia M\u00e1xima (Estudios Robustos)<\/h3>\n\n\n\n<figure class=\"wp-block-table\"><table><thead><tr><th>Ingrediente<\/th><th>Mecanismo<\/th><th>Concentraci\u00f3n<\/th><th>Resultados<\/th><th>Limitaci\u00f3n<\/th><\/tr><\/thead><tbody><tr><td><strong>Retinoides<\/strong> (Retinol, Tretino\u00edna)<\/td><td>\u2191 Renovaci\u00f3n celular, \u2191 col\u00e1geno, \u2193 pigmentaci\u00f3n<\/td><td>0.025-0.1%<\/td><td>Reducci\u00f3n arrugas 20-60%, mejora textura<\/td><td>Irritaci\u00f3n inicial, fotosensibilidad<\/td><\/tr><tr><td><strong>Vitamina C<\/strong> (\u00c1cido L-asc\u00f3rbico)<\/td><td>Antioxidante, \u2191 col\u00e1geno, despigmentante<\/td><td>10-20%<\/td><td>Luminosidad, tono uniforme, prevenci\u00f3n<\/td><td>Oxidaci\u00f3n r\u00e1pida (requiere formulaci\u00f3n estabilizada)<\/td><\/tr><tr><td><strong>Protecci\u00f3n Solar SPF<\/strong><\/td><td>Previene fotoenvejecimiento, da\u00f1o ADN<\/td><td>SPF 30-50+<\/td><td>Prevenci\u00f3n 80% envejecimiento facial<\/td><td>Requiere reaplicaci\u00f3n<\/td><\/tr><tr><td><strong>\u00c1cido Hialur\u00f3nico<\/strong><\/td><td>Hidrataci\u00f3n profunda, volumen<\/td><td>0.5-2%<\/td><td>Hidrataci\u00f3n +80%, piel rellena<\/td><td>Temporal (no estimula col\u00e1geno)<\/td><\/tr><tr><td><strong>Niacinamida<\/strong> (Vitamina B3)<\/td><td>Anti-inflamatorio, \u2191 ceramidas, despigmentante<\/td><td>2-10%<\/td><td>Poros, textura, tono, barrera<\/td><td>M\u00ednimas<\/td><\/tr><\/tbody><\/table><\/figure>\n\n\n\n<hr class=\"wp-block-separator has-alpha-channel-opacity\"\/>\n\n\n\n<h3 class=\"wp-block-heading\">Nivel 2: Eficacia Moderada-Alta<\/h3>\n\n\n\n<figure class=\"wp-block-table\"><table><thead><tr><th>Ingrediente<\/th><th>Funci\u00f3n<\/th><th>Concentraci\u00f3n<\/th><\/tr><\/thead><tbody><tr><td><strong>P\u00e9ptidos<\/strong><\/td><td>Se\u00f1alizaci\u00f3n celular, \u2191 col\u00e1geno<\/td><td>2-10%<\/td><\/tr><tr><td><strong>\u00c1cido Glic\u00f3lico<\/strong><\/td><td>Exfoliaci\u00f3n qu\u00edmica, renovaci\u00f3n<\/td><td>5-10% (casa), 30-70% (profesional)<\/td><\/tr><tr><td><strong>Bakuchiol<\/strong><\/td><td>Alternativa retinol natural, menos irritante<\/td><td>0.5-2%<\/td><\/tr><tr><td><strong>Resveratrol<\/strong><\/td><td>Antioxidante potente, anti-inflamatorio<\/td><td>0.5-1%<\/td><\/tr><tr><td><strong>Coenzima Q10<\/strong><\/td><td>Antioxidante, energ\u00eda celular<\/td><td>0.3-1%<\/td><\/tr><\/tbody><\/table><\/figure>\n\n\n\n<hr class=\"wp-block-separator has-alpha-channel-opacity\"\/>\n\n\n\n<h3 class=\"wp-block-heading\">Nivel 3: Eficacia Limitada\/Controvertida<\/h3>\n\n\n\n<figure class=\"wp-block-table\"><table><thead><tr><th>Ingrediente<\/th><th>Evidencia<\/th><th>Nota<\/th><\/tr><\/thead><tbody><tr><td><strong>Col\u00e1geno oral<\/strong><\/td><td>Limitada (absorci\u00f3n cuestionable)<\/td><td>P\u00e9ptidos hidrolizados mejores<\/td><\/tr><tr><td><strong>Aceites esenciales<\/strong><\/td><td>Anecd\u00f3tica (sin estudios robustos)<\/td><td>Pueden irritar<\/td><\/tr><tr><td><strong>Oro, platino<\/strong><\/td><td>Marketing (sin mecanismo biol\u00f3gico)<\/td><td>Lujo sin eficacia<\/td><\/tr><\/tbody><\/table><\/figure>\n\n\n\n<hr class=\"wp-block-separator has-alpha-channel-opacity\"\/>\n\n\n\n<h2 class=\"wp-block-heading\">Tratamientos Profesionales Anti-Edad 2026<\/h2>\n\n\n\n<figure class=\"wp-block-table\"><table><thead><tr><th>Tratamiento<\/th><th>Mecanismo<\/th><th>Indicaci\u00f3n<\/th><th>Sesiones<\/th><th>Resultados<\/th><th>Recuperaci\u00f3n<\/th><\/tr><\/thead><tbody><tr><td><strong>Toxina Botul\u00ednica<\/strong><\/td><td>Paraliza m\u00fasculo temporalmente<\/td><td>Arrugas expresi\u00f3n (patas gallo, frente)<\/td><td>1 cada 4-6 meses<\/td><td>Reducci\u00f3n 80-100%<\/td><td>0 d\u00edas<\/td><\/tr><tr><td><strong>Rellenos \u00c1cido Hialur\u00f3nico<\/strong><\/td><td>Volumen, relleno surcos<\/td><td>Arrugas profundas, volumen perdido<\/td><td>1-2<\/td><td>Relleno inmediato, dura 6-18 meses<\/td><td>1-3 d\u00edas (hinchaz\u00f3n leve)<\/td><\/tr><tr><td><strong>Peeling Qu\u00edmico<\/strong><\/td><td>Exfoliaci\u00f3n, renovaci\u00f3n<\/td><td>Textura, manchas, arrugas finas<\/td><td>3-6<\/td><td>Mejora 30-60%<\/td><td>3-14 d\u00edas seg\u00fan profundidad<\/td><\/tr><tr><td><strong>Microneedling<\/strong><\/td><td>Inducci\u00f3n col\u00e1geno<\/td><td>Cicatrices, textura, poros<\/td><td>3-6<\/td><td>Mejora 40-70%<\/td><td>2-3 d\u00edas<\/td><\/tr><tr><td><strong>L\u00e1ser Fraccionado CO2<\/strong><\/td><td>Ablaci\u00f3n, remodelaci\u00f3n<\/td><td>Arrugas profundas, fotoenvejecimiento severo<\/td><td>1-3<\/td><td>Mejora 60-80%<\/td><td>7-14 d\u00edas<\/td><\/tr><tr><td><strong>Radiofrecuencia<\/strong><\/td><td>Calor d\u00e9rmico, \u2191 col\u00e1geno<\/td><td>Flacidez moderada<\/td><td>4-6<\/td><td>Mejora 30-50%<\/td><td>0-1 d\u00edas<\/td><\/tr><tr><td><strong>Ultrasonido Focalizado (HIFU)<\/strong><\/td><td>Lifting no quir\u00fargico<\/td><td>Flacidez moderada-severa<\/td><td>1-2<\/td><td>Mejora 30-60%, dura 1-2 a\u00f1os<\/td><td>0-3 d\u00edas<\/td><\/tr><\/tbody><\/table><\/figure>\n\n\n\n<hr class=\"wp-block-separator has-alpha-channel-opacity\"\/>\n\n\n\n<h2 class=\"wp-block-heading\">Productos Profesionales Koken<\/h2>\n\n\n\n<p><strong><a href=\"https:\/\/www.koken.es\/cosmetica\/facial\/\" title=\"\">Cosm\u00e9tica Facial Profesional Koken<\/a><\/strong> ofrece:<\/p>\n\n\n\n<ul>\n<li>S\u00e9rums anti-edad con retinol, vitamina C, p\u00e9ptidos<\/li>\n\n\n\n<li>Cremas reafirmantes factores crecimiento<\/li>\n\n\n\n<li>Tratamientos despigmentantes manchas<\/li>\n\n\n\n<li>Protocolos regeneradores intensivos<\/li>\n<\/ul>\n\n\n\n<p><strong><a href=\"https:\/\/www.koken.es\/cosmetica\/corporal\/\" title=\"\">Cosm\u00e9tica Corporal Koken<\/a>:<\/strong><\/p>\n\n\n\n<ul>\n<li>Tratamientos reafirmantes corporales<\/li>\n\n\n\n<li>Cremas anti-flacidez cuello\/escote<\/li>\n<\/ul>\n\n\n\n<p><strong><a href=\"https:\/\/www.koken.es\/\">Productos Profesionales Koken<\/a><\/strong> &#8211; Calidad dermatol\u00f3gica para centros est\u00e9tica especializados en tratamientos anti-edad con resultados cl\u00ednicamente comprobados.<\/p>\n\n\n\n<hr class=\"wp-block-separator has-alpha-channel-opacity\"\/>\n\n\n\n<h2 class=\"wp-block-heading\">Conclusi\u00f3n: Los 10 Mandamientos Anti-Edad 2026<\/h2>\n\n\n\n<figure class=\"wp-block-image size-full\"><a href=\"https:\/\/www.koken.es\/blog\/wp-content\/uploads\/2026\/01\/infografia-10-mandamientos-anti-edad-guia-prevencion-envejecimiento-cutaneo-1.jpg\"><img decoding=\"async\" loading=\"lazy\" width=\"1024\" height=\"1024\" src=\"https:\/\/www.koken.es\/blog\/wp-content\/uploads\/2026\/01\/infografia-10-mandamientos-anti-edad-guia-prevencion-envejecimiento-cutaneo-1.jpg\" alt=\"\" class=\"wp-image-2936\" srcset=\"https:\/\/www.koken.es\/blog\/wp-content\/uploads\/2026\/01\/infografia-10-mandamientos-anti-edad-guia-prevencion-envejecimiento-cutaneo-1.jpg 1024w, https:\/\/www.koken.es\/blog\/wp-content\/uploads\/2026\/01\/infografia-10-mandamientos-anti-edad-guia-prevencion-envejecimiento-cutaneo-1-300x300.jpg 300w, https:\/\/www.koken.es\/blog\/wp-content\/uploads\/2026\/01\/infografia-10-mandamientos-anti-edad-guia-prevencion-envejecimiento-cutaneo-1-150x150.jpg 150w, https:\/\/www.koken.es\/blog\/wp-content\/uploads\/2026\/01\/infografia-10-mandamientos-anti-edad-guia-prevencion-envejecimiento-cutaneo-1-768x768.jpg 768w\" sizes=\"(max-width: 1024px) 100vw, 1024px\" \/><\/a><\/figure>\n\n\n\n<p>D\u00e9cadas de investigaci\u00f3n dermatol\u00f3gica condensadas en 10 acciones concretas. Prioriza. Act\u00faa. Envejece bien.<\/p>\n\n\n\n<ol>\n<li><strong>SPF 50+ DIARIO 365 D\u00cdAS<\/strong> &#8211; No negociable (80% prevenci\u00f3n)<\/li>\n\n\n\n<li><strong>NO FUMAR NUNCA<\/strong> &#8211; Da\u00f1o irreversible visible<\/li>\n\n\n\n<li><strong>RETINOIDES NOCTURNOS<\/strong> &#8211; Gold standard anti-edad<\/li>\n\n\n\n<li><strong>ANTIOXIDANTES MATUTINOS<\/strong> &#8211; Vitamina C + E protecci\u00f3n<\/li>\n\n\n\n<li><strong>HIDRATACI\u00d3N PROFUNDA<\/strong> &#8211; \u00c1cido hialur\u00f3nico dentro y fuera<\/li>\n\n\n\n<li><strong>DIETA ANTIINFLAMATORIA<\/strong> &#8211; Menos az\u00facar, m\u00e1s antioxidantes<\/li>\n\n\n\n<li><strong>SUE\u00d1O 7-9H CALIDAD<\/strong> &#8211; Reparaci\u00f3n celular nocturna<\/li>\n\n\n\n<li><strong>MANEJO ESTR\u00c9S<\/strong> &#8211; Cortisol controlado = col\u00e1geno preservado<\/li>\n\n\n\n<li><strong>TRATAMIENTOS PROFESIONALES PREVENTIVOS<\/strong> &#8211; Desde 30s (no esperar 50s)<\/li>\n\n\n\n<li><strong>CONSTANCIA &gt;INTENSIDAD<\/strong> &#8211; Rutina diaria simple 20 a\u00f1os &gt; tratamiento intensivo 1 a\u00f1o<\/li>\n<\/ol>\n\n\n\n<p><strong>Cambio mentalidad:<\/strong><\/p>\n\n\n\n<ul>\n<li>De \u00abNada puedo hacer\u00bb \u2192 \u00abControlo 80% mi envejecimiento\u00bb<\/li>\n\n\n\n<li>De \u00abEmpezar\u00e9 cuando vea arrugas\u00bb \u2192 \u00abPrevenci\u00f3n desde hoy (20-30s)\u00bb<\/li>\n\n\n\n<li>De \u00abSolo cremas caras\u00bb \u2192 \u00abSPF + retinoides + constancia = base\u00bb<\/li>\n\n\n\n<li>De \u00abEnvejecer es inevitable\u00bb \u2192 \u00abEnvejecer BIEN es elecci\u00f3n\u00bb<\/li>\n<\/ul>\n","protected":false},"excerpt":{"rendered":"<p>El envejecimiento cut\u00e1neo es el proceso biol\u00f3gico m\u00e1s visible del paso del tiempo, y en 2026, la ciencia dermatol\u00f3gica ha revelado verdades sorprendentes: el 80% del envejecimiento facial visible NO es inevitable &#8211; es prevenible. Durante d\u00e9cadas, asumimos que las &hellip; <a href=\"https:\/\/www.koken.es\/blog\/envejecimiento-cutaneo-guia-completa-tipos-prevencion\/\" class=\"more-link\">Sigue leyendo <span class=\"meta-nav\">&rarr;<\/span><\/a><\/p>\n","protected":false},"author":2,"featured_media":2933,"comment_status":"open","ping_status":"closed","sticky":false,"template":"","format":"standard","meta":{"om_disable_all_campaigns":false,"_mi_skip_tracking":false,"_monsterinsights_sitenote_active":false,"_monsterinsights_sitenote_note":"","_monsterinsights_sitenote_category":0},"categories":[1,8],"tags":[251,312,310,276,30,311,313],"aioseo_notices":[],"_links":{"self":[{"href":"https:\/\/www.koken.es\/blog\/wp-json\/wp\/v2\/posts\/238"}],"collection":[{"href":"https:\/\/www.koken.es\/blog\/wp-json\/wp\/v2\/posts"}],"about":[{"href":"https:\/\/www.koken.es\/blog\/wp-json\/wp\/v2\/types\/post"}],"author":[{"embeddable":true,"href":"https:\/\/www.koken.es\/blog\/wp-json\/wp\/v2\/users\/2"}],"replies":[{"embeddable":true,"href":"https:\/\/www.koken.es\/blog\/wp-json\/wp\/v2\/comments?post=238"}],"version-history":[{"count":4,"href":"https:\/\/www.koken.es\/blog\/wp-json\/wp\/v2\/posts\/238\/revisions"}],"predecessor-version":[{"id":3918,"href":"https:\/\/www.koken.es\/blog\/wp-json\/wp\/v2\/posts\/238\/revisions\/3918"}],"wp:featuredmedia":[{"embeddable":true,"href":"https:\/\/www.koken.es\/blog\/wp-json\/wp\/v2\/media\/2933"}],"wp:attachment":[{"href":"https:\/\/www.koken.es\/blog\/wp-json\/wp\/v2\/media?parent=238"}],"wp:term":[{"taxonomy":"category","embeddable":true,"href":"https:\/\/www.koken.es\/blog\/wp-json\/wp\/v2\/categories?post=238"},{"taxonomy":"post_tag","embeddable":true,"href":"https:\/\/www.koken.es\/blog\/wp-json\/wp\/v2\/tags?post=238"}],"curies":[{"name":"wp","href":"https:\/\/api.w.org\/{rel}","templated":true}]}}