{"id":247,"date":"2014-07-10T11:17:00","date_gmt":"2014-07-10T11:17:00","guid":{"rendered":"http:\/\/blog.koken.es\/?p=247"},"modified":"2026-04-21T17:34:09","modified_gmt":"2026-04-21T17:34:09","slug":"presoterapia-guia-completa","status":"publish","type":"post","link":"https:\/\/www.koken.es\/blog\/presoterapia-guia-completa\/","title":{"rendered":"Presoterapia: Gu\u00eda Completa 2026 &#8211; Evidencia, Aplicaciones y Realidad Cl\u00ednica"},"content":{"rendered":"\n<p>La presoterapia se ha convertido en uno de los tratamientos m\u00e1s solicitados tanto en centros de est\u00e9tica como en cl\u00ednicas de fisioterapia, prometiendo desde combatir la celulitis hasta acelerar la recuperaci\u00f3n deportiva. Pero en 2026, la ciencia nos obliga a hacer una distinci\u00f3n cr\u00edtica: <strong>\u00bfqu\u00e9 funciona realmente y qu\u00e9 es marketing?<\/strong><\/p>\n\n\n\n<p>Esta gu\u00eda completa te llevar\u00e1 desde los fundamentos cient\u00edficos de la compresi\u00f3n neum\u00e1tica secuencial hasta la evidencia cl\u00ednica validada, pasando por las aplicaciones m\u00e9dicas reales, los usos est\u00e9ticos controvertidos, las contraindicaciones absolutas, y la verdad sobre celulitis y p\u00e9rdida de peso.<\/p>\n\n\n\n<p><strong>Porque invertir en presoterapia requiere informaci\u00f3n cient\u00edfica honesta, no promesas vac\u00edas.<\/strong><\/p>\n\n\n\n<hr class=\"wp-block-separator has-alpha-channel-opacity\"\/>\n\n\n\n<h2 class=\"wp-block-heading\">Qu\u00e9 Es la Presoterapia: Fundamentos T\u00e9cnicos<\/h2>\n\n\n\n<h3 class=\"wp-block-heading\">Definici\u00f3n Cient\u00edfica<\/h3>\n\n\n\n<p><strong>Presoterapia = Compresi\u00f3n Neum\u00e1tica Secuencial Externa (CNSE)<\/strong><\/p>\n\n\n\n<p>Sistema de masaje automatizado que utiliza c\u00e1maras de aire inflables dispuestas en mangas o botas que cubren extremidades, aplicando presi\u00f3n controlada secuencial desde zona distal (pies\/manos) hacia proximal (tronco) imitando el flujo natural venoso y linf\u00e1tico.<\/p>\n\n\n\n<hr class=\"wp-block-separator has-alpha-channel-opacity\"\/>\n\n\n\n<h3 class=\"wp-block-heading\">Componentes del Sistema<\/h3>\n\n\n\n<figure class=\"wp-block-table\"><table><thead><tr><th>Componente<\/th><th>Funci\u00f3n<\/th><th>Especificaciones<\/th><\/tr><\/thead><tbody><tr><td><strong>Bomba neum\u00e1tica<\/strong><\/td><td>Genera presi\u00f3n aire controlada<\/td><td>Presi\u00f3n 30-120 mmHg ajustable<\/td><\/tr><tr><td><strong>Mangas\/Botas<\/strong><\/td><td>Contienen c\u00e1maras aire segmentadas<\/td><td>4-12 compartimentos secuenciales<\/td><\/tr><tr><td><strong>Sistema control<\/strong><\/td><td>Regula presi\u00f3n, tiempo, secuencia<\/td><td>Programable seg\u00fan indicaci\u00f3n<\/td><\/tr><tr><td><strong>Conectores<\/strong><\/td><td>Unen bomba con mangas<\/td><td>Tubos flexibles herm\u00e9ticos<\/td><\/tr><\/tbody><\/table><\/figure>\n\n\n\n<hr class=\"wp-block-separator has-alpha-channel-opacity\"\/>\n\n\n\n<h3 class=\"wp-block-heading\">Tipos de Dispositivos<\/h3>\n\n\n\n<p><strong>1. UNICOMPARTIMENTALES (Obsoletos):<\/strong><\/p>\n\n\n\n<ul>\n<li>C\u00e1mara \u00fanica<\/li>\n\n\n\n<li>Presi\u00f3n uniforme toda extremidad<\/li>\n\n\n\n<li>No secuencial<\/li>\n\n\n\n<li><strong>Uso:<\/strong> Pr\u00e1cticamente descontinuados<\/li>\n<\/ul>\n\n\n\n<p><strong>2. MULTICOMPARTIMENTALES (Est\u00e1ndar Actual):<\/strong><\/p>\n\n\n\n<ul>\n<li>4-12 c\u00e1maras independientes<\/li>\n\n\n\n<li>Inflado secuencial distal\u2192proximal<\/li>\n\n\n\n<li>Presi\u00f3n gradiente (mayor distal, menor proximal)<\/li>\n\n\n\n<li><strong>Uso:<\/strong> Cl\u00ednica, fisioterapia, est\u00e9tica<\/li>\n<\/ul>\n\n\n\n<p><strong>3. AVANZADOS CON CONTROL PRESI\u00d3N:<\/strong><\/p>\n\n\n\n<ul>\n<li>Sensores presi\u00f3n tiempo real<\/li>\n\n\n\n<li>Ajuste autom\u00e1tico seg\u00fan respuesta<\/li>\n\n\n\n<li>Programas espec\u00edficos patolog\u00eda<\/li>\n\n\n\n<li><strong>Uso:<\/strong> Hospitales, cl\u00ednicas especializadas<\/li>\n<\/ul>\n\n\n\n<hr class=\"wp-block-separator has-alpha-channel-opacity\"\/>\n\n\n\n<h3 class=\"wp-block-heading\">Mecanismo de Acci\u00f3n Fisiol\u00f3gico<\/h3>\n\n\n\n<figure class=\"wp-block-image size-full\"><a href=\"https:\/\/www.koken.es\/blog\/wp-content\/uploads\/2026\/01\/infografia-mecanismo-compresion-secuencial-presoterapia-fases-fisiologico-1.jpg\"><img decoding=\"async\" loading=\"lazy\" width=\"1024\" height=\"1024\" src=\"https:\/\/www.koken.es\/blog\/wp-content\/uploads\/2026\/01\/infografia-mecanismo-compresion-secuencial-presoterapia-fases-fisiologico-1.jpg\" alt=\"\" class=\"wp-image-2957\" srcset=\"https:\/\/www.koken.es\/blog\/wp-content\/uploads\/2026\/01\/infografia-mecanismo-compresion-secuencial-presoterapia-fases-fisiologico-1.jpg 1024w, https:\/\/www.koken.es\/blog\/wp-content\/uploads\/2026\/01\/infografia-mecanismo-compresion-secuencial-presoterapia-fases-fisiologico-1-300x300.jpg 300w, https:\/\/www.koken.es\/blog\/wp-content\/uploads\/2026\/01\/infografia-mecanismo-compresion-secuencial-presoterapia-fases-fisiologico-1-150x150.jpg 150w, https:\/\/www.koken.es\/blog\/wp-content\/uploads\/2026\/01\/infografia-mecanismo-compresion-secuencial-presoterapia-fases-fisiologico-1-768x768.jpg 768w\" sizes=\"(max-width: 1024px) 100vw, 1024px\" \/><\/a><\/figure>\n\n\n\n<p><em>*Tres etapas. Un ciclo. Una revoluci\u00f3n en circulaci\u00f3n venosa y linf\u00e1tica.<\/em><\/p>\n\n\n\n<p><strong>FASE 1: INFLADO SECUENCIAL<\/strong><\/p>\n\n\n\n<ol>\n<li>Compartimento distal (pie) infla primero \u2192 Presi\u00f3n 40-60 mmHg<\/li>\n\n\n\n<li>Comprime venas superficiales y profundas<\/li>\n\n\n\n<li>Desplaza sangre\/linfa hacia proximal<\/li>\n\n\n\n<li>Compartimento siguiente infla \u2192 Efecto cascada<\/li>\n<\/ol>\n\n\n\n<p><strong>FASE 2: DESINFLADO R\u00c1PIDO<\/strong><\/p>\n\n\n\n<ol>\n<li>Todos compartimentos desinflan simult\u00e1neamente<\/li>\n\n\n\n<li>Venas se rellenan con sangre nueva<\/li>\n\n\n\n<li>Linfa fluye hacia ganglios<\/li>\n\n\n\n<li>Ciclo reinicia (t\u00edpicamente 60-120 seg)<\/li>\n<\/ol>\n\n\n\n<p><strong>RESULTADO:<\/strong><\/p>\n\n\n\n<ul>\n<li>\u2191 Velocidad flujo venoso 200-400%<\/li>\n\n\n\n<li>\u2191 Transporte linf\u00e1tico 150-300%<\/li>\n\n\n\n<li>\u2193 Estancamiento l\u00edquidos intersticial<\/li>\n\n\n\n<li>\u2191 Oxigenaci\u00f3n tisular<\/li>\n<\/ul>\n\n\n\n<hr class=\"wp-block-separator has-alpha-channel-opacity\"\/>\n\n\n\n<h2 class=\"wp-block-heading\">Aplicaciones Cl\u00ednicas Validadas (Evidencia Cient\u00edfica)<\/h2>\n\n\n\n<h3 class=\"wp-block-heading\">1. Insuficiencia Venosa Cr\u00f3nica (IVC)<\/h3>\n\n\n\n<p><strong>Nivel evidencia:<\/strong> MODERADO-ALTO<\/p>\n\n\n\n<p><strong>Indicaciones espec\u00edficas:<\/strong><\/p>\n\n\n\n<ul>\n<li>Sensaci\u00f3n piernas cansadas\/pesadas<\/li>\n\n\n\n<li>Edema maleolar leve-moderado<\/li>\n\n\n\n<li>Telangiectasias (venitas superficiales)<\/li>\n\n\n\n<li>V\u00e1rices grado I-II sin \u00falceras<\/li>\n<\/ul>\n\n\n\n<p><strong>Protocolo validado:<\/strong><\/p>\n\n\n\n<ul>\n<li>Presi\u00f3n: 30-60 mmHg<\/li>\n\n\n\n<li>Duraci\u00f3n: 30-45 min\/sesi\u00f3n<\/li>\n\n\n\n<li>Frecuencia: 2-3x\/semana<\/li>\n\n\n\n<li>Ciclo: 10-20 sesiones<\/li>\n<\/ul>\n\n\n\n<p><strong>Resultados estudios:<\/strong><\/p>\n\n\n\n<ul>\n<li>Reducci\u00f3n sensaci\u00f3n pesadez: 60-80% pacientes<\/li>\n\n\n\n<li>Disminuci\u00f3n edema: 30-50%<\/li>\n\n\n\n<li>Mejora calidad vida: Significativa<\/li>\n<\/ul>\n\n\n\n<p><strong>Importante:<\/strong> NO sustituye medias compresivas (uso diario continuo m\u00e1s efectivo)<\/p>\n\n\n\n<hr class=\"wp-block-separator has-alpha-channel-opacity\"\/>\n\n\n\n<h3 class=\"wp-block-heading\">2. Linfedema (USO CONTROVERTIDO)<\/h3>\n\n\n\n<p><strong>Nivel evidencia:<\/strong> BAJO-MODERADO<\/p>\n\n\n\n<p><strong>Consenso cient\u00edfico 2026:<\/strong> La presoterapia NO est\u00e1 recomendada como tratamiento \u00daNICO linfedema por riesgo desarrollar fibrosis largo plazo empeorando el linfedema<\/p>\n\n\n\n<p><strong>Uso aceptado \u00daNICAMENTE:<\/strong><\/p>\n\n\n\n<ul>\n<li>Linfedema estadios I-II (SIN fibrosis)<\/li>\n\n\n\n<li>Como COMPLEMENTO Terapia F\u00edsica Descongestiva (TFD)<\/li>\n\n\n\n<li>SIEMPRE despu\u00e9s drenaje linf\u00e1tico manual<\/li>\n\n\n\n<li>SIEMPRE seguido prendas compresivas<\/li>\n<\/ul>\n\n\n\n<p><strong>Protocolo correcto (integrado TFD):<\/strong><\/p>\n\n\n\n<ol>\n<li>Drenaje linf\u00e1tico manual profesional (30-45 min)<\/li>\n\n\n\n<li>Presoterapia 20-30 min (presi\u00f3n 30-40 mmHg BAJA)<\/li>\n\n\n\n<li>Vendaje compresivo multicapa inmediato<\/li>\n\n\n\n<li>Ejercicios espec\u00edficos<\/li>\n\n\n\n<li>Cuidados piel<\/li>\n<\/ol>\n\n\n\n<p><strong>Contraindicado:<\/strong><\/p>\n\n\n\n<ul>\n<li>Linfedema estadio III (fibrosis severa)<\/li>\n\n\n\n<li>Linfedema primario sin supervisi\u00f3n<\/li>\n\n\n\n<li>Como monoterapia aislada<\/li>\n<\/ul>\n\n\n\n<hr class=\"wp-block-separator has-alpha-channel-opacity\"\/>\n\n\n\n<h3 class=\"wp-block-heading\">3. Recuperaci\u00f3n Deportiva Post-Ejercicio<\/h3>\n\n\n\n<p><strong>Nivel evidencia:<\/strong> MODERADO<\/p>\n\n\n\n<p><strong>Beneficios validados:<\/strong><\/p>\n\n\n\n<figure class=\"wp-block-table\"><table><thead><tr><th>Variable<\/th><th>Evidencia<\/th><th>Mejora<\/th><\/tr><\/thead><tbody><tr><td><strong>DMAT<\/strong> (Dolor muscular aparici\u00f3n tard\u00eda, \u00abagujetas\u00bb)<\/td><td>ALTA<\/td><td>Reducci\u00f3n duraci\u00f3n e intensidad 30-50%<\/td><\/tr><tr><td><strong>Eliminaci\u00f3n \u00e1cido l\u00e1ctico<\/strong><\/td><td>MODERADA<\/td><td>Aceleraci\u00f3n 20-40% (ejercicio anaer\u00f3bico)<\/td><\/tr><tr><td><strong>Marcadores inflamatorios<\/strong><\/td><td>BAJA<\/td><td>No mejora significativa<\/td><\/tr><tr><td><strong>Rendimiento deportivo<\/strong><\/td><td><strong>NINGUNA<\/strong><\/td><td>No hay estudios que demuestren mejor\u00eda rendimiento deportivo<\/td><\/tr><\/tbody><\/table><\/figure>\n\n\n\n<p><strong>Protocolo deportivo:<\/strong><\/p>\n\n\n\n<ul>\n<li><strong>Timing:<\/strong> Inmediatamente post-ejercicio + d\u00edas siguientes<\/li>\n\n\n\n<li>Presi\u00f3n: 40-80 mmHg<\/li>\n\n\n\n<li>Duraci\u00f3n: 20-30 min<\/li>\n\n\n\n<li>Frecuencia: Post-entreno + 2-3 d\u00edas despu\u00e9s<\/li>\n<\/ul>\n\n\n\n<p><strong>Realidad 2025:<\/strong> \u00datil para RECUPERACI\u00d3N subjetiva (menos dolor), NO para mejorar RENDIMIENTO objetivo (tiempos, marcas)<\/p>\n\n\n\n<hr class=\"wp-block-separator has-alpha-channel-opacity\"\/>\n\n\n\n<h3 class=\"wp-block-heading\">4. Edema Post-Quir\u00fargico\/Traum\u00e1tico<\/h3>\n\n\n\n<p><strong>Nivel evidencia:<\/strong> MODERADO-ALTO<\/p>\n\n\n\n<p><strong>Indicaciones:<\/strong><\/p>\n\n\n\n<ul>\n<li>Post-liposucci\u00f3n (reduce edema 40-60%)<\/li>\n\n\n\n<li>Post-cirug\u00eda ortop\u00e9dica extremidades<\/li>\n\n\n\n<li>Post-trauma (esguinces, contusiones)<\/li>\n\n\n\n<li>Edema post-inmovilizaci\u00f3n<\/li>\n<\/ul>\n\n\n\n<p><strong>Beneficios:<\/strong> Reducci\u00f3n hinchaz\u00f3n e inflamaci\u00f3n pacientes postoperatorios, disminuci\u00f3n inflamaci\u00f3n crucial para acelerar recuperaci\u00f3n<\/p>\n\n\n\n<p><strong>Protocolo:<\/strong><\/p>\n\n\n\n<ul>\n<li>Inicio: 48-72h post-cirug\u00eda (NO antes, riesgo sangrado)<\/li>\n\n\n\n<li>Presi\u00f3n: 20-40 mmHg inicial (baja), \u2191 progresivo<\/li>\n\n\n\n<li>Duraci\u00f3n: 20-30 min<\/li>\n\n\n\n<li>Frecuencia: Diaria primeras 2 semanas, luego 3x\/semana<\/li>\n<\/ul>\n\n\n\n<hr class=\"wp-block-separator has-alpha-channel-opacity\"\/>\n\n\n\n<h3 class=\"wp-block-heading\">5. Prevenci\u00f3n Trombosis Venosa Profunda (TVP)<\/h3>\n\n\n\n<p><strong>Nivel evidencia:<\/strong> ALTO (hospitalario)<\/p>\n\n\n\n<p><strong>Uso:<\/strong> Pacientes hospitalizados inmovilizados prolongadamente<\/p>\n\n\n\n<p><strong>Eficacia:<\/strong> Reduce riesgo TVP 50-60% vs no intervenci\u00f3n<\/p>\n\n\n\n<p><strong>Nota:<\/strong> Dispositivos hospitalarios espec\u00edficos, NO equipos est\u00e9ticos comerciales<\/p>\n\n\n\n<hr class=\"wp-block-separator has-alpha-channel-opacity\"\/>\n\n\n\n<h2 class=\"wp-block-heading\">Aplicaciones Est\u00e9ticas: Separando Realidad de Marketing<\/h2>\n\n\n\n<h3 class=\"wp-block-heading\">Celulitis: La Verdad Inc\u00f3moda<\/h3>\n\n\n\n<p><strong>Promesa com\u00fan:<\/strong> \u00abElimina celulitis\u00bb<\/p>\n\n\n\n<p><strong>Realidad cient\u00edfica 2026:<\/strong><\/p>\n\n\n\n<p><strong>La celulitis es:<\/strong><\/p>\n\n\n\n<ul>\n<li>Alteraci\u00f3n estructural tejido adiposo subcut\u00e1neo<\/li>\n\n\n\n<li>Septos fibrosos traccionan piel hacia abajo<\/li>\n\n\n\n<li>Adipocitos hipertrofiados comprimen microcirculaci\u00f3n<\/li>\n\n\n\n<li>Componente gen\u00e9tico 85-90%<\/li>\n<\/ul>\n\n\n\n<p><strong>Lo que presoterapia S\u00cd hace:<\/strong><\/p>\n\n\n\n<ul>\n<li>\u2193 Retenci\u00f3n l\u00edquidos temporalmente (desinfla)<\/li>\n\n\n\n<li>\u2191 Microcirculaci\u00f3n local<\/li>\n\n\n\n<li>Mejora aspecto piel 24-72h (efecto temporal)<\/li>\n<\/ul>\n\n\n\n<p><strong>Lo que presoterapia NO hace:<\/strong><\/p>\n\n\n\n<ul>\n<li>NO elimina septos fibrosos<\/li>\n\n\n\n<li>NO reduce adipocitos (no quema grasa)<\/li>\n\n\n\n<li>NO corrige estructura tisular<\/li>\n\n\n\n<li><strong>Efecto 100% TEMPORAL<\/strong> (vuelve estado basal 3-7 d\u00edas)<\/li>\n<\/ul>\n\n\n\n<p><strong>Evidencia:<\/strong> BAJA para mejora sostenida celulitis<\/p>\n\n\n\n<p><strong>Consenso:<\/strong> Puede usarse como coadyuvante tratamientos celulitis (radiofrecuencia, carboxiterapia), pero NUNCA como \u00fanico tratamiento<\/p>\n\n\n\n<hr class=\"wp-block-separator has-alpha-channel-opacity\"\/>\n\n\n\n<h3 class=\"wp-block-heading\">P\u00e9rdida de Peso\/Grasa: Desmitificando<\/h3>\n\n\n\n<p><strong>Promesa com\u00fan:<\/strong> \u00abPierde peso y volumen\u00bb<\/p>\n\n\n\n<p><strong>Realidad:<\/strong><\/p>\n\n\n\n<p><strong>La presoterapia NO:<\/strong><\/p>\n\n\n\n<ul>\n<li>\u274c Quema calor\u00edas (0 kcal)<\/li>\n\n\n\n<li>\u274c Moviliza grasa (no lipol\u00edtico)<\/li>\n\n\n\n<li>\u274c Reduce adipocitos<\/li>\n\n\n\n<li>\u274c Causa p\u00e9rdida peso real<\/li>\n<\/ul>\n\n\n\n<p><strong>La presoterapia S\u00cd:<\/strong><\/p>\n\n\n\n<ul>\n<li>\u2705 Reduce retenci\u00f3n l\u00edquidos (p\u00e9rdida agua, NO grasa)<\/li>\n\n\n\n<li>\u2705 Desinfla temporalmente (medidas \u2193 1-2 cm 24-48h)<\/li>\n\n\n\n<li>\u2705 Mejora aspecto piel (ef\u00edmero)<\/li>\n<\/ul>\n\n\n\n<p><strong>P\u00e9rdida volumen:<\/strong><\/p>\n\n\n\n<ul>\n<li>Agua intersticial eliminada: 200-500ml sesi\u00f3n<\/li>\n\n\n\n<li><strong>Vuelve 100% en 24-72h<\/strong> (rehidrataci\u00f3n normal)<\/li>\n\n\n\n<li>NO es grasa perdida<\/li>\n<\/ul>\n\n\n\n<p><strong>Conclusi\u00f3n:<\/strong> Si alguien \u00abpierde 2kg y 3cm\u00bb con presoterapia, perdi\u00f3 AGUA que recuperar\u00e1 bebiendo. Cero p\u00e9rdida grasa real.<\/p>\n\n\n\n<hr class=\"wp-block-separator has-alpha-channel-opacity\"\/>\n\n\n\n<h3 class=\"wp-block-heading\">Tonificaci\u00f3n Muscular: Mito<\/h3>\n\n\n\n<p><strong>Promesa:<\/strong> \u00abTonifica m\u00fasculos\u00bb<\/p>\n\n\n\n<p><strong>Realidad:<\/strong> Presoterapia NO contrae m\u00fasculos (no electroestimulaci\u00f3n), solo comprime tejidos. Cero efecto tonificaci\u00f3n.<\/p>\n\n\n\n<hr class=\"wp-block-separator has-alpha-channel-opacity\"\/>\n\n\n\n<h2 class=\"wp-block-heading\">Beneficios Reales Consensuados 2026<\/h2>\n\n\n\n<p><strong>LO QUE S\u00cd FUNCIONA (evidencia):<\/strong><\/p>\n\n\n\n<p>\u2705 <strong>Mejora circulaci\u00f3n venosa<\/strong> &#8211; Reduce sensaci\u00f3n pesadez piernas<br>\u2705 <strong>Reduce edemas leves<\/strong> &#8211; Temporalmente efectivo<br>\u2705 <strong>Acelera recuperaci\u00f3n post-ejercicio<\/strong> &#8211; Menos agujetas<br>\u2705 <strong>Reduce edema post-quir\u00fargico<\/strong> &#8211; Complemento \u00fatil<br>\u2705 <strong>Efecto relajante<\/strong> &#8211; Masaje agradable, reduce estr\u00e9s<br>\u2705 <strong>Mejora oxigenaci\u00f3n tisular<\/strong> &#8211; Beneficio secundario<\/p>\n\n\n\n<p><strong>LO QUE NO FUNCIONA (sin evidencia):<\/strong><\/p>\n\n\n\n<p>\u274c <strong>Elimina celulitis<\/strong> &#8211; Efecto temporal m\u00e1ximo<br>\u274c <strong>P\u00e9rdida grasa\/peso<\/strong> &#8211; Solo agua temporal<br>\u274c <strong>Tonifica m\u00fasculos<\/strong> &#8211; No contrae fibras<br>\u274c <strong>Aumenta rendimiento deportivo<\/strong> &#8211; Sin estudios<br>\u274c <strong>Desintoxica organismo<\/strong> &#8211; H\u00edgado\/ri\u00f1ones desintoxican, no presoterapia<\/p>\n\n\n\n<hr class=\"wp-block-separator has-alpha-channel-opacity\"\/>\n\n\n\n<h2 class=\"wp-block-heading\">Contraindicaciones<\/h2>\n\n\n\n<h3 class=\"wp-block-heading\">Absolutas (NO REALIZAR NUNCA)<\/h3>\n\n\n\n<figure class=\"wp-block-table\"><table><thead><tr><th>Contraindicaci\u00f3n<\/th><th>Raz\u00f3n<\/th><th>Riesgo<\/th><\/tr><\/thead><tbody><tr><td><strong>Trombosis Venosa Profunda activa<\/strong><\/td><td>Riesgo desprendimiento trombo \u2192 embolia pulmonar<\/td><td><strong>MORTAL<\/strong><\/td><\/tr><tr><td><strong>Tromboflebitis aguda<\/strong><\/td><td>Empeoramiento inflamaci\u00f3n venosa<\/td><td>Grave<\/td><\/tr><tr><td><strong>Infecci\u00f3n activa extremidad<\/strong><\/td><td>Diseminaci\u00f3n bacterias<\/td><td>Sepsis<\/td><\/tr><tr><td><strong>Tratamiento anticoagulante<\/strong><\/td><td>Riesgo sangrado por compresi\u00f3n<\/td><td>Hematomas severos<\/td><\/tr><tr><td><strong>Insuficiencia card\u00edaca descompensada<\/strong><\/td><td>Sobrecarga volumen retorno venoso<\/td><td>Edema pulmonar<\/td><\/tr><tr><td><strong>Insuficiencia renal severa<\/strong><\/td><td>No elimina l\u00edquido movilizado<\/td><td>Sobrecarga<\/td><\/tr><tr><td><strong>Marcapasos card\u00edaco<\/strong><\/td><td>Interferencia el\u00e9ctrica posible<\/td><td>Arritmias<\/td><\/tr><\/tbody><\/table><\/figure>\n\n\n\n<hr class=\"wp-block-separator has-alpha-channel-opacity\"\/>\n\n\n\n<h3 class=\"wp-block-heading\">Relativas (Valorar Riesgo-Beneficio)<\/h3>\n\n\n\n<ul>\n<li>Embarazo (especialmente 1er trimestre)<\/li>\n\n\n\n<li>Hipertensi\u00f3n arterial no controlada<\/li>\n\n\n\n<li>Diabetes descompensada (neuropat\u00eda)<\/li>\n\n\n\n<li>Varices severas con \u00falceras<\/li>\n\n\n\n<li>Tumores malignos (met\u00e1stasis por mobilizaci\u00f3n)<\/li>\n\n\n\n<li>Heridas abiertas zona tratamiento<\/li>\n<\/ul>\n\n\n\n<hr class=\"wp-block-separator has-alpha-channel-opacity\"\/>\n\n\n\n<h2 class=\"wp-block-heading\">Protocolo Sesi\u00f3n Completa<\/h2>\n\n\n\n<h3 class=\"wp-block-heading\">Preparaci\u00f3n (10 min)<\/h3>\n\n\n\n<ol>\n<li><strong>Evaluaci\u00f3n:<\/strong> Historia cl\u00ednica, contraindicaciones<\/li>\n\n\n\n<li><strong>Medici\u00f3n:<\/strong> Per\u00edmetro piernas (tobillo, pantorrilla, muslo)<\/li>\n\n\n\n<li><strong>Fotograf\u00edas:<\/strong> Pre-tratamiento (si est\u00e9tico)<\/li>\n\n\n\n<li><strong>Posicionamiento:<\/strong> Reclinado 30-45\u00b0 confortable<\/li>\n<\/ol>\n\n\n\n<hr class=\"wp-block-separator has-alpha-channel-opacity\"\/>\n\n\n\n<h3 class=\"wp-block-heading\">Tratamiento (30-45 min)<\/h3>\n\n\n\n<p><strong>Par\u00e1metros seg\u00fan indicaci\u00f3n:<\/strong><\/p>\n\n\n\n<figure class=\"wp-block-table\"><table><thead><tr><th>Indicaci\u00f3n<\/th><th>Presi\u00f3n (mmHg)<\/th><th>Duraci\u00f3n<\/th><th>Ciclo<\/th><\/tr><\/thead><tbody><tr><td><strong>IVC leve<\/strong><\/td><td>30-50<\/td><td>30-40 min<\/td><td>60 seg<\/td><\/tr><tr><td><strong>Edema post-quir\u00fargico<\/strong><\/td><td>20-40<\/td><td>20-30 min<\/td><td>90 seg<\/td><\/tr><tr><td><strong>Recuperaci\u00f3n deportiva<\/strong><\/td><td>40-80<\/td><td>20-30 min<\/td><td>60 seg<\/td><\/tr><tr><td><strong>Linfedema (complemento)<\/strong><\/td><td>30-40<\/td><td>20-25 min<\/td><td>120 seg<\/td><\/tr><tr><td><strong>Est\u00e9tico (retenci\u00f3n)<\/strong><\/td><td>40-60<\/td><td>30-45 min<\/td><td>60 seg<\/td><\/tr><\/tbody><\/table><\/figure>\n\n\n\n<p><strong>Secuencia t\u00edpica:<\/strong><\/p>\n\n\n\n<ol>\n<li>Colocaci\u00f3n botas\/mangas ajustadas NO apretadas<\/li>\n\n\n\n<li>Inicio programa gradual (presi\u00f3n m\u00ednima)<\/li>\n\n\n\n<li>Incremento progresivo hasta presi\u00f3n objetivo<\/li>\n\n\n\n<li>Ciclos continuos inflado-desinflado<\/li>\n\n\n\n<li>Monitorizaci\u00f3n confort paciente<\/li>\n<\/ol>\n\n\n\n<hr class=\"wp-block-separator has-alpha-channel-opacity\"\/>\n\n\n\n<h3 class=\"wp-block-heading\">Post-Tratamiento (5 min)<\/h3>\n\n\n\n<ol>\n<li>Retirada botas<\/li>\n\n\n\n<li>Medici\u00f3n post (comparar per\u00edmetros)<\/li>\n\n\n\n<li><strong>CR\u00cdTICO:<\/strong> Colocaci\u00f3n medias compresivas (si indicado)<\/li>\n\n\n\n<li>Hidrataci\u00f3n oral (250-500ml agua)<\/li>\n\n\n\n<li>Recomendaciones siguientes 24h<\/li>\n<\/ol>\n\n\n\n<hr class=\"wp-block-separator has-alpha-channel-opacity\"\/>\n\n\n\n<h2 class=\"wp-block-heading\">Frecuencia y Duraci\u00f3n Tratamiento<\/h2>\n\n\n\n<p><strong>AGUDO (Edema post-trauma\/cirug\u00eda):<\/strong><\/p>\n\n\n\n<ul>\n<li>Frecuencia: Diaria primeros 7-14 d\u00edas<\/li>\n\n\n\n<li>Duraci\u00f3n: 2-4 semanas<\/li>\n\n\n\n<li>Objetivo: Resoluci\u00f3n edema<\/li>\n<\/ul>\n\n\n\n<p><strong>CR\u00d3NICO (IVC, linfedema mantenimiento):<\/strong><\/p>\n\n\n\n<ul>\n<li>Frecuencia: 2-3x\/semana<\/li>\n\n\n\n<li>Duraci\u00f3n: Indefinida (tratamiento apoyo)<\/li>\n\n\n\n<li>Objetivo: Control s\u00edntomas<\/li>\n<\/ul>\n\n\n\n<p><strong>DEPORTIVO (Recuperaci\u00f3n):<\/strong><\/p>\n\n\n\n<ul>\n<li>Frecuencia: Post-entrenos intensos + 2-3 d\u00edas despu\u00e9s<\/li>\n\n\n\n<li>Duraci\u00f3n: Variable (temporadas competici\u00f3n)<\/li>\n\n\n\n<li>Objetivo: Reducir agujetas<\/li>\n<\/ul>\n\n\n\n<p><strong>EST\u00c9TICO (Retenci\u00f3n, celulitis):<\/strong><\/p>\n\n\n\n<ul>\n<li>Frecuencia: 2-3x\/semana<\/li>\n\n\n\n<li>Duraci\u00f3n: 10-20 sesiones inicial, luego mantenimiento 1-2x\/mes<\/li>\n\n\n\n<li>Objetivo: Aspecto temporal mejorado<\/li>\n<\/ul>\n\n\n\n<p><strong>Realidad:<\/strong> Efectos est\u00e9ticos son 100% temporales, requieren sesiones continuas mantenimiento<\/p>\n\n\n\n<hr class=\"wp-block-separator has-alpha-channel-opacity\"\/>\n\n\n\n<h2 class=\"wp-block-heading\">Combinaci\u00f3n con Otros Tratamientos<\/h2>\n\n\n\n<h3 class=\"wp-block-heading\">Sinergias Efectivas<\/h3>\n\n\n\n<p><strong>Presoterapia + Drenaje Linf\u00e1tico Manual:<\/strong><\/p>\n\n\n\n<ul>\n<li>Orden: DLM PRIMERO \u2192 Presoterapia despu\u00e9s<\/li>\n\n\n\n<li>Potencia eliminaci\u00f3n l\u00edquidos<\/li>\n\n\n\n<li>Uso: Linfedema, edemas<\/li>\n<\/ul>\n\n\n\n<p><strong>Presoterapia + Medias Compresivas:<\/strong><\/p>\n\n\n\n<ul>\n<li>Orden: Presoterapia \u2192 Medias inmediatamente<\/li>\n\n\n\n<li>Mantiene resultados 24-72h<\/li>\n\n\n\n<li>Uso: IVC, linfedema<\/li>\n<\/ul>\n\n\n\n<p><strong>Presoterapia + Radiofrecuencia\/Carboxiterapia:<\/strong><\/p>\n\n\n\n<ul>\n<li>Complemento tratamiento celulitis<\/li>\n\n\n\n<li>Presoterapia despu\u00e9s (drenaje)<\/li>\n\n\n\n<li>Mejora aspecto temporalmente<\/li>\n<\/ul>\n\n\n\n<hr class=\"wp-block-separator has-alpha-channel-opacity\"\/>\n\n\n\n<h3 class=\"wp-block-heading\">Combinaciones Ineficaces<\/h3>\n\n\n\n<p><strong>Presoterapia + Dieta\/Ejercicio \u00abpara potenciar p\u00e9rdida peso\u00bb:<\/strong><\/p>\n\n\n\n<ul>\n<li>Presoterapia NO potencia p\u00e9rdida grasa<\/li>\n\n\n\n<li>Dieta\/ejercicio funcionan solos<\/li>\n\n\n\n<li>Presoterapia solo efecto placebo psicol\u00f3gico<\/li>\n<\/ul>\n\n\n\n<hr class=\"wp-block-separator has-alpha-channel-opacity\"\/>\n\n\n\n<h2 class=\"wp-block-heading\">Coste-Efectividad 2026<\/h2>\n\n\n\n<p><strong>Inversi\u00f3n t\u00edpica:<\/strong><\/p>\n\n\n\n<figure class=\"wp-block-table\"><table><thead><tr><th>Concepto<\/th><th>Precio Espa\u00f1a 2025<\/th><\/tr><\/thead><tbody><tr><td><strong>Sesi\u00f3n individual<\/strong><\/td><td>30-60\u20ac<\/td><\/tr><tr><td><strong>Bono 10 sesiones<\/strong><\/td><td>250-450\u20ac (25-45\u20ac\/sesi\u00f3n)<\/td><\/tr><tr><td><strong>Bono 20 sesiones<\/strong><\/td><td>400-700\u20ac (20-35\u20ac\/sesi\u00f3n)<\/td><\/tr><tr><td><strong>Dispositivo casero b\u00e1sico<\/strong><\/td><td>150-400\u20ac<\/td><\/tr><tr><td><strong>Dispositivo casero avanzado<\/strong><\/td><td>500-1,500\u20ac<\/td><\/tr><\/tbody><\/table><\/figure>\n\n\n\n<p><strong>ROI (Retorno Inversi\u00f3n):<\/strong><\/p>\n\n\n\n<p><strong>Para indicaciones M\u00c9DICAS (IVC, edemas):<\/strong><\/p>\n\n\n\n<ul>\n<li>Beneficio sintom\u00e1tico real<\/li>\n\n\n\n<li>Alternativa sesiones fisioterapia<\/li>\n\n\n\n<li><strong>Valoraci\u00f3n:<\/strong> Razonable si s\u00edntomas significativos<\/li>\n<\/ul>\n\n\n\n<p><strong>Para objetivos EST\u00c9TICOS (celulitis, \u00abadelgazar\u00bb):<\/strong><\/p>\n\n\n\n<ul>\n<li>Beneficio temporal ef\u00edmero<\/li>\n\n\n\n<li>Requiere sesiones indefinidas mantenimiento<\/li>\n\n\n\n<li><strong>Valoraci\u00f3n:<\/strong> Pobre (resultado\/coste)<\/li>\n\n\n\n<li><strong>Alternativa mejor:<\/strong> Invertir en dieta, ejercicio, tratamientos validados celulitis (RF, carboxiterapia)<\/li>\n<\/ul>\n\n\n\n<hr class=\"wp-block-separator has-alpha-channel-opacity\"\/>\n\n\n\n<h2 class=\"wp-block-heading\">Productos Profesionales Koken<\/h2>\n\n\n\n<p><strong><a href=\"https:\/\/www.koken.es\/cosmetica\/facial\/\" title=\"\">Cosm\u00e9tica Facial Profesional Koken<\/a>:<\/strong><\/p>\n\n\n\n<ul>\n<li>Geles post-presoterapia drenantes<\/li>\n\n\n\n<li>Cremas reafirmantes complemento<\/li>\n<\/ul>\n\n\n\n<p><strong><a href=\"https:\/\/www.koken.es\/cosmetica\/corporal\/\" title=\"\">Cosm\u00e9tica Corporal Koken<\/a>:<\/strong><\/p>\n\n\n\n<ul>\n<li>Geles fr\u00edos efecto circulatorio<\/li>\n\n\n\n<li>Cremas anticelul\u00edticas (uso combinado)<\/li>\n<\/ul>\n\n\n\n<p><strong><a href=\"https:\/\/www.koken.es\/\">Productos Profesionales Koken<\/a><\/strong> &#8211; Calidad dermatol\u00f3gica para centros que ofrecen presoterapia integrada en protocolos completos.<\/p>\n\n\n\n<hr class=\"wp-block-separator has-alpha-channel-opacity\"\/>\n\n\n\n<h2 class=\"wp-block-heading\">Conclusi\u00f3n: La Presoterapia en Perspectiva<\/h2>\n\n\n\n<p><strong>3 Mensajes Clave 2026:<\/strong><\/p>\n\n\n\n<p><strong>1. HERRAMIENTA \u00daTIL en contexto M\u00c9DICO correcto:<\/strong><\/p>\n\n\n\n<ul>\n<li>IVC sintom\u00e1tica<\/li>\n\n\n\n<li>Edemas post-cirug\u00eda\/trauma<\/li>\n\n\n\n<li>Recuperaci\u00f3n deportiva (agujetas)<\/li>\n\n\n\n<li>Complemento linfedema (NUNCA sola)<\/li>\n<\/ul>\n\n\n\n<p><strong>2. BENEFICIO EST\u00c9TICO TEMPORAL LIMITADO:<\/strong><\/p>\n\n\n\n<ul>\n<li>NO elimina celulitis permanentemente<\/li>\n\n\n\n<li>NO causa p\u00e9rdida grasa\/peso real<\/li>\n\n\n\n<li>Efecto \u00abdesinflado\u00bb 24-72h m\u00e1ximo<\/li>\n\n\n\n<li>Requiere sesiones continuas (costoso)<\/li>\n<\/ul>\n\n\n\n<p><strong>3. NO ES PANACEA ni MILAGRO:<\/strong><\/p>\n\n\n\n<ul>\n<li>Funciona mecanismo f\u00edsico simple (compresi\u00f3n)<\/li>\n\n\n\n<li>Sin efectos \u00abdesintoxicantes m\u00e1gicos\u00bb<\/li>\n\n\n\n<li>Sin capacidad \u00abquemar grasa\u00bb<\/li>\n\n\n\n<li>\u00datil en nicho espec\u00edfico, sobrevendida fuera<\/li>\n<\/ul>\n\n\n\n<p><strong>Decisi\u00f3n informada:<\/strong><\/p>\n\n\n\n<ul>\n<li>\u00bfS\u00edntomas piernas cansadas IVC? \u2192 Presoterapia \u00fatil<\/li>\n\n\n\n<li>\u00bfRecuperaci\u00f3n post-entreno? \u2192 Presoterapia complemento<\/li>\n\n\n\n<li>\u00bfEliminar celulitis permanente? \u2192 Presoterapia NO soluci\u00f3n<\/li>\n\n\n\n<li>\u00bfPerder peso? \u2192 Presoterapia in\u00fatil (dieta + ejercicio)<\/li>\n<\/ul>\n\n\n\n<p><strong>La presoterapia NO es mala. Es limitada. \u00dasala para lo que S\u00cd funciona. No esperes lo que NO puede dar.<\/strong><\/p>\n","protected":false},"excerpt":{"rendered":"<p>La presoterapia se ha convertido en uno de los tratamientos m\u00e1s solicitados tanto en centros de est\u00e9tica como en cl\u00ednicas de fisioterapia, prometiendo desde combatir la celulitis hasta acelerar la recuperaci\u00f3n deportiva. Pero en 2026, la ciencia nos obliga a &hellip; <a href=\"https:\/\/www.koken.es\/blog\/presoterapia-guia-completa\/\" class=\"more-link\">Sigue leyendo <span class=\"meta-nav\">&rarr;<\/span><\/a><\/p>\n","protected":false},"author":2,"featured_media":2945,"comment_status":"open","ping_status":"closed","sticky":false,"template":"","format":"standard","meta":{"om_disable_all_campaigns":false,"_mi_skip_tracking":false,"_monsterinsights_sitenote_active":false,"_monsterinsights_sitenote_note":"","_monsterinsights_sitenote_category":0},"categories":[2],"tags":[326,325,30,327,324],"aioseo_notices":[],"_links":{"self":[{"href":"https:\/\/www.koken.es\/blog\/wp-json\/wp\/v2\/posts\/247"}],"collection":[{"href":"https:\/\/www.koken.es\/blog\/wp-json\/wp\/v2\/posts"}],"about":[{"href":"https:\/\/www.koken.es\/blog\/wp-json\/wp\/v2\/types\/post"}],"author":[{"embeddable":true,"href":"https:\/\/www.koken.es\/blog\/wp-json\/wp\/v2\/users\/2"}],"replies":[{"embeddable":true,"href":"https:\/\/www.koken.es\/blog\/wp-json\/wp\/v2\/comments?post=247"}],"version-history":[{"count":4,"href":"https:\/\/www.koken.es\/blog\/wp-json\/wp\/v2\/posts\/247\/revisions"}],"predecessor-version":[{"id":3920,"href":"https:\/\/www.koken.es\/blog\/wp-json\/wp\/v2\/posts\/247\/revisions\/3920"}],"wp:featuredmedia":[{"embeddable":true,"href":"https:\/\/www.koken.es\/blog\/wp-json\/wp\/v2\/media\/2945"}],"wp:attachment":[{"href":"https:\/\/www.koken.es\/blog\/wp-json\/wp\/v2\/media?parent=247"}],"wp:term":[{"taxonomy":"category","embeddable":true,"href":"https:\/\/www.koken.es\/blog\/wp-json\/wp\/v2\/categories?post=247"},{"taxonomy":"post_tag","embeddable":true,"href":"https:\/\/www.koken.es\/blog\/wp-json\/wp\/v2\/tags?post=247"}],"curies":[{"name":"wp","href":"https:\/\/api.w.org\/{rel}","templated":true}]}}