{"id":503,"date":"2015-07-06T11:04:46","date_gmt":"2015-07-06T11:04:46","guid":{"rendered":"http:\/\/blog.koken.es\/?p=503"},"modified":"2026-01-29T20:01:37","modified_gmt":"2026-01-29T20:01:37","slug":"germen-trigo-propiedades-beneficios-salud-piel","status":"publish","type":"post","link":"https:\/\/www.koken.es\/blog\/germen-trigo-propiedades-beneficios-salud-piel\/","title":{"rendered":"Germen de Trigo: Propiedades, Beneficios y Usos en Cosm\u00e9tica y Salud"},"content":{"rendered":"\n<p>El <strong>germen de trigo<\/strong> es, sin lugar a dudas, la parte m\u00e1s nutritiva del grano de trigo y uno de los superalimentos naturales m\u00e1s completos que existen. Este peque\u00f1o tesoro nutricional, que representa apenas el 2-3% del grano completo, concentra una extraordinaria riqueza de vitaminas, minerales, prote\u00ednas y \u00e1cidos grasos esenciales que lo convierten en un aliado excepcional tanto para la salud interna como para el cuidado de la piel, el cabello y las u\u00f1as.<\/p>\n\n\n\n<p>Si buscas un complemento natural completo para mantener tu cuerpo tonificado, tu piel radiante y tu organismo en perfecto equilibrio, o simplemente quieres conocer en profundidad este ingrediente que est\u00e1 revolucionando la cosm\u00e9tica profesional y la nutrici\u00f3n, este art\u00edculo te revelar\u00e1 todo sobre el germen de trigo: sus propiedades cient\u00edficamente demostradas, beneficios para la salud y la belleza, composici\u00f3n nutricional excepcional, formas de uso y los productos profesionales que mejor lo incorporan.<\/p>\n\n\n\n<p>En <strong><a href=\"https:\/\/www.koken.es\/\">KOKEN Cosm\u00e9tica Profesional<\/a><\/strong> valoramos profundamente los ingredientes naturales de eficacia comprobada, y el germen de trigo destaca como uno de los componentes m\u00e1s potentes y vers\u00e1tiles para el cuidado integral de la piel y el bienestar general.<\/p>\n\n\n\n<h2 class=\"wp-block-heading\">\u00bfQu\u00e9 es el Germen de Trigo?<\/h2>\n\n\n\n<p>El <strong>germen de trigo<\/strong> es el <strong>embri\u00f3n<\/strong> del grano de trigo (<em>Triticum vulgare<\/em> o <em>Triticum aestivum<\/em>), la parte que germinar\u00eda y se convertir\u00eda en una nueva planta si el grano fuera sembrado. Esta diminuta porci\u00f3n del cereal concentra, de forma extraordinaria, todos los nutrientes necesarios para el desarrollo de una planta completa, convirti\u00e9ndolo en <strong>la parte m\u00e1s nutritiva y valiosa<\/strong> del grano entero.<\/p>\n\n\n\n<h3 class=\"wp-block-heading\">Anatom\u00eda del Grano de Trigo<\/h3>\n\n\n\n<p>Un grano de trigo completo se compone de tres partes principales:<\/p>\n\n\n\n<p><strong>1. Salvado (15%):<\/strong> La capa externa rica en fibra <strong>2. Endospermo (83%):<\/strong> La parte almidonosa central que se muele para hacer harina blanca <strong>3. Germen (2-3%):<\/strong> El embri\u00f3n, la parte m\u00e1s peque\u00f1a pero <strong>infinitamente m\u00e1s nutritiva<\/strong><\/p>\n\n\n\n<p>Durante el proceso de refinado para producir harina blanca, tanto el salvado como el germen se eliminan, dejando solo el endospermo empobrecido nutricionalmente. Esta es la raz\u00f3n por la que el pan blanco y las harinas refinadas carecen del valor nutricional del grano integral.<\/p>\n\n\n\n<h3 class=\"wp-block-heading\">\u00bfPor qu\u00e9 se Elimina el Germen en la Molienda?<\/h3>\n\n\n\n<p>Aunque es la parte m\u00e1s nutritiva, el germen se retira durante la molienda industrial de la harina por una raz\u00f3n pr\u00e1ctica: su <strong>alto contenido en aceites y grasas naturales<\/strong> (10-14% de su peso) hace que las harinas que lo contienen se enrancien r\u00e1pidamente, reduciendo su vida \u00fatil comercial. Por eso, el germen se extrae y se comercializa por separado como suplemento nutricional o se prensa para obtener su valioso aceite.<\/p>\n\n\n\n<h3 class=\"wp-block-heading\">Caracter\u00edsticas del Germen de Trigo<\/h3>\n\n\n\n<p><strong>Aspecto f\u00edsico:<\/strong><\/p>\n\n\n\n<ul>\n<li><strong>Color:<\/strong> Amarillo dorado a marr\u00f3n claro<\/li>\n\n\n\n<li><strong>Textura:<\/strong> Peque\u00f1as escamas o copos crujientes<\/li>\n\n\n\n<li><strong>Sabor:<\/strong> Suave, ligeramente dulce, con notas a frutos secos<\/li>\n\n\n\n<li><strong>Olor:<\/strong> Caracter\u00edstico a cereal, agradable<\/li>\n<\/ul>\n\n\n\n<p><strong>Aceite de germen de trigo:<\/strong><\/p>\n\n\n\n<ul>\n<li><strong>Color:<\/strong> Amarillo oscuro a anaranjado<\/li>\n\n\n\n<li><strong>Textura:<\/strong> Denso, viscoso<\/li>\n\n\n\n<li><strong>Olor:<\/strong> Intenso, caracter\u00edstico<\/li>\n\n\n\n<li><strong>Sabor:<\/strong> Fuerte, a cereal<\/li>\n<\/ul>\n\n\n\n<h2 class=\"wp-block-heading\">Composici\u00f3n Nutricional Excepcional del Germen de Trigo<\/h2>\n\n\n\n<p>El germen de trigo destaca por ser uno de los alimentos m\u00e1s completos nutricionalmente. Su composici\u00f3n es verdaderamente extraordinaria:<\/p>\n\n\n\n<h3 class=\"wp-block-heading\">Perfil de Macronutrientes (por 100g)<\/h3>\n\n\n\n<p><strong>Prote\u00ednas:<\/strong> 25-28g<\/p>\n\n\n\n<ul>\n<li><strong>Una de las concentraciones de prote\u00edna vegetal m\u00e1s altas<\/strong><\/li>\n\n\n\n<li>Contiene todos los amino\u00e1cidos esenciales<\/li>\n\n\n\n<li>Alto valor biol\u00f3gico<\/li>\n\n\n\n<li>Especialmente rico en lisina (deficitaria en otros cereales)<\/li>\n<\/ul>\n\n\n\n<p><strong>Grasas:<\/strong> 10-14g<\/p>\n\n\n\n<ul>\n<li>Principalmente \u00e1cidos grasos poliinsaturados (omega-3 y omega-6)<\/li>\n\n\n\n<li>\u00c1cido linoleico (omega-6): 50-60%<\/li>\n\n\n\n<li>\u00c1cido linol\u00e9nico (omega-3): 5-8%<\/li>\n\n\n\n<li>\u00c1cido oleico (omega-9): 15-20%<\/li>\n\n\n\n<li><strong>Sin colesterol<\/strong> (origen 100% vegetal)<\/li>\n<\/ul>\n\n\n\n<p><strong>Hidratos de carbono:<\/strong> 45-50g<\/p>\n\n\n\n<ul>\n<li><strong>Bajo \u00edndice gluc\u00e9mico<\/strong> (IG: 25-30)<\/li>\n\n\n\n<li>Ideal para diab\u00e9ticos<\/li>\n\n\n\n<li>Energ\u00eda sostenida sin picos de insulina<\/li>\n\n\n\n<li>Rico en fibra diet\u00e9tica (15g por 100g)<\/li>\n<\/ul>\n\n\n\n<h3 class=\"wp-block-heading\">Vitaminas: El Tesoro del Germen<\/h3>\n\n\n\n<p><strong>Vitamina E (tocoferoles):<\/strong> 20-30 mg por 100g<\/p>\n\n\n\n<ul>\n<li><strong>La fuente natural m\u00e1s rica en vitamina E del mundo vegetal<\/strong><\/li>\n\n\n\n<li>Una sola cucharada (15g) aporta <strong>m\u00e1s del 100% de la RDA de vitamina E<\/strong><\/li>\n\n\n\n<li>Antioxidante potent\u00edsimo<\/li>\n\n\n\n<li>Protector celular excepcional<\/li>\n<\/ul>\n\n\n\n<p><strong>Vitaminas del Grupo B:<\/strong><\/p>\n\n\n\n<ul>\n<li><strong>Vitamina B1 (Tiamina):<\/strong> 2 mg (sistema nervioso, energ\u00eda)<\/li>\n\n\n\n<li><strong>Vitamina B2 (Riboflavina):<\/strong> 0.7 mg (metabolismo, piel, ojos)<\/li>\n\n\n\n<li><strong>Vitamina B3 (Niacina):<\/strong> 6 mg (circulaci\u00f3n, piel)<\/li>\n\n\n\n<li><strong>Vitamina B6 (Piridoxina):<\/strong> 1.3 mg (funci\u00f3n cerebral, estado de \u00e1nimo)<\/li>\n\n\n\n<li><strong>Vitamina B9 (\u00c1cido f\u00f3lico):<\/strong> 350 mcg (embarazo, formaci\u00f3n c\u00e9lulas)<\/li>\n<\/ul>\n\n\n\n<p><strong>Vitamina A (carotenoides):<\/strong> 50 mcg<\/p>\n\n\n\n<ul>\n<li>Antioxidante<\/li>\n\n\n\n<li>Salud visual<\/li>\n\n\n\n<li>Regeneraci\u00f3n piel<\/li>\n<\/ul>\n\n\n\n<p><strong>Vitamina D:<\/strong> Trazas<\/p>\n\n\n\n<ul>\n<li>Salud \u00f3sea<\/li>\n\n\n\n<li>Sistema inmunol\u00f3gico<\/li>\n<\/ul>\n\n\n\n<p><strong>Vitamina K:<\/strong> 4-5 mcg<\/p>\n\n\n\n<ul>\n<li>Coagulaci\u00f3n sangu\u00ednea<\/li>\n\n\n\n<li>Salud \u00f3sea<\/li>\n<\/ul>\n\n\n\n<h3 class=\"wp-block-heading\">Minerales Esenciales<\/h3>\n\n\n\n<p><strong>Magnesio:<\/strong> 250-300 mg (funci\u00f3n muscular, sistema nervioso) <strong>F\u00f3sforo:<\/strong> 1,000-1,200 mg (huesos, energ\u00eda celular) <strong>Potasio:<\/strong> 850 mg (equilibrio h\u00eddrico, presi\u00f3n arterial) <strong>Zinc:<\/strong> 15-17 mg (inmunidad, piel, cabello, u\u00f1as) <strong>Hierro:<\/strong> 8-10 mg (previene anemia, oxigenaci\u00f3n) <strong>Calcio:<\/strong> 70 mg (huesos, dientes) <strong>Selenio:<\/strong> 80 mcg (antioxidante, tiroides) <strong>Manganeso:<\/strong> 13 mg (metabolismo, huesos)<\/p>\n\n\n\n<h3 class=\"wp-block-heading\">Otros Compuestos Bioactivos<\/h3>\n\n\n\n<p><strong>\u00c1cido linoleico (Vitamina F):<\/strong><\/p>\n\n\n\n<ul>\n<li>Equilibra el metabolismo de grasas, az\u00facares y prote\u00ednas<\/li>\n\n\n\n<li>Esencial para la piel (ceramidas)<\/li>\n\n\n\n<li>Antiinflamatorio<\/li>\n<\/ul>\n\n\n\n<p><strong>Lecitina (Fosfatidilcolina):<\/strong><\/p>\n\n\n\n<ul>\n<li>Salud cerebral y memoria<\/li>\n\n\n\n<li>Emulsionante natural<\/li>\n\n\n\n<li>Reduce colesterol<\/li>\n<\/ul>\n\n\n\n<p><strong>Octacosanol:<\/strong><\/p>\n\n\n\n<ul>\n<li>Mejora resistencia f\u00edsica<\/li>\n\n\n\n<li>Aumenta energ\u00eda<\/li>\n\n\n\n<li>Potenciador deportivo natural<\/li>\n<\/ul>\n\n\n\n<p><strong>Fitoesteroles:<\/strong><\/p>\n\n\n\n<ul>\n<li>Reducen colesterol LDL<\/li>\n\n\n\n<li>Antiinflamatorios<\/li>\n\n\n\n<li>Protecci\u00f3n cardiovascular<\/li>\n<\/ul>\n\n\n\n<p><strong>Enzimas activas:<\/strong><\/p>\n\n\n\n<ul>\n<li>Facilitan digesti\u00f3n<\/li>\n\n\n\n<li>Mejoran absorci\u00f3n de nutrientes<\/li>\n<\/ul>\n\n\n\n<p>Esta composici\u00f3n extraordinaria convierte al germen de trigo en <strong>uno de los superalimentos m\u00e1s completos de la naturaleza<\/strong>, comparable solo a otros \u00absuperfoods\u00bb como la espirulina, la ch\u00eda o las semillas de c\u00e1\u00f1amo.<\/p>\n\n\n\n<h2 class=\"wp-block-heading\">Propiedades del Germen de Trigo<\/h2>\n\n\n\n<h3 class=\"wp-block-heading\">1. <strong>Antioxidante Extraordinario<\/strong><\/h3>\n\n\n\n<p>El germen de trigo es <strong>el alimento natural con mayor concentraci\u00f3n de vitamina E<\/strong> (tocoferoles) del reino vegetal:<\/p>\n\n\n\n<ul>\n<li><strong>Neutraliza radicales libres<\/strong> con una eficacia excepcional<\/li>\n\n\n\n<li><strong>Protege las membranas celulares<\/strong> del da\u00f1o oxidativo<\/li>\n\n\n\n<li><strong>Previene el envejecimiento prematuro<\/strong> celular y cut\u00e1neo<\/li>\n\n\n\n<li><strong>Protege contra enfermedades degenerativas<\/strong> (cardiovasculares, c\u00e1ncer)<\/li>\n\n\n\n<li><strong>Mejora la salud ocular<\/strong> (previene cataratas, degeneraci\u00f3n macular)<\/li>\n<\/ul>\n\n\n\n<p>Una sola cucharada diaria de germen de trigo aporta m\u00e1s vitamina E que la mayor\u00eda de suplementos sint\u00e9ticos.<\/p>\n\n\n\n<h3 class=\"wp-block-heading\">2. <strong>Energizante Natural y Revitalizante<\/strong><\/h3>\n\n\n\n<p>Su riqueza en <strong>vitaminas del grupo B<\/strong>, prote\u00ednas de calidad y carbohidratos complejos lo convierte en un energizante excepcional:<\/p>\n\n\n\n<ul>\n<li><strong>Combate el cansancio f\u00edsico y mental<\/strong><\/li>\n\n\n\n<li><strong>Mejora el rendimiento deportivo<\/strong> (octacosanol)<\/li>\n\n\n\n<li><strong>Aumenta la resistencia<\/strong> y la capacidad de esfuerzo<\/li>\n\n\n\n<li><strong>Reduce la fatiga<\/strong> en periodos de exigencia<\/li>\n\n\n\n<li><strong>Ideal para estudiantes<\/strong>, deportistas, personas con alta carga laboral<\/li>\n<\/ul>\n\n\n\n<h3 class=\"wp-block-heading\">3. <strong>Protector Cardiovascular<\/strong><\/h3>\n\n\n\n<p>Los m\u00faltiples nutrientes del germen de trigo trabajan sin\u00e9rgicamente para proteger el coraz\u00f3n y las arterias:<\/p>\n\n\n\n<ul>\n<li><strong>Reduce el colesterol LDL<\/strong> (\u00abmalo\u00bb) gracias a fitoesteroles y lecitina<\/li>\n\n\n\n<li><strong>Aumenta el colesterol HDL<\/strong> (\u00abbueno\u00bb)<\/li>\n\n\n\n<li><strong>Previene la arteriosclerosis<\/strong> (vitamina E protege arterias)<\/li>\n\n\n\n<li><strong>Mejora la circulaci\u00f3n<\/strong> sangu\u00ednea<\/li>\n\n\n\n<li><strong>Regula la presi\u00f3n arterial<\/strong> (magnesio, potasio, omega-3)<\/li>\n\n\n\n<li><strong>Previene formaci\u00f3n de trombos<\/strong> (vitamina E)<\/li>\n<\/ul>\n\n\n\n<h3 class=\"wp-block-heading\">4. <strong>Regulador Metab\u00f3lico<\/strong><\/h3>\n\n\n\n<p>El <strong>\u00e1cido linoleico<\/strong> (vitamina F) presente en el germen de trigo equilibra el metabolismo:<\/p>\n\n\n\n<ul>\n<li><strong>Facilita la asimilaci\u00f3n de grasas<\/strong>, az\u00facares y prote\u00ednas<\/li>\n\n\n\n<li><strong>Ayuda a quemar grasa<\/strong> acumulada, especialmente abdominal<\/li>\n\n\n\n<li><strong>Regula los niveles de glucosa<\/strong> en sangre (bajo \u00edndice gluc\u00e9mico)<\/li>\n\n\n\n<li><strong>Ideal para diab\u00e9ticos<\/strong> tipo 2 (magnesio mejora sensibilidad insulina)<\/li>\n\n\n\n<li><strong>Previene acumulaci\u00f3n de grasa<\/strong> visceral<\/li>\n<\/ul>\n\n\n\n<h3 class=\"wp-block-heading\">5. <strong>Aliado de la Belleza Natural<\/strong><\/h3>\n\n\n\n<p>El germen de trigo es un <strong>potenciador de belleza natural<\/strong> extraordinario:<\/p>\n\n\n\n<p><strong>Para la piel:<\/strong><\/p>\n\n\n\n<ul>\n<li><strong>Vitamina E:<\/strong> Antioxidante, previene arrugas, protege de UV<\/li>\n\n\n\n<li><strong>Zinc:<\/strong> Cicatrizaci\u00f3n, previene acn\u00e9, regula sebo<\/li>\n\n\n\n<li><strong>Vitaminas B:<\/strong> Regeneraci\u00f3n celular, luminosidad<\/li>\n\n\n\n<li><strong>\u00c1cidos grasos:<\/strong> Hidrataci\u00f3n, elasticidad, firmeza<\/li>\n<\/ul>\n\n\n\n<p><strong>Para el cabello:<\/strong><\/p>\n\n\n\n<ul>\n<li><strong>Prote\u00ednas:<\/strong> Fortalecen estructura capilar<\/li>\n\n\n\n<li><strong>Vitaminas B:<\/strong> Crecimiento, brillo, vitalidad<\/li>\n\n\n\n<li><strong>Zinc:<\/strong> Previene ca\u00edda, fortalece ra\u00edz<\/li>\n\n\n\n<li><strong>\u00c1cidos grasos:<\/strong> Nutrici\u00f3n, suavidad, brillo<\/li>\n<\/ul>\n\n\n\n<p><strong>Para las u\u00f1as:<\/strong><\/p>\n\n\n\n<ul>\n<li><strong>Zinc:<\/strong> Fortalece, previene fragilidad<\/li>\n\n\n\n<li><strong>Prote\u00ednas:<\/strong> Estructura resistente<\/li>\n\n\n\n<li><strong>Vitaminas B:<\/strong> Crecimiento saludable<\/li>\n<\/ul>\n\n\n\n<h3 class=\"wp-block-heading\">6. <strong>Soporte Digestivo e Intestinal<\/strong><\/h3>\n\n\n\n<p>Su <strong>alto contenido en fibra<\/strong> (15g por 100g) proporciona:<\/p>\n\n\n\n<ul>\n<li><strong>Mejora el tr\u00e1nsito intestinal<\/strong> (previene estre\u00f1imiento)<\/li>\n\n\n\n<li><strong>Alimenta microbiota<\/strong> intestinal beneficiosa (prebi\u00f3tico)<\/li>\n\n\n\n<li><strong>Regula az\u00facar en sangre<\/strong> (fibra soluble)<\/li>\n\n\n\n<li><strong>Aumenta saciedad<\/strong> (control de peso)<\/li>\n\n\n\n<li><strong>Facilita digesti\u00f3n<\/strong> (enzimas activas)<\/li>\n<\/ul>\n\n\n\n<h3 class=\"wp-block-heading\">7. <strong>Protector del Sistema Nervioso<\/strong><\/h3>\n\n\n\n<p>Las <strong>vitaminas del grupo B<\/strong> y la <strong>lecitina<\/strong> protegen el sistema nervioso:<\/p>\n\n\n\n<ul>\n<li><strong>Mejora memoria y concentraci\u00f3n<\/strong> (colina de lecitina)<\/li>\n\n\n\n<li><strong>Reduce estr\u00e9s y ansiedad<\/strong> (vitaminas B, magnesio)<\/li>\n\n\n\n<li><strong>Protege neuronas<\/strong> (antioxidantes)<\/li>\n\n\n\n<li><strong>Previene deterioro cognitivo<\/strong> (Alzheimer, demencia)<\/li>\n\n\n\n<li><strong>Mejora el estado de \u00e1nimo<\/strong> (vitamina B6 participa en s\u00edntesis serotonina)<\/li>\n<\/ul>\n\n\n\n<h3 class=\"wp-block-heading\">8. <strong>Apoyo Inmunol\u00f3gico<\/strong><\/h3>\n\n\n\n<p>M\u00faltiples nutrientes fortalecen el sistema inmune:<\/p>\n\n\n\n<ul>\n<li><strong>Zinc:<\/strong> Esencial para funci\u00f3n inmune \u00f3ptima<\/li>\n\n\n\n<li><strong>Selenio:<\/strong> Potencia respuesta inmunitaria<\/li>\n\n\n\n<li><strong>Vitamina E:<\/strong> Protege c\u00e9lulas inmunes<\/li>\n\n\n\n<li><strong>Vitaminas B:<\/strong> Producci\u00f3n de anticuerpos<\/li>\n\n\n\n<li><strong>Prote\u00ednas:<\/strong> Construcci\u00f3n de defensas<\/li>\n<\/ul>\n\n\n\n<figure class=\"wp-block-image size-full\"><a href=\"https:\/\/www.koken.es\/blog\/wp-content\/uploads\/2026\/01\/infografia-germen-trigo-8-beneficios-superalimento-vitamina-e-koken.jpg\"><img decoding=\"async\" loading=\"lazy\" width=\"1024\" height=\"1024\" src=\"https:\/\/www.koken.es\/blog\/wp-content\/uploads\/2026\/01\/infografia-germen-trigo-8-beneficios-superalimento-vitamina-e-koken.jpg\" alt=\"\" class=\"wp-image-3206\" srcset=\"https:\/\/www.koken.es\/blog\/wp-content\/uploads\/2026\/01\/infografia-germen-trigo-8-beneficios-superalimento-vitamina-e-koken.jpg 1024w, https:\/\/www.koken.es\/blog\/wp-content\/uploads\/2026\/01\/infografia-germen-trigo-8-beneficios-superalimento-vitamina-e-koken-300x300.jpg 300w, https:\/\/www.koken.es\/blog\/wp-content\/uploads\/2026\/01\/infografia-germen-trigo-8-beneficios-superalimento-vitamina-e-koken-150x150.jpg 150w, https:\/\/www.koken.es\/blog\/wp-content\/uploads\/2026\/01\/infografia-germen-trigo-8-beneficios-superalimento-vitamina-e-koken-768x768.jpg 768w\" sizes=\"(max-width: 1024px) 100vw, 1024px\" \/><\/a><\/figure>\n\n\n\n<h2 class=\"wp-block-heading\">Beneficios del Germen de Trigo para la Salud<\/h2>\n\n\n\n<h3 class=\"wp-block-heading\">Para la Salud Cardiovascular<\/h3>\n\n\n\n<p>\u2705 <strong>Reduce colesterol total y LDL<\/strong> en 10-15% (estudios cl\u00ednicos)<br>\u2705 <strong>Aumenta colesterol HDL<\/strong> (\u00abbueno\u00bb)<br>\u2705 <strong>Previene arteriosclerosis<\/strong> y enfermedades coronarias<br>\u2705 <strong>Mejora elasticidad arterial<\/strong><br>\u2705 <strong>Regula presi\u00f3n arterial<\/strong> (hipertensi\u00f3n leve-moderada)<br>\u2705 <strong>Previene formaci\u00f3n de co\u00e1gulos<\/strong><\/p>\n\n\n\n<p><strong>Dosis recomendada:<\/strong> 2-3 cucharadas diarias con alimentos<\/p>\n\n\n\n<h3 class=\"wp-block-heading\">Para Diab\u00e9ticos y Control de Glucosa<\/h3>\n\n\n\n<p>\u2705 <strong>Bajo \u00edndice gluc\u00e9mico<\/strong> (IG: 25-30)<br>\u2705 <strong>Mejora sensibilidad a la insulina<\/strong> (magnesio)<br>\u2705 <strong>Regula niveles de glucosa<\/strong> postprandial<br>\u2705 <strong>Reduce picos de insulina<\/strong><br>\u2705 <strong>Previene diabetes tipo 2<\/strong><br>\u2705 <strong>Aporta energ\u00eda sostenida<\/strong> sin az\u00facares simples<\/p>\n\n\n\n<p><strong>Ideal para:<\/strong> Diab\u00e9ticos tipo 2, prediab\u00e9ticos, dietas bajas en az\u00facar<\/p>\n\n\n\n<h3 class=\"wp-block-heading\">Para Deportistas y Rendimiento F\u00edsico<\/h3>\n\n\n\n<p>\u2705 <strong>Aumenta resistencia<\/strong> f\u00edsica (octacosanol)<br>\u2705 <strong>Mejora recuperaci\u00f3n<\/strong> muscular post-ejercicio<br>\u2705 <strong>Aporta prote\u00ednas<\/strong> de alta calidad (25-28g por 100g)<br>\u2705 <strong>Energ\u00eda sostenida<\/strong> sin bajones<br>\u2705 <strong>Previene calambres<\/strong> (magnesio, potasio)<br>\u2705 <strong>Reduce estr\u00e9s oxidativo<\/strong> del ejercicio intenso<\/p>\n\n\n\n<p><strong>Momento ideal:<\/strong> 30-60 minutos antes del entrenamiento o inmediatamente despu\u00e9s<\/p>\n\n\n\n<h3 class=\"wp-block-heading\">Para Embarazo y Lactancia<\/h3>\n\n\n\n<p>\u2705 <strong>Alto contenido en \u00e1cido f\u00f3lico<\/strong> (350 mcg por 100g) &#8211; previene defectos tubo neural<br>\u2705 <strong>Prote\u00ednas de calidad<\/strong> para desarrollo fetal<br>\u2705 <strong>Hierro<\/strong> previene anemia gestacional<br>\u2705 <strong>Vitamina E<\/strong> protege embarazo<br>\u2705 <strong>Vitaminas B<\/strong> desarrollo neurol\u00f3gico beb\u00e9<br>\u2705 <strong>Zinc<\/strong> desarrollo fetal \u00f3ptimo<br>\u2705 <strong>Omega-3<\/strong> desarrollo cerebral y visual<\/p>\n\n\n\n<p><strong>Importante:<\/strong> Consultar con m\u00e9dico\/matrona antes de suplementar<\/p>\n\n\n\n<h3 class=\"wp-block-heading\">Para Crecimiento Infantil y Adolescencia<\/h3>\n\n\n\n<p>\u2705 <strong>Prote\u00ednas<\/strong> para crecimiento \u00f3ptimo<br>\u2705 <strong>Calcio, f\u00f3sforo, magnesio<\/strong> desarrollo \u00f3seo<br>\u2705 <strong>Vitaminas B<\/strong> desarrollo cerebral<br>\u2705 <strong>Zinc<\/strong> crecimiento y desarrollo sexual<br>\u2705 <strong>Hierro<\/strong> previene anemia infantil<br>\u2705 <strong>Energ\u00eda<\/strong> para actividad f\u00edsica<\/p>\n\n\n\n<p><strong>Dosis ni\u00f1os:<\/strong> 1 cucharadita (5g) ni\u00f1os 3-6 a\u00f1os, 1 cucharada (10g) 7-12 a\u00f1os, 2 cucharadas (20g) adolescentes<\/p>\n\n\n\n<h3 class=\"wp-block-heading\">Para Estados Post-Operatorios y Convalecencia<\/h3>\n\n\n\n<p>\u2705 <strong>Acelera cicatrizaci\u00f3n<\/strong> (zinc, vitamina E)<br>\u2705 <strong>Regenera tejidos<\/strong> (prote\u00ednas)<br>\u2705 <strong>Fortalece sistema inmune<\/strong><br>\u2705 <strong>Combate anemia<\/strong> post-quir\u00fargica (hierro)<br>\u2705 <strong>Aporta energ\u00eda<\/strong> sin sobrecargar digesti\u00f3n<br>\u2705 <strong>Mejora estado de \u00e1nimo<\/strong> (vitaminas B)<\/p>\n\n\n\n<h3 class=\"wp-block-heading\">Para Salud Mental y Cognitiva<\/h3>\n\n\n\n<p>\u2705 <strong>Mejora memoria<\/strong> y concentraci\u00f3n (lecitina, colina)<br>\u2705 <strong>Reduce estr\u00e9s<\/strong> y ansiedad (magnesio, vitaminas B)<br>\u2705 <strong>Previene depresi\u00f3n<\/strong> (vitamina B6, tript\u00f3fano)<br>\u2705 <strong>Protege contra Alzheimer<\/strong> y demencia<br>\u2705 <strong>Mejora calidad del sue\u00f1o<\/strong> (magnesio)<br>\u2705 <strong>Aumenta claridad mental<\/strong><\/p>\n\n\n\n<h3 class=\"wp-block-heading\">Para Control de Peso y Adelgazamiento<\/h3>\n\n\n\n<p>\u2705 <strong>Alto poder saciante<\/strong> (prote\u00ednas + fibra)<br>\u2705 <strong>Regula metabolismo<\/strong> de grasas (vitamina F)<br>\u2705 <strong>Ayuda a quemar grasa<\/strong> abdominal<br>\u2705 <strong>Bajo \u00edndice gluc\u00e9mico<\/strong> (no engorda)<br>\u2705 <strong>Aporta nutrientes<\/strong> sin calor\u00edas vac\u00edas<br>\u2705 <strong>Previene ansiedad<\/strong> por comer (estabiliza glucosa)<\/p>\n\n\n\n<p><strong>C\u00f3mo usarlo:<\/strong> 2 cucharadas en desayuno (yogur, batido) para saciedad prolongada<\/p>\n\n\n\n<h2 class=\"wp-block-heading\">Beneficios del Aceite de Germen de Trigo para la Piel<\/h2>\n\n\n\n<p>El <strong>aceite de germen de trigo<\/strong> es uno de los aceites vegetales m\u00e1s completos y eficaces para el cuidado profesional de la piel:<\/p>\n\n\n\n<h3 class=\"wp-block-heading\">1. <strong>Antienvejecimiento Potente<\/strong><\/h3>\n\n\n\n<ul>\n<li><strong>Reduce arrugas y l\u00edneas finas<\/strong> (vitamina E estimula col\u00e1geno)<\/li>\n\n\n\n<li><strong>Previene envejecimiento prematuro<\/strong> (antioxidantes neutralizan radicales libres)<\/li>\n\n\n\n<li><strong>Mejora elasticidad y firmeza<\/strong> (\u00e1cidos grasos esenciales)<\/li>\n\n\n\n<li><strong>Previene flacidez<\/strong> (efecto tensor)<\/li>\n\n\n\n<li><strong>Aten\u00faa manchas de edad<\/strong> (hiperpigmentaci\u00f3n)<\/li>\n<\/ul>\n\n\n\n<p><strong>Uso:<\/strong> Aplicar 3-4 gotas puras o mezcladas con tu <a href=\"https:\/\/www.koken.es\/cosmetica\/facial\/crema-hidratante-tratamiento-250-ml.html\">Crema Hidratante Tratamiento 250ml KOKEN<\/a> por la noche<\/p>\n\n\n\n<h3 class=\"wp-block-heading\">2. <strong>Hidrataci\u00f3n Profunda y Nutrici\u00f3n<\/strong><\/h3>\n\n\n\n<ul>\n<li><strong>Hidrata intensamente<\/strong> pieles muy secas<\/li>\n\n\n\n<li><strong>Nutre en profundidad<\/strong> (vitaminas A, D, E)<\/li>\n\n\n\n<li><strong>Refuerza barrera lip\u00eddica<\/strong> (\u00e1cido linoleico, ceramidas)<\/li>\n\n\n\n<li><strong>Previene p\u00e9rdida de agua<\/strong> transepid\u00e9rmica<\/li>\n\n\n\n<li><strong>Suaviza asperezas<\/strong> (codos, rodillas, talones)<\/li>\n<\/ul>\n\n\n\n<p><strong>Uso:<\/strong> Mezclar con <a href=\"https:\/\/www.koken.es\/cosmetica\/facial\/leche-corporal-hidratante-500-ml.html\">Leche Corporal Hidratante 500ml KOKEN<\/a> para potenciar hidrataci\u00f3n<\/p>\n\n\n\n<h3 class=\"wp-block-heading\">3. <strong>Regenerador y Cicatrizante<\/strong><\/h3>\n\n\n\n<ul>\n<li><strong>Acelera cicatrizaci\u00f3n<\/strong> de heridas superficiales<\/li>\n\n\n\n<li><strong>Reduce cicatrices<\/strong> de acn\u00e9, cirug\u00edas, accidentes<\/li>\n\n\n\n<li><strong>Regenera tejidos<\/strong> da\u00f1ados (quemaduras leves, roces)<\/li>\n\n\n\n<li><strong>Mejora textura<\/strong> de piel cicatrizada<\/li>\n\n\n\n<li><strong>Estimula renovaci\u00f3n<\/strong> celular<\/li>\n<\/ul>\n\n\n\n<p><strong>Uso:<\/strong> Aplicar puro sobre cicatrices 2 veces al d\u00eda<\/p>\n\n\n\n<h3 class=\"wp-block-heading\">4. <strong>Prevenci\u00f3n y Reducci\u00f3n de Estr\u00edas<\/strong><\/h3>\n\n\n\n<ul>\n<li><strong>Previene estr\u00edas<\/strong> en embarazo, cambios de peso<\/li>\n\n\n\n<li><strong>Reduce estr\u00edas existentes<\/strong> (mejora apariencia 30-40%)<\/li>\n\n\n\n<li><strong>Mejora elasticidad<\/strong> de piel durante estiramientos<\/li>\n\n\n\n<li><strong>Reafirma<\/strong> zonas propensas (abdomen, caderas, muslos, pecho)<\/li>\n<\/ul>\n\n\n\n<p><strong>Uso:<\/strong> Aplicar en abdomen, caderas, muslos, pecho 2 veces al d\u00eda durante embarazo o dietas<\/p>\n\n\n\n<h3 class=\"wp-block-heading\">5. <strong>Tratamiento de Afecciones Cut\u00e1neas<\/strong><\/h3>\n\n\n\n<ul>\n<li><strong>Calma psoriasis<\/strong> (antiinflamatorio)<\/li>\n\n\n\n<li><strong>Reduce eczema<\/strong> y dermatitis at\u00f3pica<\/li>\n\n\n\n<li><strong>Alivia dermatitis<\/strong> en ni\u00f1os y adultos<\/li>\n\n\n\n<li><strong>Trata piel descamada<\/strong> y reseca<\/li>\n\n\n\n<li><strong>Calma quemaduras solares<\/strong> leves<\/li>\n\n\n\n<li><strong>Reduce erupciones<\/strong> cut\u00e1neas<\/li>\n<\/ul>\n\n\n\n<p><strong>Uso:<\/strong> Aplicar puro sobre zonas afectadas 2-3 veces al d\u00eda<\/p>\n\n\n\n<h3 class=\"wp-block-heading\">6. <strong>Protecci\u00f3n Solar Natural Complementaria<\/strong><\/h3>\n\n\n\n<ul>\n<li><strong>Protecci\u00f3n UV leve<\/strong> (SPF natural 3-5)<\/li>\n\n\n\n<li><strong>Antioxidantes<\/strong> neutralizan da\u00f1o de rayos UV<\/li>\n\n\n\n<li><strong>Previene fotoenvejecimiento<\/strong><\/li>\n\n\n\n<li><strong>Repara da\u00f1o solar<\/strong> acumulado<\/li>\n<\/ul>\n\n\n\n<p><strong>\u26a0\ufe0f Importante:<\/strong> No sustituye protector solar convencional. Usar como complemento<\/p>\n\n\n\n<h3 class=\"wp-block-heading\">7. <strong>Apto para Pieles Sensibles<\/strong><\/h3>\n\n\n\n<ul>\n<li><strong>Calma irritaciones<\/strong> y rojeces<\/li>\n\n\n\n<li><strong>No alerg\u00e9nico<\/strong> (excepto intolerancia gluten)<\/li>\n\n\n\n<li><strong>Antiinflamatorio<\/strong> natural<\/li>\n\n\n\n<li><strong>Suave<\/strong> incluso para beb\u00e9s (excepto alergia trigo)<\/li>\n<\/ul>\n\n\n\n<p><strong>Precauci\u00f3n:<\/strong> Comedog\u00e9nico moderado (3\/5) &#8211; usar con precauci\u00f3n en pieles muy grasas<\/p>\n\n\n\n<h2 class=\"wp-block-heading\">Beneficios del Aceite de Germen de Trigo para el Cabello<\/h2>\n\n\n\n<h3 class=\"wp-block-heading\">1. <strong>Hidrataci\u00f3n y Nutrici\u00f3n Capilar<\/strong><\/h3>\n\n\n\n<ul>\n<li><strong>Nutre cabello seco<\/strong> y deshidratado<\/li>\n\n\n\n<li><strong>Hidrata cuero cabelludo<\/strong> seco<\/li>\n\n\n\n<li><strong>Previene caspa<\/strong> por sequedad<\/li>\n\n\n\n<li><strong>Suaviza textura<\/strong> capilar<\/li>\n<\/ul>\n\n\n\n<h3 class=\"wp-block-heading\">2. <strong>Fortalecimiento y Prevenci\u00f3n de Ca\u00edda<\/strong><\/h3>\n\n\n\n<ul>\n<li><strong>Fortalece fibra capilar<\/strong> (prote\u00ednas)<\/li>\n\n\n\n<li><strong>Reduce ca\u00edda<\/strong> excesiva (zinc, vitaminas B)<\/li>\n\n\n\n<li><strong>Estimula crecimiento<\/strong> (vitamina E mejora circulaci\u00f3n)<\/li>\n\n\n\n<li><strong>Fortalece ra\u00edz<\/strong> (nutrientes directos al fol\u00edculo)<\/li>\n<\/ul>\n\n\n\n<h3 class=\"wp-block-heading\">3. <strong>Reparaci\u00f3n de Cabello Da\u00f1ado<\/strong><\/h3>\n\n\n\n<ul>\n<li><strong>Repara da\u00f1os<\/strong> por qu\u00edmicos (tintes, decoloraciones, alisados)<\/li>\n\n\n\n<li><strong>Protege del calor<\/strong> (plancha, secador)<\/li>\n\n\n\n<li><strong>Sella cut\u00edcula<\/strong> (brillo, suavidad)<\/li>\n\n\n\n<li><strong>Reduce puntas abiertas<\/strong><\/li>\n\n\n\n<li><strong>Elimina frizz<\/strong> y encrespamiento<\/li>\n<\/ul>\n\n\n\n<h3 class=\"wp-block-heading\">4. <strong>Brillo y Vitalidad<\/strong><\/h3>\n\n\n\n<ul>\n<li><strong>Aporta brillo natural<\/strong> intenso<\/li>\n\n\n\n<li><strong>Mejora aspecto<\/strong> general del cabello<\/li>\n\n\n\n<li><strong>Revitaliza cabello<\/strong> apagado y sin vida<\/li>\n\n\n\n<li><strong>No deja sensaci\u00f3n grasa<\/strong> (a pesar de ser aceite denso)<\/li>\n<\/ul>\n\n\n\n<p><strong>Mascarilla capilar intensiva con germen de trigo:<\/strong><\/p>\n\n\n\n<ol>\n<li>Mezclar 3 cucharadas de aceite de germen de trigo + 1 cucharada de miel<\/li>\n\n\n\n<li>Aplicar sobre cabello h\u00famedo desde ra\u00edz a puntas<\/li>\n\n\n\n<li>Masajear cuero cabelludo 3-5 minutos<\/li>\n\n\n\n<li>Envolver en toalla tibia o gorro de ducha<\/li>\n\n\n\n<li>Dejar actuar 30-60 minutos (o toda la noche)<\/li>\n\n\n\n<li>Lavar con champ\u00fa suave<\/li>\n<\/ol>\n\n\n\n<p>Complementar con <a href=\"https:\/\/www.koken.es\/aceites-masaje\/\">Aceites de Masaje KOKEN<\/a> aplicados en el cuero cabelludo para estimular circulaci\u00f3n.<\/p>\n\n\n\n<h2 class=\"wp-block-heading\">C\u00f3mo Usar el Germen de Trigo<\/h2>\n\n\n\n<h3 class=\"wp-block-heading\">Germen de Trigo en Copos (Uso Alimentario)<\/h3>\n\n\n\n<p><strong>Dosis recomendada:<\/strong><\/p>\n\n\n\n<ul>\n<li><strong>Adultos:<\/strong> 2-3 cucharadas soperas al d\u00eda (20-30g)<\/li>\n\n\n\n<li><strong>Ni\u00f1os 7-12 a\u00f1os:<\/strong> 1 cucharada al d\u00eda (10g)<\/li>\n\n\n\n<li><strong>Ni\u00f1os 3-6 a\u00f1os:<\/strong> 1 cucharadita al d\u00eda (5g)<\/li>\n<\/ul>\n\n\n\n<p><strong>Formas de consumo:<\/strong><\/p>\n\n\n\n<p><strong>1. En el desayuno:<\/strong><\/p>\n\n\n\n<ul>\n<li>Espolvoreado sobre yogur natural<\/li>\n\n\n\n<li>Mezclado con copos de avena o muesli<\/li>\n\n\n\n<li>En batidos y smoothies<\/li>\n\n\n\n<li>Sobre frutas cortadas<\/li>\n\n\n\n<li>En porridge o gachas<\/li>\n<\/ul>\n\n\n\n<p><strong>2. En comidas:<\/strong><\/p>\n\n\n\n<ul>\n<li>Espolvoreado sobre ensaladas<\/li>\n\n\n\n<li>Mezclado en sopas y cremas<\/li>\n\n\n\n<li>Incorporado a masa de pan casero<\/li>\n\n\n\n<li>En tortitas y crepes<\/li>\n\n\n\n<li>Rebozados saludables<\/li>\n<\/ul>\n\n\n\n<p><strong>3. En reposter\u00eda:<\/strong><\/p>\n\n\n\n<ul>\n<li>Galletas y magdalenas<\/li>\n\n\n\n<li>Bizcochos y tartas<\/li>\n\n\n\n<li>Barritas energ\u00e9ticas caseras<\/li>\n\n\n\n<li>Crumbles y coberturas<\/li>\n<\/ul>\n\n\n\n<p><strong>Importante:<\/strong> El germen de trigo <strong>no debe cocinarse a altas temperaturas<\/strong> (&gt;120\u00b0C) ya que destruye la vitamina E y los \u00e1cidos grasos se oxidan. A\u00f1adirlo siempre <strong>al final de la cocci\u00f3n<\/strong> o sobre alimentos ya preparados.<\/p>\n\n\n\n<h3 class=\"wp-block-heading\">Aceite de Germen de Trigo (Uso Cosm\u00e9tico)<\/h3>\n\n\n\n<p><strong>Uso facial:<\/strong><\/p>\n\n\n\n<ul>\n<li><strong>Como s\u00e9rum:<\/strong> 3-4 gotas sobre piel limpia por la noche<\/li>\n\n\n\n<li><strong>Mezclado con crema:<\/strong> 2-3 gotas + dosis habitual de crema<\/li>\n\n\n\n<li><strong>Contorno de ojos:<\/strong> 1 gota, dar toquecitos suaves<\/li>\n<\/ul>\n\n\n\n<p><strong>Uso corporal:<\/strong><\/p>\n\n\n\n<ul>\n<li><strong>Estr\u00edas:<\/strong> Aplicar generosamente 2 veces al d\u00eda en zonas propensas<\/li>\n\n\n\n<li><strong>Cicatrices:<\/strong> Puro sobre la cicatriz, masajear hasta absorci\u00f3n<\/li>\n\n\n\n<li><strong>Hidrataci\u00f3n:<\/strong> Mezclar con <a href=\"https:\/\/www.koken.es\/cosmetica\/facial\/leche-corporal-hidratante-500-ml.html\">Leche Corporal Hidratante KOKEN<\/a><\/li>\n<\/ul>\n\n\n\n<p><strong>Uso capilar:<\/strong><\/p>\n\n\n\n<ul>\n<li><strong>Mascarilla:<\/strong> Aplicar en cuero cabelludo y largo, dejar 30-60 min<\/li>\n\n\n\n<li><strong>Sin aclarado:<\/strong> 1-2 gotas en puntas h\u00famedas<\/li>\n<\/ul>\n\n\n\n<p><strong>Mezclas sin\u00e9rgicas:<\/strong><\/p>\n\n\n\n<p><strong>Anti-edad facial:<\/strong><\/p>\n\n\n\n<ul>\n<li>50% Aceite germen trigo + 50% Aceite rosa mosqueta<\/li>\n\n\n\n<li>Aplicar por la noche<\/li>\n<\/ul>\n\n\n\n<p><strong>Antiestr\u00edas corporal:<\/strong><\/p>\n\n\n\n<ul>\n<li>70% Aceite germen trigo + 30% Aceite almendras dulces<\/li>\n\n\n\n<li>Aplicar 2 veces al d\u00eda<\/li>\n<\/ul>\n\n\n\n<p><strong>Cicatrizante:<\/strong><\/p>\n\n\n\n<ul>\n<li>60% Aceite germen trigo + 40% Aceite cal\u00e9ndula<\/li>\n\n\n\n<li>Sobre cicatrices<\/li>\n<\/ul>\n\n\n\n<h2 class=\"wp-block-heading\">Contraindicaciones y Precauciones<\/h2>\n\n\n\n<h3 class=\"wp-block-heading\">Contraindicaciones<\/h3>\n\n\n\n<p>\u274c <strong>Intolerancia o alergia al gluten:<\/strong> El germen de trigo contiene gluten. Personas cel\u00edacas o con sensibilidad al gluten deben <strong>evitarlo completamente<\/strong><\/p>\n\n\n\n<p>\u274c <strong>Alergia al trigo:<\/strong> Reacci\u00f3n al\u00e9rgica espec\u00edfica al trigo (distinta a celiaqu\u00eda)<\/p>\n\n\n\n<h3 class=\"wp-block-heading\">Precauciones<\/h3>\n\n\n\n<p>\u26a0\ufe0f <strong>Consumo excesivo:<\/strong> No superar 3-4 cucharadas diarias. El exceso puede causar molestias digestivas (gases, hinchaz\u00f3n)<\/p>\n\n\n\n<p>\u26a0\ufe0f <strong>Almacenamiento:<\/strong> Guardar en recipiente herm\u00e9tico, lugar fresco y seco, protegido de luz y calor. <strong>Refrigerar despu\u00e9s de abrir<\/strong> para evitar enranciamiento. Consumir en 2-3 meses tras apertura<\/p>\n\n\n\n<p>\u26a0\ufe0f <strong>Aceite comedog\u00e9nico:<\/strong> El aceite de germen de trigo tiene \u00edndice comedog\u00e9nico <strong>medio-alto (3\/5)<\/strong>. Pieles muy grasas o propensas a acn\u00e9 deben usarlo con precauci\u00f3n o diluido<\/p>\n\n\n\n<p>\u26a0\ufe0f <strong>Embarazo y lactancia:<\/strong> El consumo alimentario es seguro y beneficioso (alto en \u00e1cido f\u00f3lico). El uso t\u00f3pico del aceite tambi\u00e9n es seguro<\/p>\n\n\n\n<p>\u26a0\ufe0f <strong>Interacci\u00f3n medicamentos:<\/strong> Si tomas anticoagulantes (warfarina, aspirina), consulta con m\u00e9dico antes de consumir germen de trigo (vitamina E tiene leve efecto anticoagulante)<\/p>\n\n\n\n<h3 class=\"wp-block-heading\">Se\u00f1ales de Germen de Trigo en Mal Estado<\/h3>\n\n\n\n<p>\ud83d\udeab <strong>Olor rancio<\/strong> o desagradable<br>\ud83d\udeab <strong>Sabor amargo<\/strong> (debe ser suave, dulz\u00f3n)<br>\ud83d\udeab <strong>Presencia de moho<\/strong> o humedad<br>\ud83d\udeab <strong>Cambio de color<\/strong> (oscurecimiento)<\/p>\n\n\n\n<p>Si detectas cualquiera de estos signos, <strong>desecha el producto<\/strong>.<\/p>\n\n\n\n<h2 class=\"wp-block-heading\">Productos KOKEN que Complementan el Germen de Trigo<\/h2>\n\n\n\n<p>En <strong><a href=\"https:\/\/www.koken.es\/\">KOKEN Cosm\u00e9tica Profesional<\/a><\/strong> ofrecemos una gama de productos que combinan perfectamente con el germen de trigo para potenciar sus efectos en tu rutina de belleza:<\/p>\n\n\n\n<h3 class=\"wp-block-heading\">Para Hidrataci\u00f3n Completa<\/h3>\n\n\n\n<p><strong><a href=\"https:\/\/www.koken.es\/cosmetica\/facial\/leche-corporal-hidratante-500-ml.html\">Leche Corporal Hidratante 500ml<\/a><\/strong><\/p>\n\n\n\n<ul>\n<li>Textura ligera de r\u00e1pida absorci\u00f3n<\/li>\n\n\n\n<li><strong>Modo de uso con germen de trigo:<\/strong> Mezcla 1 bomba de leche + 3-4 gotas de aceite de germen de trigo<\/li>\n\n\n\n<li>Potencia la hidrataci\u00f3n y nutrici\u00f3n corporal<\/li>\n\n\n\n<li>Ideal para aplicar tras la ducha sobre piel h\u00fameda<\/li>\n<\/ul>\n\n\n\n<p><strong><a href=\"https:\/\/www.koken.es\/cosmetica\/facial\/crema-hidratante-tratamiento-250-ml.html\">Crema Hidratante Tratamiento 250ml<\/a><\/strong><\/p>\n\n\n\n<ul>\n<li>Hidrataci\u00f3n facial intensiva<\/li>\n\n\n\n<li><strong>Modo de uso con germen de trigo:<\/strong> Mezcla 2 gotas de aceite + dosis habitual de crema<\/li>\n\n\n\n<li>Potencia el efecto antiarrugas y reafirmante<\/li>\n\n\n\n<li>Ideal para piel seca, deshidratada o madura<\/li>\n<\/ul>\n\n\n\n<h3 class=\"wp-block-heading\">Para Masajes y Tratamientos Corporales<\/h3>\n\n\n\n<p><strong><a href=\"https:\/\/www.koken.es\/aceites-masaje\/\">Aceites de Masaje KOKEN<\/a><\/strong><\/p>\n\n\n\n<ul>\n<li>Comb\u00ednalos con aceite de germen de trigo (50\/50) para masajes nutritivos<\/li>\n\n\n\n<li>Facilitan el drenaje linf\u00e1tico<\/li>\n\n\n\n<li>Mejoran la absorci\u00f3n de nutrientes en la piel<\/li>\n\n\n\n<li>Diferentes aromas para experiencia sensorial<\/li>\n<\/ul>\n\n\n\n<h3 class=\"wp-block-heading\">Para Aromaterapia<\/h3>\n\n\n\n<p><strong><a href=\"https:\/\/www.koken.es\/aceites-esenciales\/\">Aceites Esenciales KOKEN<\/a><\/strong><\/p>\n\n\n\n<ul>\n<li>A\u00f1ade 2-3 gotas a 10ml de aceite base de germen de trigo<\/li>\n\n\n\n<li>Crea mezclas personalizadas:\n<ul>\n<li><strong>Lavanda:<\/strong> Relajante, calma irritaciones<\/li>\n\n\n\n<li><strong>Romero:<\/strong> Estimulante capilar, anti-ca\u00edda<\/li>\n\n\n\n<li><strong>Naranja dulce:<\/strong> Revitalizante, iluminador<\/li>\n\n\n\n<li><strong>Lim\u00f3n:<\/strong> Aclarante, antimanchas<\/li>\n<\/ul>\n<\/li>\n<\/ul>\n\n\n\n<h3 class=\"wp-block-heading\">Para Preparaci\u00f3n de la Piel<\/h3>\n\n\n\n<p><strong><a href=\"https:\/\/www.koken.es\/cosmetica\/tonicos-faciales\/tonico-purificante-250-ml.html\">T\u00f3nico Purificante 250ml<\/a><\/strong><\/p>\n\n\n\n<ul>\n<li>Prepara la piel para maximizar absorci\u00f3n del aceite de germen de trigo<\/li>\n\n\n\n<li>Equilibra pH cut\u00e1neo<\/li>\n\n\n\n<li>Potencia penetraci\u00f3n de activos<\/li>\n<\/ul>\n\n\n\n<p>Visita nuestra <strong><a href=\"https:\/\/www.koken.es\/cosmetica\/facial\/\">gama completa de cosm\u00e9tica facial<\/a><\/strong> y <strong><a href=\"https:\/\/www.koken.es\/productos-auxiliares\/\">productos auxiliares<\/a><\/strong> para encontrar la combinaci\u00f3n perfecta para tu piel.<\/p>\n\n\n\n<h2 class=\"wp-block-heading\">Preguntas Frecuentes (FAQs) sobre Germen de Trigo<\/h2>\n\n\n\n<h3 class=\"wp-block-heading\">\u00bfEl germen de trigo engorda?<\/h3>\n\n\n\n<p><strong>No, el germen de trigo no engorda<\/strong> si se consume en cantidades adecuadas (2-3 cucharadas al d\u00eda). Aunque contiene grasas (10-14g por 100g), son <strong>grasas saludables<\/strong> (omega-3, omega-6) que el cuerpo necesita. Adem\u00e1s, su <strong>alto contenido en prote\u00ednas y fibra aumenta la saciedad<\/strong>, ayudando a controlar el apetito. Su <strong>bajo \u00edndice gluc\u00e9mico<\/strong> no provoca picos de insulina que favorecen la acumulaci\u00f3n de grasa.<\/p>\n\n\n\n<h3 class=\"wp-block-heading\">\u00bfEl germen de trigo tiene gluten? \u00bfPueden tomarlo los cel\u00edacos?<\/h3>\n\n\n\n<p><strong>S\u00ed, el germen de trigo contiene gluten<\/strong> porque proviene del grano de trigo. Por lo tanto, <strong>las personas cel\u00edacas o con sensibilidad al gluten NO deben consumirlo<\/strong>. Sin embargo, personas con intolerancia al gluten leve podr\u00edan tolerar peque\u00f1as cantidades (consultar con m\u00e9dico).<\/p>\n\n\n\n<h3 class=\"wp-block-heading\">\u00bfCu\u00e1l es la diferencia entre germen de trigo y salvado de trigo?<\/h3>\n\n\n\n<p>Son partes diferentes del grano de trigo con composiciones distintas:<\/p>\n\n\n\n<p><strong>Germen de trigo (2-3% del grano):<\/strong><\/p>\n\n\n\n<ul>\n<li>Embri\u00f3n del grano<\/li>\n\n\n\n<li>Rico en <strong>vitaminas E y B<\/strong>, prote\u00ednas, grasas saludables, minerales<\/li>\n\n\n\n<li>Valor nutricional excepcional<\/li>\n\n\n\n<li>Peque\u00f1a cantidad, gran impacto<\/li>\n<\/ul>\n\n\n\n<p><strong>Salvado de trigo (15% del grano):<\/strong><\/p>\n\n\n\n<ul>\n<li>Capa externa del grano<\/li>\n\n\n\n<li>Rico principalmente en <strong>fibra insoluble<\/strong><\/li>\n\n\n\n<li>Menos vitaminas y minerales que el germen<\/li>\n\n\n\n<li>Excelente para tr\u00e1nsito intestinal<\/li>\n<\/ul>\n\n\n\n<p><strong>El germen es nutricionalmente mucho m\u00e1s completo.<\/strong><\/p>\n\n\n\n<h3 class=\"wp-block-heading\">\u00bfSe puede tomar germen de trigo todos los d\u00edas?<\/h3>\n\n\n\n<p><strong>S\u00ed, es seguro y recomendable<\/strong> tomar germen de trigo a diario en las dosis adecuadas:<\/p>\n\n\n\n<ul>\n<li><strong>Adultos:<\/strong> 2-3 cucharadas al d\u00eda<\/li>\n\n\n\n<li><strong>Ni\u00f1os:<\/strong> 1 cucharada al d\u00eda<\/li>\n<\/ul>\n\n\n\n<p>El consumo diario continuado proporciona beneficios sostenidos para salud cardiovascular, piel, cabello, u\u00f1as, energ\u00eda y sistema nervioso.<\/p>\n\n\n\n<h3 class=\"wp-block-heading\">\u00bfEl aceite de germen de trigo es comedog\u00e9nico?<\/h3>\n\n\n\n<p><strong>S\u00ed, tiene comedogenicidad media (3\/5)<\/strong>, lo que significa que <strong>puede obstruir poros<\/strong> en pieles muy grasas o propensas a acn\u00e9. Recomendaciones:<\/p>\n\n\n\n<ul>\n<li><strong>Pieles secas\/normales:<\/strong> Usar sin problemas<\/li>\n\n\n\n<li><strong>Pieles mixtas:<\/strong> Usar solo en zonas secas<\/li>\n\n\n\n<li><strong>Pieles grasas\/acneicas:<\/strong> Usar diluido (20% germen + 80% aceite no comedog\u00e9nico como jojoba) o evitar en zonas grasas<\/li>\n<\/ul>\n\n\n\n<h3 class=\"wp-block-heading\">\u00bfPuedo usar aceite de germen de trigo durante el embarazo?<\/h3>\n\n\n\n<p><strong>S\u00ed, es completamente seguro<\/strong> tanto el consumo alimentario como el uso t\u00f3pico del aceite durante el embarazo. De hecho, es <strong>altamente recomendable<\/strong>:<\/p>\n\n\n\n<p><strong>Consumo interno:<\/strong><\/p>\n\n\n\n<ul>\n<li>Alto contenido en <strong>\u00e1cido f\u00f3lico<\/strong> (previene defectos tubo neural)<\/li>\n\n\n\n<li>Prote\u00ednas para desarrollo fetal<\/li>\n\n\n\n<li>Vitaminas B para desarrollo neurol\u00f3gico<\/li>\n<\/ul>\n\n\n\n<p><strong>Uso t\u00f3pico:<\/strong><\/p>\n\n\n\n<ul>\n<li><strong>Prevenci\u00f3n de estr\u00edas<\/strong> (aplicar en abdomen, caderas, muslos, pecho desde el 3er mes)<\/li>\n\n\n\n<li>Mejora elasticidad de la piel<\/li>\n\n\n\n<li>Seguro para uso externo<\/li>\n<\/ul>\n\n\n\n<h3 class=\"wp-block-heading\">\u00bfC\u00f3mo se conserva el germen de trigo?<\/h3>\n\n\n\n<p><strong>Conservaci\u00f3n \u00f3ptima:<\/strong><\/p>\n\n\n\n<ol>\n<li><strong>Recipiente herm\u00e9tico<\/strong> (vidrio o pl\u00e1stico alimentario)<\/li>\n\n\n\n<li><strong>Lugar fresco y seco<\/strong> (despensa oscura)<\/li>\n\n\n\n<li><strong>Refrigerar despu\u00e9s de abrir<\/strong> (prolonga vida \u00fatil)<\/li>\n\n\n\n<li><strong>Proteger de luz<\/strong> directa y calor<\/li>\n\n\n\n<li><strong>Consumir en 2-3 meses<\/strong> tras apertura<\/li>\n<\/ol>\n\n\n\n<p><strong>Aceite de germen de trigo:<\/strong><\/p>\n\n\n\n<ul>\n<li>Frasco de vidrio oscuro<\/li>\n\n\n\n<li>Refrigerar despu\u00e9s de abrir (obligatorio)<\/li>\n\n\n\n<li>Consumir en 3-6 meses<\/li>\n\n\n\n<li>A\u00f1adir unas gotas de vitamina E para prolongar vida \u00fatil<\/li>\n<\/ul>\n\n\n\n<h3 class=\"wp-block-heading\">\u00bfEl germen de trigo sube el colesterol?<\/h3>\n\n\n\n<p><strong>No, todo lo contrario.<\/strong> El germen de trigo <strong>reduce el colesterol LDL<\/strong> (\u00abmalo\u00bb) gracias a:<\/p>\n\n\n\n<ul>\n<li><strong>Fitoesteroles:<\/strong> Bloquean absorci\u00f3n de colesterol en intestino<\/li>\n\n\n\n<li><strong>Lecitina:<\/strong> Emulsiona grasas, facilita eliminaci\u00f3n<\/li>\n\n\n\n<li><strong>\u00c1cidos grasos insaturados:<\/strong> Desplazan grasas saturadas<\/li>\n\n\n\n<li><strong>Fibra:<\/strong> Arrastra colesterol en heces<\/li>\n<\/ul>\n\n\n\n<p>Estudios demuestran reducci\u00f3n de <strong>10-15% del colesterol total<\/strong> con consumo regular (2-3 cucharadas diarias durante 4-8 semanas).<\/p>\n\n\n\n<h3 class=\"wp-block-heading\">\u00bfSe puede dar germen de trigo a los ni\u00f1os?<\/h3>\n\n\n\n<p><strong>S\u00ed, es excelente para ni\u00f1os<\/strong> (siempre que no tengan celiaqu\u00eda o alergia al trigo):<\/p>\n\n\n\n<p><strong>Dosis por edad:<\/strong><\/p>\n\n\n\n<ul>\n<li><strong>3-6 a\u00f1os:<\/strong> 1 cucharadita (5g) al d\u00eda<\/li>\n\n\n\n<li><strong>7-12 a\u00f1os:<\/strong> 1 cucharada (10g) al d\u00eda<\/li>\n\n\n\n<li><strong>Adolescentes:<\/strong> 2 cucharadas (20g) al d\u00eda<\/li>\n<\/ul>\n\n\n\n<p><strong>Beneficios para ni\u00f1os:<\/strong><\/p>\n\n\n\n<ul>\n<li>Aporta nutrientes para crecimiento<\/li>\n\n\n\n<li>Mejora concentraci\u00f3n escolar<\/li>\n\n\n\n<li>Fortalece sistema inmune<\/li>\n\n\n\n<li>Previene anemia<\/li>\n\n\n\n<li>Desarrolla huesos y dientes<\/li>\n<\/ul>\n\n\n\n<p><strong>C\u00f3mo d\u00e1rselo:<\/strong> Mezclado con yogur, batidos, cereales, frutas (sabor suave agradable)<\/p>\n\n\n\n<h2 class=\"wp-block-heading\">Conclusi\u00f3n: El Germen de Trigo, Un Superalimento Completo<\/h2>\n\n\n\n<p>El <strong>germen de trigo<\/strong> es, sin lugar a dudas, uno de los superalimentos naturales m\u00e1s completos y valiosos que la naturaleza nos ofrece. Esta diminuta parte del grano de trigo concentra una riqueza nutricional extraordinaria que lo convierte en un aliado excepcional tanto para la salud interna como para la belleza externa.<\/p>\n\n\n\n<h3 class=\"wp-block-heading\">Beneficios Clave del Germen de Trigo &#8211; Resumen:<\/h3>\n\n\n\n<p>\u2705 <strong>Fuente m\u00e1s rica en vitamina E<\/strong> del reino vegetal (antioxidante potent\u00edsimo)<br>\u2705 <strong>Prote\u00edna vegetal completa<\/strong> de alto valor biol\u00f3gico (25-28g por 100g)<br>\u2705 <strong>Protector cardiovascular<\/strong> (reduce colesterol, previene arteriosclerosis)<br>\u2705 <strong>Regulador metab\u00f3lico<\/strong> (ayuda a quemar grasa, equilibra glucosa)<br>\u2705 <strong>Energizante natural<\/strong> (ideal cansancio f\u00edsico y mental)<br>\u2705 <strong>Aliado de belleza<\/strong> (piel, cabello, u\u00f1as radiantes)<br>\u2705 <strong>Soporte digestivo<\/strong> (15g fibra por 100g)<br>\u2705 <strong>Protector sistema nervioso<\/strong> (memoria, concentraci\u00f3n, estado de \u00e1nimo)<br>\u2705 <strong>Fortalecedor inmunol\u00f3gico<\/strong> (zinc, selenio, vitaminas)<br>\u2705 <strong>Vers\u00e1til y f\u00e1cil de usar<\/strong> (copos en alimentos, aceite en piel)<\/p>\n\n\n\n<h3 class=\"wp-block-heading\">Puntos Clave a Recordar:<\/h3>\n\n\n\n<p>\ud83d\udd39 <strong>Dosis diaria recomendada:<\/strong> 2-3 cucharadas (20-30g) al d\u00eda<br>\ud83d\udd39 <strong>No cocinar a altas temperaturas<\/strong> (destruye vitamina E)<br>\ud83d\udd39 <strong>Refrigerar despu\u00e9s de abrir<\/strong> (evita enranciamiento)<br>\ud83d\udd39 <strong>Contraindicado<\/strong> para cel\u00edacos y al\u00e9rgicos al trigo<br>\ud83d\udd39 <strong>Combinar con productos KOKEN<\/strong> para resultados optimizados<br>\ud83d\udd39 <strong>Una cucharada<\/strong> aporta m\u00e1s del 100% RDA de vitamina E<\/p>\n\n\n\n<h3 class=\"wp-block-heading\">Tu Rutina Completa con Germen de Trigo<\/h3>\n\n\n\n<p><strong>Salud interna (alimentaci\u00f3n):<\/strong><\/p>\n\n\n\n<ul>\n<li><strong>Desayuno:<\/strong> 2 cucharadas sobre yogur + frutas + avena<\/li>\n\n\n\n<li><strong>Comida:<\/strong> 1 cucharada espolvoreada sobre ensalada<\/li>\n\n\n\n<li><strong>Snack deportivo:<\/strong> Batido con pl\u00e1tano + leche + 2 cucharadas germen de trigo<\/li>\n<\/ul>\n\n\n\n<p><strong>Belleza externa (cosm\u00e9tica):<\/strong><\/p>\n\n\n\n<p><strong>Facial:<\/strong><\/p>\n\n\n\n<ol>\n<li>Limpieza<\/li>\n\n\n\n<li><a href=\"https:\/\/www.koken.es\/cosmetica\/tonicos-faciales\/tonico-purificante-250-ml.html\">T\u00f3nico Purificante KOKEN<\/a><\/li>\n\n\n\n<li>3-4 gotas aceite germen de trigo<\/li>\n\n\n\n<li><a href=\"https:\/\/www.koken.es\/cosmetica\/facial\/crema-hidratante-tratamiento-250-ml.html\">Crema Hidratante KOKEN<\/a> (opcional)<\/li>\n<\/ol>\n\n\n\n<p><strong>Corporal:<\/strong><\/p>\n\n\n\n<ul>\n<li><a href=\"https:\/\/www.koken.es\/cosmetica\/facial\/leche-corporal-hidratante-500-ml.html\">Leche Corporal Hidratante KOKEN<\/a> + 4 gotas aceite germen de trigo<\/li>\n\n\n\n<li>Aplicar sobre piel h\u00fameda post-ducha<\/li>\n<\/ul>\n\n\n\n<p><strong>Capilar (1-2 veces semana):<\/strong><\/p>\n\n\n\n<ul>\n<li>Mascarilla aceite germen de trigo + miel<\/li>\n\n\n\n<li>Dejar 30-60 minutos<\/li>\n\n\n\n<li>Aclarar<\/li>\n<\/ul>\n\n\n\n<h3 class=\"wp-block-heading\">El Germen de Trigo en KOKEN Cosm\u00e9tica Profesional<\/h3>\n\n\n\n<p>En <strong><a href=\"https:\/\/www.koken.es\/\">KOKEN Cosm\u00e9tica Profesional<\/a><\/strong> reconocemos el valor excepcional del germen de trigo como ingrediente natural de eficacia comprobada. Te invitamos a:<\/p>\n\n\n\n<ul>\n<li>Explorar nuestra <strong><a href=\"https:\/\/www.koken.es\/cosmetica\/facial\/\">gama de cosm\u00e9tica facial<\/a><\/strong> que combina perfectamente con aceite de germen de trigo<\/li>\n\n\n\n<li>Descubrir nuestros <strong><a href=\"https:\/\/www.koken.es\/aceites-masaje\/\">aceites de masaje<\/a><\/strong> para mezclas sin\u00e9rgicas<\/li>\n\n\n\n<li>Conocer nuestros <strong><a href=\"https:\/\/www.koken.es\/aceites-esenciales\/\">aceites esenciales<\/a><\/strong> para personalizar tratamientos<\/li>\n\n\n\n<li>Leer m\u00e1s art\u00edculos en nuestro <strong><a href=\"https:\/\/www.koken.es\/blog\/\">blog<\/a><\/strong> sobre cuidado profesional<\/li>\n<\/ul>\n\n\n\n<hr class=\"wp-block-separator has-alpha-channel-opacity\"\/>\n\n\n\n<p><strong>\u00bfListo para incorporar este superalimento milenario a tu vida?<\/strong> El germen de trigo, respaldado por d\u00e9cadas de investigaci\u00f3n cient\u00edfica y siglos de uso tradicional, puede transformar tu salud y tu belleza de forma natural, segura, eficaz y econ\u00f3mica.<\/p>\n\n\n\n<p>Es el complemento id\u00f3neo que <strong>merece ser incorporado en tu dieta y rutina de belleza<\/strong>. \ud83d\udc9a\u2728<\/p>\n\n\n\n<hr class=\"wp-block-separator has-alpha-channel-opacity\"\/>\n\n\n\n<h2 class=\"wp-block-heading\">Recursos Adicionales KOKEN<\/h2>\n\n\n\n<p>\ud83d\udccd <strong>Explora m\u00e1s ingredientes naturales:<\/strong><\/p>\n\n\n\n<ul>\n<li><a href=\"https:\/\/www.koken.es\/blog\/\">Aloe Vera: Propiedades y Beneficios<\/a><\/li>\n\n\n\n<li><a href=\"https:\/\/www.koken.es\/blog\/\">Aceite de Soja: Omega-3 y Vitamina E<\/a><\/li>\n\n\n\n<li><a href=\"https:\/\/www.koken.es\/blog\/\">Glicerina: Hidrataci\u00f3n Profunda<\/a><\/li>\n\n\n\n<li><a href=\"https:\/\/www.koken.es\/blog\/regenera-piel-tras-verano\">Regenera tu Piel Tras el Verano<\/a><\/li>\n<\/ul>\n\n\n\n<p>\ud83d\uded2 <strong>Visita nuestras categor\u00edas:<\/strong><\/p>\n\n\n\n<ul>\n<li><a href=\"https:\/\/www.koken.es\/cosmetica\/facial\/\">Cosm\u00e9tica Facial Profesional<\/a><\/li>\n\n\n\n<li><a href=\"https:\/\/www.koken.es\/aceites-masaje\/\">Aceites de Masaje<\/a><\/li>\n\n\n\n<li><a href=\"https:\/\/www.koken.es\/productos-auxiliares\/\">Productos Auxiliares Est\u00e9tica<\/a><\/li>\n\n\n\n<li><a href=\"https:\/\/www.koken.es\/aceites-esenciales\/\">Aceites Esenciales<\/a><\/li>\n\n\n\n<li><a href=\"https:\/\/www.koken.es\/cosmetica\/tonicos-faciales\/\">T\u00f3nicos Faciales<\/a><\/li>\n<\/ul>\n\n\n\n<p>\ud83d\udcac <strong>\u00bfNecesitas asesoramiento?<\/strong> Contacta con nuestro equipo de KOKEN para recomendaciones personalizadas.<\/p>\n","protected":false},"excerpt":{"rendered":"<p>El germen de trigo es, sin lugar a dudas, la parte m\u00e1s nutritiva del grano de trigo y uno de los superalimentos naturales m\u00e1s completos que existen. Este peque\u00f1o tesoro nutricional, que representa apenas el 2-3% del grano completo, concentra &hellip; <a href=\"https:\/\/www.koken.es\/blog\/germen-trigo-propiedades-beneficios-salud-piel\/\" class=\"more-link\">Sigue leyendo <span class=\"meta-nav\">&rarr;<\/span><\/a><\/p>\n","protected":false},"author":2,"featured_media":3203,"comment_status":"open","ping_status":"closed","sticky":false,"template":"","format":"standard","meta":{"om_disable_all_campaigns":false,"_mi_skip_tracking":false,"_monsterinsights_sitenote_active":false,"_monsterinsights_sitenote_note":"","_monsterinsights_sitenote_category":0},"categories":[8],"tags":[727,322,724,723,721,317,23,720,30,725,719,726,556,722,382],"aioseo_notices":[],"_links":{"self":[{"href":"https:\/\/www.koken.es\/blog\/wp-json\/wp\/v2\/posts\/503"}],"collection":[{"href":"https:\/\/www.koken.es\/blog\/wp-json\/wp\/v2\/posts"}],"about":[{"href":"https:\/\/www.koken.es\/blog\/wp-json\/wp\/v2\/types\/post"}],"author":[{"embeddable":true,"href":"https:\/\/www.koken.es\/blog\/wp-json\/wp\/v2\/users\/2"}],"replies":[{"embeddable":true,"href":"https:\/\/www.koken.es\/blog\/wp-json\/wp\/v2\/comments?post=503"}],"version-history":[{"count":3,"href":"https:\/\/www.koken.es\/blog\/wp-json\/wp\/v2\/posts\/503\/revisions"}],"predecessor-version":[{"id":3207,"href":"https:\/\/www.koken.es\/blog\/wp-json\/wp\/v2\/posts\/503\/revisions\/3207"}],"wp:featuredmedia":[{"embeddable":true,"href":"https:\/\/www.koken.es\/blog\/wp-json\/wp\/v2\/media\/3203"}],"wp:attachment":[{"href":"https:\/\/www.koken.es\/blog\/wp-json\/wp\/v2\/media?parent=503"}],"wp:term":[{"taxonomy":"category","embeddable":true,"href":"https:\/\/www.koken.es\/blog\/wp-json\/wp\/v2\/categories?post=503"},{"taxonomy":"post_tag","embeddable":true,"href":"https:\/\/www.koken.es\/blog\/wp-json\/wp\/v2\/tags?post=503"}],"curies":[{"name":"wp","href":"https:\/\/api.w.org\/{rel}","templated":true}]}}