{"id":509,"date":"2015-07-13T12:04:29","date_gmt":"2015-07-13T12:04:29","guid":{"rendered":"http:\/\/blog.koken.es\/?p=509"},"modified":"2026-01-30T10:05:03","modified_gmt":"2026-01-30T10:05:03","slug":"elastina-vegetal","status":"publish","type":"post","link":"https:\/\/www.koken.es\/blog\/elastina-vegetal\/","title":{"rendered":"Elastina Vegetal: El Activo Natural que Transforma tu Piel y Cabello"},"content":{"rendered":"\n<p>La elastina vegetal se ha convertido en uno de los ingredientes m\u00e1s valorados en la cosm\u00e9tica natural por su capacidad para mejorar la elasticidad y firmeza de la piel sin utilizar ingredientes de origen animal. Este activo cosm\u00e9tico ofrece una alternativa \u00e9tica y efectiva para quienes buscan productos veganos con resultados profesionales.<\/p>\n\n\n\n<h2 class=\"wp-block-heading\"><strong>\u00bfQu\u00e9 es la Elastina Vegetal?<\/strong><\/h2>\n\n\n\n<p>La elastina vegetal es un activo cosm\u00e9tico derivado de prote\u00ednas hidrolizadas de trigo que funciona como sustituto de la elastina de origen animal. A pesar de su nombre, no es una versi\u00f3n vegetal de la elastina humana, sino una prote\u00edna con propiedades similares que imita sus efectos beneficiosos sobre la piel y el cabello.<\/p>\n\n\n\n<p>Su bajo peso molecular permite que penetre f\u00e1cilmente en las capas superficiales de la piel y la fibra capilar, proporcionando beneficios desde el interior. Esta caracter\u00edstica la diferencia de otros activos que solo act\u00faan en la superficie.<\/p>\n\n\n\n<h2 class=\"wp-block-heading\"><strong>Propiedades y Beneficios de la Elastina Vegetal<\/strong><\/h2>\n\n\n\n<h3 class=\"wp-block-heading\"><strong>Para la Piel:<\/strong><\/h3>\n\n\n\n<ul>\n<li><strong>Mejora la elasticidad:<\/strong> Ayuda a que la piel recupere su capacidad natural de estiramiento y vuelva a su posici\u00f3n original<\/li>\n\n\n\n<li><strong>Acci\u00f3n reafirmante:<\/strong> Contribuye a mejorar la firmeza facial y corporal, ideal para pieles maduras<\/li>\n\n\n\n<li><strong>Suaviza l\u00edneas de expresi\u00f3n:<\/strong> Reduce visiblemente las arrugas finas y los primeros signos del envejecimiento<\/li>\n\n\n\n<li><strong>Hidrataci\u00f3n profunda:<\/strong> Ayuda a regular y conservar la humedad natural de la piel<\/li>\n\n\n\n<li><strong>Forma una pel\u00edcula protectora:<\/strong> Crea una capa fina que protege la piel de agresiones externas<\/li>\n<\/ul>\n\n\n\n<h3 class=\"wp-block-heading\"><strong>Para el Cabello:<\/strong><\/h3>\n\n\n\n<ul>\n<li><strong>Aporta volumen y cuerpo:<\/strong> Proporciona m\u00e1s densidad visual sin apelmazar<\/li>\n\n\n\n<li><strong>Mejora la resistencia:<\/strong> Fortalece la estructura capilar previniendo la rotura<\/li>\n\n\n\n<li><strong>Protecci\u00f3n t\u00e9rmica:<\/strong> Protege el cabello de da\u00f1os causados por secadores, planchas y tratamientos qu\u00edmicos<\/li>\n\n\n\n<li><strong>Brillo natural:<\/strong> Devuelve el aspecto luminoso y saludable al cabello<\/li>\n\n\n\n<li><strong>Suaviza las cut\u00edculas:<\/strong> Facilita el peinado y reduce el encrespamiento<\/li>\n<\/ul>\n\n\n\n<h2 class=\"wp-block-heading\"><strong>\u00bfC\u00f3mo se Obtiene la Elastina Vegetal?<\/strong><\/h2>\n\n\n\n<p>La elastina vegetal se obtiene mediante un proceso de hidr\u00f3lisis de la prote\u00edna del trigo. Este m\u00e9todo descompone las cadenas proteicas en fragmentos m\u00e1s peque\u00f1os (oligop\u00e9ptidos y amino\u00e1cidos libres), lo que facilita su absorci\u00f3n y aumenta su eficacia cuando se aplica sobre la piel o el cabello.<\/p>\n\n\n\n<p>Su excelente compatibilidad con la piel hace que sea adecuada incluso para pieles sensibles, y su origen vegetal la convierte en la opci\u00f3n preferida para quienes siguen una filosof\u00eda de cosm\u00e9tica vegana y cruelty-free.<\/p>\n\n\n\n<h2 class=\"wp-block-heading\"><strong>Aplicaciones en Cosm\u00e9tica Natural<\/strong><\/h2>\n\n\n\n<p>La elastina vegetal es extremadamente vers\u00e1til y puede incorporarse en m\u00faltiples formulaciones:<\/p>\n\n\n\n<h3 class=\"wp-block-heading\"><strong>Productos Faciales:<\/strong><\/h3>\n\n\n\n<ul>\n<li>Cremas antiedad y reafirmantes<\/li>\n\n\n\n<li>S\u00e9rums hidratantes<\/li>\n\n\n\n<li>Contornos de ojos<\/li>\n\n\n\n<li>Mascarillas faciales<\/li>\n<\/ul>\n\n\n\n<h3 class=\"wp-block-heading\"><strong>Productos Corporales:<\/strong><\/h3>\n\n\n\n<ul>\n<li>Lociones hidratantes<\/li>\n\n\n\n<li>Cremas reafirmantes para escote y cuello<\/li>\n\n\n\n<li>Tratamientos antiestr\u00edas<\/li>\n\n\n\n<li>B\u00e1lsamos para piel seca<\/li>\n<\/ul>\n\n\n\n<h3 class=\"wp-block-heading\"><strong>Productos Capilares:<\/strong><\/h3>\n\n\n\n<ul>\n<li>Champ\u00fas reparadores<\/li>\n\n\n\n<li>Acondicionadores sin aclarado<\/li>\n\n\n\n<li>Mascarillas capilares<\/li>\n\n\n\n<li>Tratamientos para cabello da\u00f1ado o te\u00f1ido<\/li>\n\n\n\n<li>Productos para cabello fino o sin volumen<\/li>\n<\/ul>\n\n\n\n<h3 class=\"wp-block-heading\"><strong>Productos de Higiene:<\/strong><\/h3>\n\n\n\n<ul>\n<li>Geles de ducha<\/li>\n\n\n\n<li>Jabones l\u00edquidos (mejora la compatibilidad de los tensioactivos con la piel)<\/li>\n<\/ul>\n\n\n\n<h2 class=\"wp-block-heading\"><strong>C\u00f3mo Usar la Elastina Vegetal: Dosis y Modo de Empleo<\/strong><\/h2>\n\n\n\n<h3 class=\"wp-block-heading\"><strong>Dosis Recomendadas:<\/strong><\/h3>\n\n\n\n<ul>\n<li><strong>Uso est\u00e1ndar:<\/strong> 2-5% del total de la f\u00f3rmula<\/li>\n\n\n\n<li><strong>Efecto intensivo:<\/strong> hasta 10%<\/li>\n\n\n\n<li><strong>Tratamientos espec\u00edficos:<\/strong> puede elevarse hasta 15%<\/li>\n<\/ul>\n\n\n\n<figure class=\"wp-block-image size-full\"><a href=\"https:\/\/www.koken.es\/blog\/wp-content\/uploads\/2026\/01\/como-usar-elastina-vegetal-paso-a-paso-infografia-1.jpg\"><img decoding=\"async\" loading=\"lazy\" width=\"1024\" height=\"1024\" src=\"https:\/\/www.koken.es\/blog\/wp-content\/uploads\/2026\/01\/como-usar-elastina-vegetal-paso-a-paso-infografia-1.jpg\" alt=\"\" class=\"wp-image-3212\" srcset=\"https:\/\/www.koken.es\/blog\/wp-content\/uploads\/2026\/01\/como-usar-elastina-vegetal-paso-a-paso-infografia-1.jpg 1024w, https:\/\/www.koken.es\/blog\/wp-content\/uploads\/2026\/01\/como-usar-elastina-vegetal-paso-a-paso-infografia-1-300x300.jpg 300w, https:\/\/www.koken.es\/blog\/wp-content\/uploads\/2026\/01\/como-usar-elastina-vegetal-paso-a-paso-infografia-1-150x150.jpg 150w, https:\/\/www.koken.es\/blog\/wp-content\/uploads\/2026\/01\/como-usar-elastina-vegetal-paso-a-paso-infografia-1-768x768.jpg 768w\" sizes=\"(max-width: 1024px) 100vw, 1024px\" \/><\/a><\/figure>\n\n\n\n<h3 class=\"wp-block-heading\"><strong>Modo de Aplicaci\u00f3n:<\/strong><\/h3>\n\n\n\n<p><strong>En productos acuosos (champ\u00fas, geles):<\/strong> A\u00f1adir directamente a la fase acuosa durante la elaboraci\u00f3n, mezclando bien.<\/p>\n\n\n\n<p><strong>En cremas y emulsiones:<\/strong><\/p>\n\n\n\n<ol>\n<li>Disolver previamente en una peque\u00f1a cantidad de agua<\/li>\n\n\n\n<li>Dejar reposar durante 12-24 horas si presenta turbidez<\/li>\n\n\n\n<li>Incorporar al final del proceso (fase fr\u00eda), una vez que la emulsi\u00f3n est\u00e9 formada<\/li>\n\n\n\n<li>Nunca calentar, ya que las altas temperaturas pueden degradar sus propiedades<\/li>\n<\/ol>\n\n\n\n<p><strong>Consejo profesional:<\/strong> La elastina vegetal es soluble en agua, por lo que debe a\u00f1adirse siempre en la fase acuosa de cualquier formulaci\u00f3n.<\/p>\n\n\n\n<h2 class=\"wp-block-heading\"><strong>Elastina Vegetal vs Elastina Marina: \u00bfCu\u00e1l Elegir?<\/strong><\/h2>\n\n\n\n<p>Mientras que la elastina vegetal proviene de prote\u00ednas de trigo, la elastina marina se obtiene de algas pardas mediterr\u00e1neas. Ambas son de origen vegetal y aptas para veganos, pero presentan algunas diferencias:<\/p>\n\n\n\n<ul>\n<li><strong>Elastina vegetal (prote\u00edna de trigo):<\/strong> Especialmente indicada para cabello fino, da\u00f1ado o sin volumen. Excelente para productos capilares.<\/li>\n\n\n\n<li><strong>Elastina marina (algas):<\/strong> Mayor capacidad de penetraci\u00f3n en la piel. Ideal para tratamientos faciales antiedad y productos reafirmantes corporales.<\/li>\n<\/ul>\n\n\n\n<p>La elecci\u00f3n depender\u00e1 del tipo de producto que desees crear y del resultado que busques obtener.<\/p>\n\n\n\n<h2 class=\"wp-block-heading\"><strong>\u00bfPara Qu\u00e9 Tipos de Piel y Cabello est\u00e1 Indicada?<\/strong><\/h2>\n\n\n\n<h3 class=\"wp-block-heading\"><strong>Piel:<\/strong><\/h3>\n\n\n\n<ul>\n<li>Piel madura con p\u00e9rdida de firmeza<\/li>\n\n\n\n<li>Piel seca y deshidratada<\/li>\n\n\n\n<li>Piel con primeros signos de envejecimiento<\/li>\n\n\n\n<li>Piel que ha perdido elasticidad<\/li>\n<\/ul>\n\n\n\n<h3 class=\"wp-block-heading\"><strong>Cabello:<\/strong><\/h3>\n\n\n\n<ul>\n<li>Cabello fino sin volumen<\/li>\n\n\n\n<li>Cabello seco y deshidratado<\/li>\n\n\n\n<li>Cabello da\u00f1ado por tratamientos qu\u00edmicos (tintes, decoloraciones)<\/li>\n\n\n\n<li>Cabello castigado por el calor (secador, plancha)<\/li>\n\n\n\n<li>Cabello quebradizo con tendencia a la rotura<\/li>\n<\/ul>\n\n\n\n<h2 class=\"wp-block-heading\"><strong>Conservaci\u00f3n y Almacenamiento<\/strong><\/h2>\n\n\n\n<p>Para mantener la eficacia de la elastina vegetal:<\/p>\n\n\n\n<ul>\n<li>Conservar en envases herm\u00e9ticos bien cerrados<\/li>\n\n\n\n<li>Almacenar en lugar fresco y seco, alejado de la luz directa<\/li>\n\n\n\n<li>Temperatura ideal: no superior a 15\u00b0C (si es posible, refrigerar)<\/li>\n\n\n\n<li>Proteger de la luz artificial intensa<\/li>\n<\/ul>\n\n\n\n<h2 class=\"wp-block-heading\"><strong>Preguntas Frecuentes sobre la Elastina Vegetal<\/strong><\/h2>\n\n\n\n<p><strong>\u00bfLa elastina vegetal es apta para veganos?<\/strong> S\u00ed, al derivarse de prote\u00ednas de trigo, es 100% vegetal y no contiene ingredientes de origen animal.<\/p>\n\n\n\n<p><strong>\u00bfPuede causar alergias?<\/strong> Como contiene prote\u00edna de trigo, las personas con alergia al gluten o sensibilidad al trigo deben evitar su uso t\u00f3pico.<\/p>\n\n\n\n<p><strong>\u00bfSe puede usar durante el embarazo?<\/strong> S\u00ed, es segura para uso cosm\u00e9tico durante el embarazo y la lactancia.<\/p>\n\n\n\n<p><strong>\u00bfCu\u00e1nto tiempo tarda en verse resultados?<\/strong> Los efectos inmediatos (suavidad, brillo) se notan desde la primera aplicaci\u00f3n. Los beneficios acumulativos (mejora de la elasticidad, reducci\u00f3n de l\u00edneas finas) se aprecian tras 3-4 semanas de uso regular.<\/p>\n\n\n\n<p>La elastina vegetal representa una opci\u00f3n excepcional para quienes buscan mejorar la salud y apariencia de su piel y cabello de forma natural y \u00e9tica. Su capacidad para restaurar la elasticidad, proporcionar hidrataci\u00f3n profunda y proteger contra el da\u00f1o ambiental la convierte en un ingrediente imprescindible en la cosm\u00e9tica natural moderna.<\/p>\n\n\n\n<p>Ya sea que est\u00e9s formulando tus propios productos cosm\u00e9ticos caseros o buscando ingredientes activos de calidad profesional, la elastina vegetal es una inversi\u00f3n que vale la pena para conseguir resultados visibles y duraderos.<\/p>\n\n\n\n<p>\u00bfHas probado ya la elastina vegetal en tus formulaciones? Comparte tu experiencia en los comentarios y cu\u00e9ntanos qu\u00e9 productos te gustar\u00eda crear con este incre\u00edble activo natural.<\/p>\n","protected":false},"excerpt":{"rendered":"<p>La elastina vegetal se ha convertido en uno de los ingredientes m\u00e1s valorados en la cosm\u00e9tica natural por su capacidad para mejorar la elasticidad y firmeza de la piel sin utilizar ingredientes de origen animal. Este activo cosm\u00e9tico ofrece una &hellip; <a href=\"https:\/\/www.koken.es\/blog\/elastina-vegetal\/\" class=\"more-link\">Sigue leyendo <span class=\"meta-nav\">&rarr;<\/span><\/a><\/p>\n","protected":false},"author":2,"featured_media":3210,"comment_status":"open","ping_status":"closed","sticky":false,"template":"","format":"standard","meta":{"om_disable_all_campaigns":false,"_mi_skip_tracking":false,"_monsterinsights_sitenote_active":false,"_monsterinsights_sitenote_note":"","_monsterinsights_sitenote_category":0},"categories":[8],"tags":[734,737,14,735,731,730,728,736,729,732,733],"aioseo_notices":[],"_links":{"self":[{"href":"https:\/\/www.koken.es\/blog\/wp-json\/wp\/v2\/posts\/509"}],"collection":[{"href":"https:\/\/www.koken.es\/blog\/wp-json\/wp\/v2\/posts"}],"about":[{"href":"https:\/\/www.koken.es\/blog\/wp-json\/wp\/v2\/types\/post"}],"author":[{"embeddable":true,"href":"https:\/\/www.koken.es\/blog\/wp-json\/wp\/v2\/users\/2"}],"replies":[{"embeddable":true,"href":"https:\/\/www.koken.es\/blog\/wp-json\/wp\/v2\/comments?post=509"}],"version-history":[{"count":2,"href":"https:\/\/www.koken.es\/blog\/wp-json\/wp\/v2\/posts\/509\/revisions"}],"predecessor-version":[{"id":3213,"href":"https:\/\/www.koken.es\/blog\/wp-json\/wp\/v2\/posts\/509\/revisions\/3213"}],"wp:featuredmedia":[{"embeddable":true,"href":"https:\/\/www.koken.es\/blog\/wp-json\/wp\/v2\/media\/3210"}],"wp:attachment":[{"href":"https:\/\/www.koken.es\/blog\/wp-json\/wp\/v2\/media?parent=509"}],"wp:term":[{"taxonomy":"category","embeddable":true,"href":"https:\/\/www.koken.es\/blog\/wp-json\/wp\/v2\/categories?post=509"},{"taxonomy":"post_tag","embeddable":true,"href":"https:\/\/www.koken.es\/blog\/wp-json\/wp\/v2\/tags?post=509"}],"curies":[{"name":"wp","href":"https:\/\/api.w.org\/{rel}","templated":true}]}}