{"id":669,"date":"2015-12-21T12:18:21","date_gmt":"2015-12-21T12:18:21","guid":{"rendered":"http:\/\/www.koken.es\/blog\/?p=669"},"modified":"2026-02-04T17:34:02","modified_gmt":"2026-02-04T17:34:02","slug":"que-son-los-antioxidantes","status":"publish","type":"post","link":"https:\/\/www.koken.es\/blog\/que-son-los-antioxidantes\/","title":{"rendered":"\u00bfQu\u00e9 son los antioxidantes?"},"content":{"rendered":"\n<p><strong>Antioxidante<\/strong> hace referencia a la actividad que numerosas <strong>vitaminas, minerales y otras sustancias fitoqu\u00edmicas<\/strong> tienen sobre mol\u00e9culas consideradas nocivas, llamadas <strong>radicales libres<\/strong>. Pero \u00bfqu\u00e9 significa esto realmente? \u00bfPor qu\u00e9 todo el mundo habla de antioxidantes en cosm\u00e9tica, alimentaci\u00f3n y salud?<\/p>\n\n\n\n<p>La respuesta est\u00e1 en uno de los descubrimientos cient\u00edficos m\u00e1s importantes del siglo XX: En <strong>1956<\/strong> se propuso por primera vez que los <strong>radicales libres contribu\u00edan al envejecimiento<\/strong>. Esta teor\u00eda, inicialmente muy criticada, hoy est\u00e1 <strong>ampliamente demostrada<\/strong> \u2014 los radicales libres que se forman en procesos de oxidaci\u00f3n son los <strong>principales causantes de los signos de la edad<\/strong>: arrugas, manchas, flaccidez, p\u00e9rdida de firmeza.<\/p>\n\n\n\n<p>Y aqu\u00ed entran los <strong>antioxidantes como h\u00e9roes<\/strong>: mol\u00e9culas capaces de <strong>neutralizar los radicales libres<\/strong>, protegi\u00e9ndonos del envejecimiento prematuro y numerosas enfermedades.<\/p>\n\n\n\n<p><strong>\u00bfQu\u00e9 revelan los estudios cient\u00edficos?<\/strong><\/p>\n\n\n\n<p>D\u00e9cadas de investigaci\u00f3n indican que los antioxidantes pueden <strong>prevenir o retrasar el desarrollo<\/strong> de:<\/p>\n\n\n\n<ul>\n<li>\u2705 <strong>Enfermedades cardiovasculares<\/strong> (infartos, aterosclerosis)<\/li>\n\n\n\n<li>\u2705 <strong>C\u00e1ncer<\/strong> (algunos tipos, actuando como protecci\u00f3n celular)<\/li>\n\n\n\n<li>\u2705 <strong>Enfermedades neurodegenerativas<\/strong> (Alzheimer, Parkinson)<\/li>\n\n\n\n<li>\u2705 <strong>Envejecimiento cut\u00e1neo prematuro<\/strong> (arrugas, manchas, p\u00e9rdida de col\u00e1geno)<\/li>\n\n\n\n<li>\u2705 <strong>Inflamaci\u00f3n cr\u00f3nica<\/strong> (asociada a m\u00faltiples enfermedades)<\/li>\n<\/ul>\n\n\n\n<p><strong>La clave est\u00e1 en el equilibrio:<\/strong> Nuestro cuerpo <strong>produce antioxidantes naturalmente<\/strong>, pero estos <strong>no son suficientes<\/strong> para frenar todos los radicales libres que generamos diariamente por exposici\u00f3n solar, contaminaci\u00f3n, estr\u00e9s, tabaco, mala alimentaci\u00f3n. Por eso necesitamos <strong>obtener antioxidantes de fuentes externas<\/strong>: alimentos ricos en antioxidantes y cosm\u00e9tica antioxidante t\u00f3pica.<\/p>\n\n\n\n<p>En esta gu\u00eda completa actualizada 2026, descubrir\u00e1s: Qu\u00e9 son exactamente los radicales libres y el estr\u00e9s oxidativo, C\u00f3mo funcionan los antioxidantes a nivel molecular, Top 12 antioxidantes m\u00e1s potentes (vitamina C, E, A, selenio, polifenoles, carotenoides), Antioxidantes en cosm\u00e9tica antiedad (s\u00e9rum vitamina C, cremas, aceites), Alimentos m\u00e1s ricos en antioxidantes (tabla completa), C\u00f3mo incorporar antioxidantes en tu rutina facial, Productos KOKEN con antioxidantes naturales, FAQs.<\/p>\n\n\n\n<p><strong>El objetivo:<\/strong> Que entiendas por qu\u00e9 los antioxidantes son <strong>esenciales<\/strong> para mantener piel joven, salud \u00f3ptima y prevenir enfermedades \u2014 y c\u00f3mo aprovechar su poder m\u00e1ximo.<\/p>\n\n\n\n<hr class=\"wp-block-separator has-alpha-channel-opacity\"\/>\n\n\n<div class=\"wp-block-image\">\n<figure class=\"aligncenter size-large\"><a href=\"https:\/\/www.koken.es\/blog\/wp-content\/uploads\/2026\/02\/infografia-antioxidantes-radicales-libres-beneficios-piel-2026-1.jpg\"><img decoding=\"async\" loading=\"lazy\" width=\"768\" height=\"1024\" src=\"https:\/\/www.koken.es\/blog\/wp-content\/uploads\/2026\/02\/infografia-antioxidantes-radicales-libres-beneficios-piel-2026-1-768x1024.jpg\" alt=\"\" class=\"wp-image-3322\" srcset=\"https:\/\/www.koken.es\/blog\/wp-content\/uploads\/2026\/02\/infografia-antioxidantes-radicales-libres-beneficios-piel-2026-1-768x1024.jpg 768w, https:\/\/www.koken.es\/blog\/wp-content\/uploads\/2026\/02\/infografia-antioxidantes-radicales-libres-beneficios-piel-2026-1-225x300.jpg 225w, https:\/\/www.koken.es\/blog\/wp-content\/uploads\/2026\/02\/infografia-antioxidantes-radicales-libres-beneficios-piel-2026-1-1152x1536.jpg 1152w, https:\/\/www.koken.es\/blog\/wp-content\/uploads\/2026\/02\/infografia-antioxidantes-radicales-libres-beneficios-piel-2026-1.jpg 1500w\" sizes=\"(max-width: 768px) 100vw, 768px\" \/><\/a><\/figure><\/div>\n\n\n<h2 class=\"wp-block-heading\"><strong>\u00bfQu\u00e9 Son los Radicales Libres?<\/strong><\/h2>\n\n\n\n<p>Antes de entender los antioxidantes, necesitas conocer a su \u00abenemigo\u00bb: <strong>los radicales libres<\/strong>.<\/p>\n\n\n\n<h3 class=\"wp-block-heading\"><strong>Definici\u00f3n cient\u00edfica:<\/strong><\/h3>\n\n\n\n<p>Los <strong>radicales libres (RL)<\/strong> son <strong>mol\u00e9culas que presentan electrones desparejados<\/strong>. Esto hace que sean <strong>extremadamente inestables y reactivas<\/strong> \u2014 como un im\u00e1n desesperado buscando completarse.<\/p>\n\n\n\n<p><strong>\u00bfQu\u00e9 hacen estos radicales libres?<\/strong><br>En su b\u00fasqueda de estabilidad (emparejar sus electrones), los radicales libres <strong>atacan y destruyen<\/strong> todo lo que tienen a su alrededor:<\/p>\n\n\n\n<ul>\n<li>\u274c <strong>Membranas celulares<\/strong> (l\u00edpidos) \u2192 c\u00e9lulas da\u00f1adas, envejecimiento<\/li>\n\n\n\n<li>\u274c <strong>ADN celular<\/strong> \u2192 mutaciones, c\u00e1ncer<\/li>\n\n\n\n<li>\u274c <strong>Prote\u00ednas estructurales<\/strong> (col\u00e1geno, elastina) \u2192 arrugas, flaccidez<\/li>\n\n\n\n<li>\u274c <strong>Organelas celulares<\/strong> \u2192 disfunci\u00f3n, muerte celular<\/li>\n<\/ul>\n\n\n\n<p><strong>Met\u00e1fora \u00fatil:<\/strong> Imagina los radicales libres como \u00abbalas perdidas\u00bb rebotando dentro de tus c\u00e9lulas, destruyendo todo a su paso.<\/p>\n\n\n\n<h3 class=\"wp-block-heading\"><strong>\u00bfDe d\u00f3nde vienen los radicales libres?<\/strong><\/h3>\n\n\n\n<p>Se forman de <strong>dos maneras<\/strong>:<\/p>\n\n\n\n<p><strong>1. PROCESOS METAB\u00d3LICOS NORMALES (end\u00f3genos):<\/strong><\/p>\n\n\n\n<ul>\n<li><strong>Respiraci\u00f3n celular:<\/strong> Cuando tus c\u00e9lulas producen energ\u00eda (ATP) en las mitocondrias, generan radicales libres como \u00abresiduo\u00bb. Es inevitable \u2014 el <strong>2-5% del ox\u00edgeno<\/strong> que respiras se convierte en radicales libres.<\/li>\n\n\n\n<li><strong>Sistema inmunitario:<\/strong> Cuando combates infecciones, tus gl\u00f3bulos blancos producen radicales libres intencionalmente para destruir pat\u00f3genos (\u00a1pero tambi\u00e9n da\u00f1an c\u00e9lulas propias!)<\/li>\n\n\n\n<li><strong>Inflamaci\u00f3n:<\/strong> Procesos inflamatorios generan radicales libres<\/li>\n<\/ul>\n\n\n\n<p><strong>2. FACTORES EXTERNOS (ex\u00f3genos):<\/strong><\/p>\n\n\n\n<ul>\n<li>\u2600\ufe0f <strong>Radiaci\u00f3n UV (sol):<\/strong> Principal generador externo de radicales libres en piel<\/li>\n\n\n\n<li>\ud83c\udfed <strong>Contaminaci\u00f3n ambiental:<\/strong> Part\u00edculas t\u00f3xicas, ozono, metales pesados<\/li>\n\n\n\n<li>\ud83d\udeac <strong>Tabaco:<\/strong> Tanto fumador activo como pasivo<\/li>\n\n\n\n<li>\ud83c\udf54 <strong>Dieta pobre:<\/strong> Alimentos ultraprocesados, grasas trans, exceso az\u00facar<\/li>\n\n\n\n<li>\ud83c\udf77 <strong>Alcohol excesivo<\/strong><\/li>\n\n\n\n<li>\ud83d\udc8a <strong>Medicamentos:<\/strong> Algunos f\u00e1rmacos generan radicales libres<\/li>\n\n\n\n<li>\u26a1 <strong>Ejercicio intenso prolongado<\/strong> (parad\u00f3jicamente, aunque ejercicio moderado es beneficioso)<\/li>\n\n\n\n<li>\ud83d\ude30 <strong>Estr\u00e9s cr\u00f3nico:<\/strong> Cortisol elevado aumenta oxidaci\u00f3n<\/li>\n<\/ul>\n\n\n\n<hr class=\"wp-block-separator has-alpha-channel-opacity\"\/>\n\n\n\n<h2 class=\"wp-block-heading\"><strong>\u00bfQu\u00e9 Es el Estr\u00e9s Oxidativo?<\/strong><\/h2>\n\n\n\n<p>El <strong>estr\u00e9s oxidativo<\/strong> ocurre cuando hay un <strong>desequilibrio<\/strong> entre:<\/p>\n\n\n\n<ul>\n<li><strong>Producci\u00f3n de radicales libres<\/strong> (demasiados) \u2696\ufe0f <strong>Capacidad antioxidante del cuerpo<\/strong> (insuficiente)<\/li>\n<\/ul>\n\n\n\n<p><strong>Cuando este desequilibrio se mantiene en el tiempo<\/strong>, el estr\u00e9s oxidativo causa <strong>da\u00f1o acumulativo<\/strong>:<\/p>\n\n\n\n<h3 class=\"wp-block-heading\"><strong>A CORTO PLAZO:<\/strong><\/h3>\n\n\n\n<ul>\n<li>Compromiso de la <strong>barrera cut\u00e1nea<\/strong> \u2192 piel sensible, deshidratada<\/li>\n\n\n\n<li><strong>Irritaci\u00f3n, rojeces<\/strong><\/li>\n\n\n\n<li><strong>Inflamaci\u00f3n<\/strong><\/li>\n\n\n\n<li><strong>Hiperpigmentaci\u00f3n<\/strong> (manchas)<\/li>\n<\/ul>\n\n\n\n<h3 class=\"wp-block-heading\"><strong>A LARGO PLAZO (da\u00f1os graves):<\/strong><\/h3>\n\n\n\n<ul>\n<li><strong>ENVEJECIMIENTO CUT\u00c1NEO ACELERADO:<\/strong>\n<ul>\n<li>Destrucci\u00f3n de <strong>col\u00e1geno y elastina<\/strong> \u2192 arrugas profundas, flaccidez<\/li>\n\n\n\n<li>Da\u00f1o a <strong>melanocitos<\/strong> \u2192 manchas solares, lentigos<\/li>\n\n\n\n<li><strong>Glicaci\u00f3n<\/strong> (az\u00facares + col\u00e1geno) \u2192 piel r\u00edgida, amarillenta<\/li>\n<\/ul>\n<\/li>\n<\/ul>\n\n\n\n<ul>\n<li><strong>ENFERMEDADES CR\u00d3NICAS:<\/strong>\n<ul>\n<li>Aterosclerosis (oxidaci\u00f3n del colesterol LDL)<\/li>\n\n\n\n<li>C\u00e1ncer (da\u00f1o al ADN, mutaciones)<\/li>\n\n\n\n<li>Alzheimer, Parkinson (neurodegeneraci\u00f3n)<\/li>\n\n\n\n<li>Diabetes tipo 2 (disfunci\u00f3n insulina)<\/li>\n\n\n\n<li>Artritis, inflamaci\u00f3n cr\u00f3nica<\/li>\n<\/ul>\n<\/li>\n<\/ul>\n\n\n\n<p><strong>Dato alarmante:<\/strong> El estr\u00e9s oxidativo <strong>aumenta exponencialmente con la edad<\/strong> a partir de los <strong>35 a\u00f1os<\/strong>, y se <strong>acelera<\/strong> con exposici\u00f3n solar sin protecci\u00f3n.<\/p>\n\n\n\n<hr class=\"wp-block-separator has-alpha-channel-opacity\"\/>\n\n\n\n<h2 class=\"wp-block-heading\"><strong>\u00bfQu\u00e9 Son los Antioxidantes y C\u00f3mo Funcionan?<\/strong><\/h2>\n\n\n\n<p>Los <strong>antioxidantes<\/strong> son <strong>mol\u00e9culas que previenen o retrasan la oxidaci\u00f3n<\/strong> de otras mol\u00e9culas.<\/p>\n\n\n\n<h3 class=\"wp-block-heading\"><strong>Mecanismo de acci\u00f3n:<\/strong><\/h3>\n\n\n\n<p><strong>1. ANTIOXIDANTES DIRECTOS (primarios):<\/strong><br><strong>\u00abDonan\u00bb un electr\u00f3n a los radicales libres<\/strong>, neutraliz\u00e1ndolos <strong>sin volverse reactivos ellos mismos<\/strong>. Es como calmar a alguien furioso d\u00e1ndole lo que busca.<\/p>\n\n\n\n<p>Ejemplos: Vitamina C, E, glutati\u00f3n, polifenoles<\/p>\n\n\n\n<p><strong>2. ANTIOXIDANTES INDIRECTOS (secundarios):<\/strong><br><strong>Reparan las mol\u00e9culas<\/strong> ya da\u00f1adas por radicales libres, o <strong>activan las defensas antioxidantes del cuerpo<\/strong>.<\/p>\n\n\n\n<p>Ejemplos: Super\u00f3xido dismutasa (SOD), catalasa, enzimas reparadoras de ADN<\/p>\n\n\n\n<p><strong>3. ANTIOXIDANTES PREVENTIVOS:<\/strong><br><strong>Bloquean la formaci\u00f3n<\/strong> de radicales libres desde el inicio.<\/p>\n\n\n\n<p>Ejemplos: Filtros solares UV (previenen fotoxidaci\u00f3n)<\/p>\n\n\n\n<h3 class=\"wp-block-heading\"><strong>Sistema de defensa en red:<\/strong><\/h3>\n\n\n\n<p>Lo fascinante es que los antioxidantes <strong>trabajan en equipo<\/strong>:<\/p>\n\n\n\n<ul>\n<li>La <strong>vitamina C regenera la vitamina E<\/strong> oxidada<\/li>\n\n\n\n<li>La <strong>vitamina E protege l\u00edpidos<\/strong> de membranas<\/li>\n\n\n\n<li>El <strong>glutati\u00f3n recicla vitamina C<\/strong><\/li>\n\n\n\n<li>Los <strong>polifenoles amplifican<\/strong> efectos de vitaminas<\/li>\n<\/ul>\n\n\n\n<p><strong>Un estudio demostr\u00f3<\/strong> que la <strong>acci\u00f3n combinada de antioxidantes<\/strong> reduce radicales libres hasta <strong>49.4%<\/strong> y ralentiza envejecimiento celular hasta <strong>87.9%<\/strong> \u2014 mucho m\u00e1s que antioxidantes aislados.<\/p>\n\n\n\n<hr class=\"wp-block-separator has-alpha-channel-opacity\"\/>\n\n\n\n<h2 class=\"wp-block-heading\"><strong>Top 12 Antioxidantes M\u00e1s Potentes<\/strong><\/h2>\n\n\n\n<p>Aqu\u00ed est\u00e1n los <strong>antioxidantes estrella<\/strong> con mayor evidencia cient\u00edfica:<\/p>\n\n\n\n<h3 class=\"wp-block-heading\"><strong>TABLA COMPARATIVA ANTIOXIDANTES PRINCIPALES:<\/strong><\/h3>\n\n\n\n<figure class=\"wp-block-table\"><table><thead><tr><th><strong>Antioxidante<\/strong><\/th><th><strong>Tipo<\/strong><\/th><th><strong>Fuentes Principales<\/strong><\/th><th><strong>Beneficio Clave Piel<\/strong><\/th><th><strong>Potencia<\/strong><\/th><\/tr><\/thead><tbody><tr><td><strong>Vitamina C (\u00e1cido L-asc\u00f3rbico)<\/strong><\/td><td>Hidrosoluble<\/td><td>C\u00edtricos, kiwi, fresas, pimientos<\/td><td>Ilumina, estimula col\u00e1geno, despigmenta<\/td><td>\u2b50\u2b50\u2b50<\/td><\/tr><tr><td><strong>Vitamina E (tocoferol)<\/strong><\/td><td>Liposoluble<\/td><td>Aceites vegetales, frutos secos, aguacate<\/td><td>Protege l\u00edpidos, hidrata, anti-inflamatorio<\/td><td>\u2b50\u2b50\u2b50<\/td><\/tr><tr><td><strong>Vitamina A (retinol)<\/strong><\/td><td>Liposoluble<\/td><td>H\u00edgado, yema huevo, zanahoria (beta-caroteno)<\/td><td>Renovaci\u00f3n celular, anti-arrugas, firmeza<\/td><td>\u2b50\u2b50\u2b50<\/td><\/tr><tr><td><strong>Beta-caroteno (provitamina A)<\/strong><\/td><td>Liposoluble<\/td><td>Zanahorias, boniatos, calabaza, albaricoques<\/td><td>Protecci\u00f3n UV, tono saludable<\/td><td>\u2b50\u2b50<\/td><\/tr><tr><td><strong>Selenio<\/strong><\/td><td>Mineral<\/td><td>Nueces de Brasil, pescado, arroz integral<\/td><td>Activa enzimas antioxidantes (glutati\u00f3n)<\/td><td>\u2b50\u2b50\u2b50<\/td><\/tr><tr><td><strong>Resveratrol<\/strong><\/td><td>Polifenol<\/td><td>Uvas rojas, vino tinto, ar\u00e1ndanos<\/td><td>Anti-aging, protecci\u00f3n UV, anti-inflamatorio<\/td><td>\u2b50\u2b50\u2b50<\/td><\/tr><tr><td><strong>\u00c1cido fer\u00falico<\/strong><\/td><td>Polifenol<\/td><td>Granos enteros, salvado arroz<\/td><td>Potencia vitamina C\/E, fotoprotecci\u00f3n<\/td><td>\u2b50\u2b50\u2b50<\/td><\/tr><tr><td><strong>Niacinamida (vitamina B3)<\/strong><\/td><td>Hidrosoluble<\/td><td>Carne, pescado, legumbres<\/td><td>Barrera cut\u00e1nea, despigmenta, anti-rojeces<\/td><td>\u2b50\u2b50\u2b50<\/td><\/tr><tr><td><strong>Coenzima Q10<\/strong><\/td><td>Liposoluble<\/td><td>Producci\u00f3n end\u00f3gena, carne, pescado<\/td><td>Energ\u00eda celular, anti-arrugas<\/td><td>\u2b50\u2b50<\/td><\/tr><tr><td><strong>Lute\u00edna\/Zeaxantina<\/strong><\/td><td>Carotenoides<\/td><td>Espinacas, col rizada, br\u00f3coli<\/td><td>Protecci\u00f3n ocular, filtro luz azul<\/td><td>\u2b50\u2b50<\/td><\/tr><tr><td><strong>Polifenoles del t\u00e9 verde (EGCG)<\/strong><\/td><td>Polifenol<\/td><td>T\u00e9 verde, t\u00e9 blanco<\/td><td>Anti-inflamatorio, anti-acn\u00e9, protecci\u00f3n UV<\/td><td>\u2b50\u2b50\u2b50<\/td><\/tr><tr><td><strong>Super\u00f3xido dismutasa (SOD)<\/strong><\/td><td>Enzima<\/td><td>Producci\u00f3n end\u00f3gena, mel\u00f3n<\/td><td>Neutraliza super\u00f3xido (radical muy da\u00f1ino)<\/td><td>\u2b50\u2b50\u2b50<\/td><\/tr><\/tbody><\/table><\/figure>\n\n\n\n<hr class=\"wp-block-separator has-alpha-channel-opacity\"\/>\n\n\n\n<h3 class=\"wp-block-heading\"><strong>DETALLE DE LOS 5 ANTIOXIDANTES M\u00c1S IMPORTANTES PARA LA PIEL:<\/strong><\/h3>\n\n\n\n<h4 class=\"wp-block-heading\"><strong>1. VITAMINA C (\u00c1CIDO L-ASC\u00d3RBICO) \u2b50\u2b50\u2b50<\/strong><\/h4>\n\n\n\n<p><strong>\u00bfPor qu\u00e9 es el #1 en cosm\u00e9tica?<\/strong><\/p>\n\n\n\n<p>La vitamina C es <strong>el antioxidante predominante en cosm\u00e9tica antiedad<\/strong> por m\u00faltiples razones:<\/p>\n\n\n\n<p><strong>Beneficios para la piel:<\/strong><\/p>\n\n\n\n<ul>\n<li>\u2705 <strong>Neutraliza radicales libres:<\/strong> Compartimentos acuosos de piel<\/li>\n\n\n\n<li>\u2705 <strong>Estimula producci\u00f3n de col\u00e1geno:<\/strong> Cofactor esencial para s\u00edntesis<\/li>\n\n\n\n<li>\u2705 <strong>Ilumina y unifica tono:<\/strong> Inhibe tirosinasa (enzima de melanina)<\/li>\n\n\n\n<li>\u2705 <strong>Despigmenta manchas:<\/strong> Reduce hiperpigmentaci\u00f3n hasta 40%<\/li>\n\n\n\n<li>\u2705 <strong>Protecci\u00f3n UV:<\/strong> Previene eritema, da\u00f1o solar (NO sustituye SPF)<\/li>\n\n\n\n<li>\u2705 <strong>Reparaci\u00f3n:<\/strong> Acelera curaci\u00f3n, reduce inflamaci\u00f3n<\/li>\n<\/ul>\n\n\n\n<p><strong>Evidencia cient\u00edfica:<\/strong><\/p>\n\n\n\n<ul>\n<li>Aplicaci\u00f3n t\u00f3pica <strong>15% vitamina C<\/strong> durante 12 semanas: mejora <strong>visible de arrugas, firmeza, luminosidad<\/strong> (Journal Cosmetic Science)<\/li>\n\n\n\n<li>pH \u00f3ptimo formulaci\u00f3n: <strong>&lt;3.5<\/strong> para m\u00e1xima absorci\u00f3n percut\u00e1nea<\/li>\n<\/ul>\n\n\n\n<p><strong>Problema:<\/strong> La vitamina C pura es <strong>muy inestable<\/strong> (se oxida con aire\/luz). Por eso la industria desarrolla <strong>derivados estables<\/strong>: ascorbyl glucoside, magnesium ascorbyl phosphate, etc.<\/p>\n\n\n\n<p><strong>Aplicaci\u00f3n cosm\u00e9tica:<\/strong><\/p>\n\n\n\n<ul>\n<li><strong>S\u00e9rum vitamina C 10-20%:<\/strong> Aplicar por ma\u00f1ana antes de hidratante + SPF<\/li>\n\n\n\n<li><strong>Combinaci\u00f3n ganadora:<\/strong> Vitamina C + vitamina E + \u00e1cido fer\u00falico (potencia efectos hasta 8 veces)<\/li>\n<\/ul>\n\n\n\n<hr class=\"wp-block-separator has-alpha-channel-opacity\"\/>\n\n\n\n<h4 class=\"wp-block-heading\"><strong>2. VITAMINA E (TOCOFEROL) \u2b50\u2b50\u2b50<\/strong><\/h4>\n\n\n\n<p><strong>El protector de l\u00edpidos:<\/strong><\/p>\n\n\n\n<p>Vitamina E es <strong>liposoluble<\/strong> \u2014 se integra en membranas celulares y las protege de oxidaci\u00f3n.<\/p>\n\n\n\n<p><strong>Beneficios para la piel:<\/strong><\/p>\n\n\n\n<ul>\n<li>\u2705 <strong>Protege barrera cut\u00e1nea:<\/strong> Previene p\u00e9rdida de l\u00edpidos<\/li>\n\n\n\n<li>\u2705 <strong>Hidrataci\u00f3n profunda:<\/strong> Retiene agua en piel<\/li>\n\n\n\n<li>\u2705 <strong>Anti-inflamatorio:<\/strong> Calma irritaciones, rojeces<\/li>\n\n\n\n<li>\u2705 <strong>Cicatrizante:<\/strong> Acelera regeneraci\u00f3n<\/li>\n\n\n\n<li>\u2705 <strong>Sinergia con vitamina C:<\/strong> Se potencian mutuamente<\/li>\n<\/ul>\n\n\n\n<p><strong>Fuentes:<\/strong><\/p>\n\n\n\n<ul>\n<li><strong>Cosm\u00e9ticas:<\/strong> Aceites vegetales (germen de trigo, almendras, coco, rosa mosqueta)<\/li>\n\n\n\n<li><strong>Alimentarias:<\/strong> Frutos secos (almendras, avellanas), semillas (girasol), aguacate<\/li>\n<\/ul>\n\n\n\n<p><strong>Dato importante:<\/strong> El <strong>aceite de germen de trigo<\/strong> tiene la <strong>concentraci\u00f3n m\u00e1s alta de vitamina E<\/strong> de todos los aceites (300-450 mg\/100g) \u2014 <strong>10-450 veces m\u00e1s<\/strong> que otros aceites comunes.<\/p>\n\n\n\n<p><strong>Productos Koken con vitamina E:<\/strong><\/p>\n\n\n\n<ul>\n<li><strong><a href=\"https:\/\/www.koken.es\/cosmetica\/corporal\/aceite-de-coco.html\">Aceite de Coco 100% Puro 500ml<\/a>:<\/strong> Fuente natural de vitamina E y K, polifenoles antioxidantes<\/li>\n\n\n\n<li><strong><a href=\"https:\/\/www.koken.es\/cosmetica-facial\/vlips.html\">Voluminizador Labios Vlips<\/a>:<\/strong> Enriquecido con aceites soja\/almendras\/aguacate que aportan vitamina E<\/li>\n<\/ul>\n\n\n\n<hr class=\"wp-block-separator has-alpha-channel-opacity\"\/>\n\n\n\n<h4 class=\"wp-block-heading\"><strong>3. VITAMINA A (RETINOL) \u2b50\u2b50\u2b50<\/strong><\/h4>\n\n\n\n<p><strong>El rey del anti-aging:<\/strong><\/p>\n\n\n\n<p>Retinol es <strong>el ingrediente anti-arrugas con mayor evidencia cient\u00edfica<\/strong>.<\/p>\n\n\n\n<p><strong>Beneficios para la piel:<\/strong><\/p>\n\n\n\n<ul>\n<li>\u2705 <strong>Estimula renovaci\u00f3n celular:<\/strong> Acelera recambio epid\u00e9rmico<\/li>\n\n\n\n<li>\u2705 <strong>Aumenta producci\u00f3n col\u00e1geno\/elastina:<\/strong> Firmeza, elasticidad<\/li>\n\n\n\n<li>\u2705 <strong>Reduce arrugas profundas:<\/strong> Eficacia probada<\/li>\n\n\n\n<li>\u2705 <strong>Mejora textura:<\/strong> Piel m\u00e1s suave, refinada<\/li>\n\n\n\n<li>\u2705 <strong>Despigmenta:<\/strong> Unifica tono<\/li>\n<\/ul>\n\n\n\n<p><strong>Importante:<\/strong> Retinol <strong>NO es antioxidante puro<\/strong>, pero protege contra radiaci\u00f3n UV y <strong>estimula defensas antioxidantes<\/strong> de piel.<\/p>\n\n\n\n<p><strong>Precauci\u00f3n:<\/strong> Puede irritar piel sensible. Empezar con concentraciones bajas (0.3%), uso nocturno, combinar con antioxidantes calmantes.<\/p>\n\n\n\n<hr class=\"wp-block-separator has-alpha-channel-opacity\"\/>\n\n\n\n<h4 class=\"wp-block-heading\"><strong>4. RESVERATROL \u2b50\u2b50\u2b50<\/strong><\/h4>\n\n\n\n<p><strong>El polifenol de la longevidad:<\/strong><\/p>\n\n\n\n<p>Resveratrol es el <strong>antioxidante polifen\u00f3lico<\/strong> del vino tinto que genera titulares sobre \u00abbeneficios de beber vino\u00bb (aunque concentraci\u00f3n en vino es baja).<\/p>\n\n\n\n<p><strong>Beneficios para la piel:<\/strong><\/p>\n\n\n\n<ul>\n<li>\u2705 <strong>Protecci\u00f3n UV:<\/strong> Previene fotoenvejecimiento<\/li>\n\n\n\n<li>\u2705 <strong>Anti-inflamatorio potente:<\/strong> Calma piel reactiva<\/li>\n\n\n\n<li>\u2705 <strong>Estimula sirtuinas:<\/strong> Prote\u00ednas de longevidad celular<\/li>\n\n\n\n<li>\u2705 <strong>Anti-acn\u00e9:<\/strong> Propiedades antibacterianas<\/li>\n<\/ul>\n\n\n\n<p><strong>Fuentes:<\/strong><\/p>\n\n\n\n<ul>\n<li>Uvas rojas, ar\u00e1ndanos, moras<\/li>\n\n\n\n<li>Cacahuetes<\/li>\n\n\n\n<li>Vino tinto (con moderaci\u00f3n)<\/li>\n<\/ul>\n\n\n\n<hr class=\"wp-block-separator has-alpha-channel-opacity\"\/>\n\n\n\n<h4 class=\"wp-block-heading\"><strong>5. NIACINAMIDA (VITAMINA B3) \u2b50\u2b50\u2b50<\/strong><\/h4>\n\n\n\n<p><strong>El todoterreno vers\u00e1til:<\/strong><\/p>\n\n\n\n<p>Niacinamida es el antioxidante <strong>m\u00e1s vers\u00e1til<\/strong> \u2014 funciona para TODO tipo de piel.<\/p>\n\n\n\n<p><strong>Beneficios para la piel:<\/strong><\/p>\n\n\n\n<ul>\n<li>\u2705 <strong>Refuerza barrera cut\u00e1nea:<\/strong> Aumenta ceramidas<\/li>\n\n\n\n<li>\u2705 <strong>Reduce rojeces:<\/strong> Anti-inflamatorio<\/li>\n\n\n\n<li>\u2705 <strong>Despigmenta:<\/strong> Inhibe transferencia de melanina<\/li>\n\n\n\n<li>\u2705 <strong>Regula sebo:<\/strong> Ideal piel grasa\/acn\u00e9<\/li>\n\n\n\n<li>\u2705 <strong>Minimiza poros:<\/strong> Visiblemente<\/li>\n\n\n\n<li>\u2705 <strong>Anti-arrugas:<\/strong> Estimula col\u00e1geno<\/li>\n<\/ul>\n\n\n\n<p><strong>Concentraci\u00f3n efectiva:<\/strong> 2-10%<\/p>\n\n\n\n<p><strong>Ventaja:<\/strong> <strong>NO irrita<\/strong>, apto para piel sensible, puede usarse con retinol (a diferencia vitamina C que requiere separaci\u00f3n por pH).<\/p>\n\n\n\n<hr class=\"wp-block-separator has-alpha-channel-opacity\"\/>\n\n\n\n<h2 class=\"wp-block-heading\"><strong>Antioxidantes en Cosm\u00e9tica Antiedad<\/strong><\/h2>\n\n\n\n<h3 class=\"wp-block-heading\"><strong>\u00bfPor qu\u00e9 v\u00eda t\u00f3pica es m\u00e1s efectiva que oral para la piel?<\/strong><\/h3>\n\n\n\n<p>Aunque una <strong>dieta rica en antioxidantes<\/strong> beneficia todo el organismo, para <strong>proteger espec\u00edficamente la piel<\/strong>, la aplicaci\u00f3n <strong>t\u00f3pica (cosm\u00e9tica) es m\u00e1s eficaz<\/strong>:<\/p>\n\n\n\n<p><strong>Razones:<\/strong><\/p>\n\n\n\n<ol>\n<li><strong>Concentraci\u00f3n directa:<\/strong> S\u00e9rum 15% vitamina C aplica concentraci\u00f3n MUY superior a lo que llegar\u00eda por v\u00eda oral<\/li>\n\n\n\n<li><strong>Acci\u00f3n local inmediata:<\/strong> Act\u00faa exactamente donde se necesita<\/li>\n\n\n\n<li><strong>No limitado por absorci\u00f3n intestinal:<\/strong> Algunos antioxidantes se absorben mal oralmente<\/li>\n\n\n\n<li><strong>Sinergia con SPF:<\/strong> Protecci\u00f3n doble contra UV<\/li>\n<\/ol>\n\n\n\n<p><strong>Estrategia \u00f3ptima:<\/strong> <strong>V\u00eda t\u00f3pica + v\u00eda oral<\/strong> = protecci\u00f3n m\u00e1xima<\/p>\n\n\n\n<hr class=\"wp-block-separator has-alpha-channel-opacity\"\/>\n\n\n\n<h3 class=\"wp-block-heading\"><strong>Rutina Facial Antioxidante Completa:<\/strong><\/h3>\n\n\n\n<p><strong>MA\u00d1ANA (protecci\u00f3n):<\/strong><\/p>\n\n\n\n<ol>\n<li><strong>Limpieza suave:<\/strong> Agua micelar o gel limpiador neutro<\/li>\n\n\n\n<li><strong>S\u00c9RUM ANTIOXIDANTE:<\/strong>\n<ul>\n<li><strong>Vitamina C 10-20%<\/strong> (preferencia) o<\/li>\n\n\n\n<li>Combinaci\u00f3n vitamina C + E + \u00e1cido fer\u00falico o<\/li>\n\n\n\n<li>Niacinamida 5-10% (si piel sensible)<\/li>\n\n\n\n<li><strong>Aplicar:<\/strong> 3-5 gotas sobre rostro\/cuello limpios, masajear<\/li>\n\n\n\n<li><strong>Esperar:<\/strong> 1-2 min absorci\u00f3n<\/li>\n<\/ul>\n<\/li>\n\n\n\n<li><strong>Contorno de ojos:<\/strong> Con antioxidantes (cafe\u00edna, vitamina K)<\/li>\n\n\n\n<li><strong>Hidratante:<\/strong> Ligero, seg\u00fan tipo piel<\/li>\n\n\n\n<li><strong>\u2600\ufe0f SPF 30-50+ OBLIGATORIO:<\/strong> Los antioxidantes NO sustituyen protector solar, lo <strong>complementan<\/strong><\/li>\n<\/ol>\n\n\n\n<p><strong>NOCHE (reparaci\u00f3n):<\/strong><\/p>\n\n\n\n<ol>\n<li><strong>Doble limpieza:<\/strong> Aceite\/b\u00e1lsamo desmaquillante \u2192 gel limpiador<\/li>\n\n\n\n<li><strong>T\u00f3nico equilibrante:<\/strong> Opcional<\/li>\n\n\n\n<li><strong>S\u00c9RUM ANTIOXIDANTE + ANTI-AGING:<\/strong>\n<ul>\n<li>Retinol 0.3-1% (2-3 noches\/semana) + antioxidantes calmantes (niacinamida, resveratrol)<\/li>\n\n\n\n<li>O s\u00e9rum antioxidante potente (vitamina C, E, polifenoles)<\/li>\n<\/ul>\n<\/li>\n\n\n\n<li><strong>Contorno de ojos<\/strong><\/li>\n\n\n\n<li><strong>Crema nutritiva nocturna:<\/strong> Con antioxidantes + p\u00e9ptidos<\/li>\n<\/ol>\n\n\n\n<hr class=\"wp-block-separator has-alpha-channel-opacity\"\/>\n\n\n\n<h3 class=\"wp-block-heading\"><strong>Productos KOKEN con Antioxidantes:<\/strong><\/h3>\n\n\n\n<p>\u2705 <strong><a href=\"https:\/\/www.koken.es\/packs-de-productos\/pack-vita-c-piel-mixta.html\">Pack VITA C + Hyaluronic &#8211; Piel Mixta\/Grasa<\/a>:<\/strong><\/p>\n\n\n\n<ul>\n<li><strong>S\u00e9rum Vitamina C + \u00c1cido Hialur\u00f3nico:<\/strong> Ilumina, hidrata profundamente, cutis radiante<\/li>\n\n\n\n<li><strong>\u00c1cido Glic\u00f3lico:<\/strong> Regeneraci\u00f3n celular, manchas, equilibrio<\/li>\n\n\n\n<li><strong>Mascarilla Carb\u00f3n:<\/strong> Desintoxica, purifica, reduce poros<\/li>\n\n\n\n<li>Tr\u00edo din\u00e1mico para piel equilibrada y resplandeciente<\/li>\n<\/ul>\n\n\n\n<p>\u2705 <strong><a href=\"https:\/\/www.koken.es\/cosmetica\/corporal\/aceite-de-coco.html\">Aceite de Coco 100% Puro 500ml<\/a>:<\/strong><\/p>\n\n\n\n<ul>\n<li>Fuente natural <strong>vitamina E y K<\/strong><\/li>\n\n\n\n<li><strong>Polifenoles antioxidantes<\/strong><\/li>\n\n\n\n<li>Hidrataci\u00f3n profunda, barrera protectora, antibacteriano<\/li>\n\n\n\n<li>Usos: Mascarilla facial nutritiva, acondicionador cabello, aceite masaje<\/li>\n<\/ul>\n\n\n\n<p>\u2705 <strong><a href=\"https:\/\/www.koken.es\/cosmetica\/aceites-esenciales\/aceite-esencial-rosa-mosqueta-30-ml.html\">Aceite Esencial Rosa Mosqueta 30ml<\/a>:<\/strong><\/p>\n\n\n\n<ul>\n<li><strong>Alto contenido vitamina C<\/strong> \u2014 potente antioxidante<\/li>\n\n\n\n<li>Restaura piel, nutritivo, astringente<\/li>\n\n\n\n<li>Primera presi\u00f3n en fr\u00edo conserva propiedades \u00f3ptimas<\/li>\n\n\n\n<li>Ideal para: manchas, cicatrices, anti-aging<\/li>\n<\/ul>\n\n\n\n<p>\u2705 <strong><a href=\"https:\/\/www.koken.es\/cosmetica\/aceite-esencial-de-arbol-de-te-30-ml.html\">Aceite Esencial \u00c1rbol de T\u00e9 30ml<\/a>:<\/strong><\/p>\n\n\n\n<ul>\n<li><strong>Antioxidante<\/strong> y desodorante<\/li>\n\n\n\n<li>Antis\u00e9ptico, bactericida, antimic\u00f3tico<\/li>\n\n\n\n<li>Tratamiento anti-acn\u00e9, cicatrizante<\/li>\n\n\n\n<li>Diluir siempre en aceite portador<\/li>\n<\/ul>\n\n\n\n<p>\u2705 <strong><a href=\"https:\/\/www.koken.es\/cosmetica\/facial\/\">Cosm\u00e9tica Facial KOKEN<\/a>:<\/strong><\/p>\n\n\n\n<ul>\n<li>Cremas, t\u00f3nicos, mascarillas con diferentes propiedades<\/li>\n\n\n\n<li>Productos naturales que no perjudican piel sensible<\/li>\n\n\n\n<li><strong><a href=\"https:\/\/www.koken.es\/cosmetica\/aceites-esenciales\/\">Aceites Esenciales Naturales<\/a><\/strong> profesionales<\/li>\n<\/ul>\n\n\n\n<hr class=\"wp-block-separator has-alpha-channel-opacity\"\/>\n\n\n\n<h2 class=\"wp-block-heading\"><strong>Alimentos M\u00e1s Ricos en Antioxidantes<\/strong><\/h2>\n\n\n\n<p>Los antioxidantes se encuentran <strong>principalmente en alimentos de origen vegetal<\/strong>. Cuanto m\u00e1s <strong>coloridos<\/strong>, mayor contenido antioxidante.<\/p>\n\n\n\n<h3 class=\"wp-block-heading\"><strong>TABLA COMPLETA ALIMENTOS ANTIOXIDANTES:<\/strong><\/h3>\n\n\n\n<figure class=\"wp-block-table\"><table><thead><tr><th><strong>Categor\u00eda<\/strong><\/th><th><strong>Alimentos TOP<\/strong><\/th><th><strong>Antioxidantes Principales<\/strong><\/th><th><strong>Beneficio Destacado<\/strong><\/th><\/tr><\/thead><tbody><tr><td><strong>FRUTAS ROJAS\/MORADAS<\/strong><\/td><td>Ar\u00e1ndanos, moras, frambuesas, fresas, cerezas, uvas rojas<\/td><td>Antocianinas, resveratrol, vitamina C<\/td><td>Anti-aging, protecci\u00f3n cardiovascular<\/td><\/tr><tr><td><strong>C\u00cdTRICOS<\/strong><\/td><td>Naranjas, limones, kiwis, pomelos, mandarinas<\/td><td>Vitamina C, flavonoides<\/td><td>Sistema inmune, col\u00e1geno, piel luminosa<\/td><\/tr><tr><td><strong>FRUTAS NARANJAS<\/strong><\/td><td>Zanahorias, boniatos, calabaza, mango, albaricoques, melocotones<\/td><td>Beta-caroteno (provitamina A)<\/td><td>Protecci\u00f3n UV, visi\u00f3n, piel<\/td><\/tr><tr><td><strong>VERDURAS DE HOJA VERDE<\/strong><\/td><td>Espinacas, col rizada (kale), br\u00f3coli, acelgas, r\u00facula<\/td><td>Lute\u00edna, zeaxantina, beta-caroteno, vitamina C\/E<\/td><td>Salud ocular, piel, huesos<\/td><\/tr><tr><td><strong>FRUTOS SECOS<\/strong><\/td><td>Nueces, almendras, avellanas, pistachos, <strong>nueces de Brasil<\/strong><\/td><td>Vitamina E, selenio, polifenoles<\/td><td>Piel hidratada, salud cardiovascular<\/td><\/tr><tr><td><strong>SEMILLAS<\/strong><\/td><td>Ch\u00eda, lino, girasol, calabaza, s\u00e9samo<\/td><td>Vitamina E, selenio, lignanos<\/td><td>Omega-3, anti-inflamatorio<\/td><\/tr><tr><td><strong>T\u00c9<\/strong><\/td><td>T\u00e9 verde, t\u00e9 blanco, t\u00e9 negro<\/td><td>Polifenoles (EGCG), catequinas<\/td><td>Anti-inflamatorio, metabolismo<\/td><\/tr><tr><td><strong>CACAO PURO<\/strong><\/td><td>Chocolate negro 70%+, cacao en polvo<\/td><td>Flavonoides, polifenoles<\/td><td>Cardiovascular, humor, piel<\/td><\/tr><tr><td><strong>LEGUMBRES<\/strong><\/td><td>Jud\u00edas rojas, lentejas, garbanzos, soja<\/td><td>Isoflavonas, polifenoles<\/td><td>Prote\u00edna vegetal, antioxidantes<\/td><\/tr><tr><td><strong>ESPECIAS<\/strong><\/td><td>C\u00farcuma, jengibre, canela, or\u00e9gano, tomillo<\/td><td>Curcumina, gingerol, polifenoles<\/td><td>Anti-inflamatorio potente<\/td><\/tr><tr><td><strong>ACEITES<\/strong><\/td><td>Oliva virgen extra, <strong>germen de trigo<\/strong><\/td><td>Vitamina E, polifenoles<\/td><td>Piel, cardiovascular<\/td><\/tr><tr><td><strong>PESCADO GRASO<\/strong><\/td><td>Salm\u00f3n, sardinas, caballa, at\u00fan<\/td><td>Selenio, omega-3, astaxantina<\/td><td>Anti-inflamatorio, cerebro<\/td><\/tr><tr><td><strong>OTROS<\/strong><\/td><td>H\u00edgado (vitamina A), yema huevo (lute\u00edna, vitamina A), arroz integral (selenio)<\/td><td>Vitamina A, selenio<\/td><td>Visi\u00f3n, sistema inmune<\/td><\/tr><\/tbody><\/table><\/figure>\n\n\n\n<hr class=\"wp-block-separator has-alpha-channel-opacity\"\/>\n\n\n\n<h3 class=\"wp-block-heading\"><strong>TOP 10 ALIMENTOS CON M\u00c1S ANTIOXIDANTES (ORAC Score):<\/strong><\/h3>\n\n\n\n<p>El <strong>ORAC (Oxygen Radical Absorbance Capacity)<\/strong> mide capacidad antioxidante:<\/p>\n\n\n\n<ol>\n<li><strong>Ar\u00e1ndanos:<\/strong> 9,621 ORAC<\/li>\n\n\n\n<li><strong>Frambuesas:<\/strong> 5,065 ORAC<\/li>\n\n\n\n<li><strong>Fresas:<\/strong> 4,302 ORAC<\/li>\n\n\n\n<li><strong>Nueces pecanas:<\/strong> 17,940 ORAC<\/li>\n\n\n\n<li><strong>Chocolate negro 70%:<\/strong> 20,823 ORAC<\/li>\n\n\n\n<li><strong>Ciruelas pasas:<\/strong> 8,059 ORAC<\/li>\n\n\n\n<li><strong>Alcachofas:<\/strong> 9,416 ORAC<\/li>\n\n\n\n<li><strong>Col rizada (kale):<\/strong> 1,770 ORAC<\/li>\n\n\n\n<li><strong>Espinacas:<\/strong> 1,260 ORAC<\/li>\n\n\n\n<li><strong>Moras:<\/strong> 7,701 ORAC<\/li>\n<\/ol>\n\n\n\n<p><strong>Recomendaci\u00f3n diaria:<\/strong> <strong>3,000-5,000 unidades ORAC\/d\u00eda<\/strong> (OMS)<\/p>\n\n\n\n<hr class=\"wp-block-separator has-alpha-channel-opacity\"\/>\n\n\n\n<h3 class=\"wp-block-heading\"><strong>Dieta Antioxidante Pr\u00e1ctica:<\/strong><\/h3>\n\n\n\n<p><strong>DESAYUNO:<\/strong><\/p>\n\n\n\n<ul>\n<li>Bowl de yogur griego + ar\u00e1ndanos + nueces + semillas ch\u00eda + miel<\/li>\n\n\n\n<li>Zumo naranja natural<\/li>\n\n\n\n<li>T\u00e9 verde<\/li>\n<\/ul>\n\n\n\n<p><strong>COMIDA:<\/strong><\/p>\n\n\n\n<ul>\n<li>Ensalada de espinacas frescas + zanahoria rallada + tomate + aceite oliva virgen extra<\/li>\n\n\n\n<li>Salm\u00f3n a la plancha<\/li>\n\n\n\n<li>Boniato asado<\/li>\n<\/ul>\n\n\n\n<p><strong>MERIENDA:<\/strong><\/p>\n\n\n\n<ul>\n<li>30g chocolate negro 85%<\/li>\n\n\n\n<li>Mandarinas<\/li>\n<\/ul>\n\n\n\n<p><strong>CENA:<\/strong><\/p>\n\n\n\n<ul>\n<li>Br\u00f3coli al vapor + ajo<\/li>\n\n\n\n<li>Pechuga pollo a la c\u00farcuma<\/li>\n\n\n\n<li>Kiwi<\/li>\n<\/ul>\n\n\n\n<p><strong>Suplementaci\u00f3n:<\/strong> Si dieta insuficiente, considerar multivitam\u00ednico con antioxidantes (consultar m\u00e9dico).<\/p>\n\n\n\n<hr class=\"wp-block-separator has-alpha-channel-opacity\"\/>\n\n\n\n<h2 class=\"wp-block-heading\"><strong>Preguntas Frecuentes (FAQs)<\/strong><\/h2>\n\n\n\n<p><strong>\u00bfPuedo tomar demasiados antioxidantes?<\/strong><br><strong>S\u00ed<\/strong>, el exceso de suplementos antioxidantes (megadosis vitamina E, beta-caroteno) puede ser <strong>contraproducente<\/strong>. Algunos estudios muestran que dosis muy altas de suplementos incluso aumentan mortalidad. <strong>Mejor:<\/strong> Antioxidantes de alimentos (dif\u00edcil sobredosis) + cosm\u00e9tica t\u00f3pica.<\/p>\n\n\n\n<p><strong>\u00bfLos antioxidantes realmente previenen el c\u00e1ncer?<\/strong><br>La evidencia es <strong>mixta<\/strong>. Dieta rica en antioxidantes de frutas\/verduras S\u00cd reduce riesgo de algunos c\u00e1nceres. Pero suplementos aislados en megadosis NO han demostrado prevenci\u00f3n clara (algunos estudios negativos). <strong>Conclusi\u00f3n:<\/strong> Alimentos integrales &gt; suplementos.<\/p>\n\n\n\n<p><strong>\u00bfCu\u00e1nto tiempo tarda en verse resultados con cosm\u00e9tica antioxidante?<\/strong><\/p>\n\n\n\n<ul>\n<li><strong>Luminosidad:<\/strong> 2-4 semanas<\/li>\n\n\n\n<li><strong>Textura mejorada:<\/strong> 4-8 semanas<\/li>\n\n\n\n<li><strong>Reducci\u00f3n arrugas\/firmeza:<\/strong> 8-12 semanas uso constante<\/li>\n\n\n\n<li><strong>Manchas:<\/strong> 12-16 semanas<\/li>\n<\/ul>\n\n\n\n<p><strong>\u00bfPuedo usar vitamina C y retinol juntos?<\/strong><br><strong>NO en misma aplicaci\u00f3n<\/strong> (pH incompatibles). <strong>Estrategia:<\/strong> Vitamina C por <strong>ma\u00f1ana<\/strong>, retinol por <strong>noche<\/strong>. O alternar noches.<\/p>\n\n\n\n<p><strong>\u00bfLa vitamina C mancha la piel al sol?<\/strong><br><strong>NO<\/strong>, es un mito. Vitamina C <strong>protege del sol<\/strong> (no sustituye SPF). Lo que puede pasar: si el s\u00e9rum se <strong>oxid\u00f3<\/strong> (color amarillo\/marr\u00f3n), puede manchar. Usar siempre producto fresco.<\/p>\n\n\n\n<p><strong>\u00bfFuncionan los antioxidantes orales para la piel?<\/strong><br>S\u00cd pero <strong>menos que t\u00f3picos<\/strong> para efectos directos en piel. Combinaci\u00f3n oral (dieta) + t\u00f3pico (cosm\u00e9tica) = <strong>\u00f3ptimo<\/strong>.<\/p>\n\n\n\n<p><strong>\u00bfLos antioxidantes pueden revertir el envejecimiento?<\/strong><br><strong>Parcialmente<\/strong>. Pueden mejorar signos existentes (manchas, textura, firmeza) y <strong>prevenir futuros da\u00f1os<\/strong>, pero NO \u00abborran\u00bb arrugas profundas o reemplazan col\u00e1geno perdido totalmente. Para eso: tratamientos m\u00e9dico-est\u00e9ticos (l\u00e1ser, peeling, etc.).<\/p>\n\n\n\n<p><strong>\u00bfEs mejor un s\u00e9rum con un solo antioxidante o varios combinados?<\/strong><br><strong>Varios combinados<\/strong> \u2014 sinergia multiplica efectos. Ejemplo: vitamina C + E + \u00e1cido fer\u00falico es <strong>8 veces m\u00e1s potente<\/strong> que vitamina C sola.<\/p>\n\n\n\n<p><strong>\u00bfLos antioxidantes naturales son mejores que sint\u00e9ticos?<\/strong><br><strong>Depende<\/strong>. Vitamina C sint\u00e9tica (\u00e1cido L-asc\u00f3rbico) es id\u00e9ntica a natural y m\u00e1s estable. Algunos naturales (extractos plantas) tienen mol\u00e9culas adicionales beneficiosas. <strong>Ambos funcionan<\/strong>.<\/p>\n\n\n\n<hr class=\"wp-block-separator has-alpha-channel-opacity\"\/>\n\n\n\n<h2 class=\"wp-block-heading\">Resumen<\/h2>\n\n\n\n<p>Los <strong>antioxidantes<\/strong> no son una moda pasajera \u2014 son <strong>mol\u00e9culas esenciales respaldadas por d\u00e9cadas de investigaci\u00f3n cient\u00edfica<\/strong> que protegen nuestras c\u00e9lulas del da\u00f1o oxidativo causado por radicales libres, principales responsables del envejecimiento prematuro y numerosas enfermedades cr\u00f3nicas.<\/p>\n\n\n\n<p><strong>Las lecciones clave:<\/strong><\/p>\n\n\n\n<ol>\n<li><strong>LOS RADICALES LIBRES SON INEVITABLES<\/strong> pero se multiplican por: sol sin protecci\u00f3n, contaminaci\u00f3n, tabaco, estr\u00e9s, mala dieta. El estr\u00e9s oxidativo resultante destruye col\u00e1geno, elastina, ADN celular.<\/li>\n<\/ol>\n\n\n\n<ol start=\"2\">\n<li><strong>NUESTRO CUERPO PRODUCE ANTIOXIDANTES NATURALES<\/strong> (SOD, catalasa, glutati\u00f3n) pero <strong>NO son suficientes<\/strong> para frenar todos los radicales libres que generamos diariamente en el mundo moderno.<\/li>\n<\/ol>\n\n\n\n<ol start=\"3\">\n<li><strong>NECESITAMOS ANTIOXIDANTES EXTERNOS<\/strong> de dos fuentes:\n<ul>\n<li><strong>V\u00eda t\u00f3pica (cosm\u00e9tica):<\/strong> M\u00e1xima efectividad para piel \u2014 s\u00e9rum vitamina C 10-20%, vitamina E, niacinamida, resveratrol<\/li>\n\n\n\n<li><strong>V\u00eda oral (alimentaci\u00f3n):<\/strong> Protecci\u00f3n integral \u2014 frutas coloridas, verduras hojas verdes, frutos secos, t\u00e9 verde, chocolate negro 70%+<\/li>\n<\/ul>\n<\/li>\n<\/ol>\n\n\n\n<ol start=\"4\">\n<li><strong>TOP ANTIOXIDANTES PARA PIEL:<\/strong> Vitamina C (ilumina, col\u00e1geno, despigmenta \u2b50\u2b50\u2b50), vitamina E (protege l\u00edpidos, hidrata \u2b50\u2b50\u2b50), vitamina A\/retinol (anti-arrugas, renovaci\u00f3n \u2b50\u2b50\u2b50), niacinamida B3 (vers\u00e1til, barrera, despigmenta \u2b50\u2b50\u2b50), resveratrol (anti-aging, UV \u2b50\u2b50\u2b50).<\/li>\n<\/ol>\n\n\n\n<ol start=\"5\">\n<li><strong>SINERGIA ES CLAVE:<\/strong> Antioxidantes combinados (ej: vitamina C + E + \u00e1cido fer\u00falico) son <strong>hasta 8 veces m\u00e1s potentes<\/strong> que aislados. Reducen radicales libres <strong>49.4%<\/strong> y ralentizan envejecimiento celular <strong>87.9%<\/strong>.<\/li>\n<\/ol>\n\n\n\n<ol start=\"6\">\n<li><strong>RUTINA FACIAL ANTIOXIDANTE:<\/strong>\n<ul>\n<li><strong>Ma\u00f1ana:<\/strong> Limpieza \u2192 s\u00e9rum vitamina C \u2192 hidratante \u2192 <strong>SPF obligatorio<\/strong><\/li>\n\n\n\n<li><strong>Noche:<\/strong> Doble limpieza \u2192 retinol (2-3x\/semana) + antioxidantes calmantes \u2192 crema nutritiva<\/li>\n<\/ul>\n<\/li>\n<\/ol>\n\n\n\n<ol start=\"7\">\n<li><strong>PRODUCTOS KOKEN DESTACADOS:<\/strong>\n<ul>\n<li><a href=\"https:\/\/www.koken.es\/packs-de-productos\/pack-vita-c-piel-mixta.html\">Pack VITA C + Hyaluronic<\/a> \u2014 S\u00e9rum vitamina C iluminador + \u00e1cido hialur\u00f3nico hidratante<\/li>\n\n\n\n<li><a href=\"https:\/\/www.koken.es\/cosmetica\/corporal\/aceite-de-coco.html\">Aceite de Coco 100% Puro<\/a> \u2014 Vitamina E\/K natural, polifenoles antioxidantes<\/li>\n\n\n\n<li><a href=\"https:\/\/www.koken.es\/cosmetica\/aceites-esenciales\/aceite-esencial-rosa-mosqueta-30-ml.html\">Aceite Rosa Mosqueta<\/a> \u2014 Alto contenido vitamina C, restaurador<\/li>\n<\/ul>\n<\/li>\n<\/ol>\n\n\n\n<ol start=\"8\">\n<li><strong>DIETA ANTIOXIDANTE:<\/strong> 5-10 porciones frutas\/verduras coloridas diarias, priorizar: ar\u00e1ndanos, fresas, espinacas, br\u00f3coli, nueces, t\u00e9 verde, chocolate negro 70%+, aceite oliva virgen extra, salm\u00f3n. Meta: <strong>3,000-5,000 unidades ORAC\/d\u00eda<\/strong>.<\/li>\n<\/ol>\n\n\n\n<ol start=\"9\">\n<li><strong>EVIDENCIA CIENT\u00cdFICA:<\/strong> Antioxidantes previenen\/retrasan: enfermedades cardiovasculares, algunos c\u00e1nceres, Alzheimer, Parkinson, diabetes, envejecimiento cut\u00e1neo (arrugas -20%, firmeza +20%, manchas -40% en 12 semanas estudios con vitamina C 15%).<\/li>\n<\/ol>\n\n\n\n<ol start=\"10\">\n<li><strong>EXPECTATIVAS REALISTAS:<\/strong> Antioxidantes NO son \u00abmilagrosos\u00bb pero con <strong>uso constante 3+ meses<\/strong> proporcionan mejoras visibles graduales duraderas. Para resultados dram\u00e1ticos: combinar con SPF diario, retinol, buenos h\u00e1bitos (sue\u00f1o, hidrataci\u00f3n, ejercicio), tratamientos profesionales si necesario.<\/li>\n<\/ol>\n\n\n\n<p><strong>El mensaje final:<\/strong> Los antioxidantes son <strong>inversi\u00f3n en salud y belleza a largo plazo<\/strong>. Cuanto antes empieces a incorporarlos (idealmente desde 25-30 a\u00f1os), mayor protecci\u00f3n acumulativa contra envejecimiento y enfermedad.<\/p>\n\n\n\n<p><strong>La estrategia \u00f3ptima es integral:<\/strong><\/p>\n\n\n\n<ul>\n<li>\ud83e\udd57 <strong>Alimentaci\u00f3n:<\/strong> Rica en frutas, verduras, frutos secos, t\u00e9 verde<\/li>\n\n\n\n<li>\ud83e\uddf4 <strong>Cosm\u00e9tica:<\/strong> S\u00e9rum antioxidante diario (vitamina C ma\u00f1ana, retinol noche)<\/li>\n\n\n\n<li>\u2600\ufe0f <strong>Protecci\u00f3n solar:<\/strong> SPF 30-50 obligatorio diario (radicales libres UV)<\/li>\n\n\n\n<li>\ud83d\udca4 <strong>H\u00e1bitos:<\/strong> Sue\u00f1o 7-8h, ejercicio moderado, estr\u00e9s controlado, NO tabaco<\/li>\n\n\n\n<li>\ud83d\udca7 <strong>Hidrataci\u00f3n:<\/strong> 2-3L agua\/d\u00eda<\/li>\n<\/ul>\n\n\n\n<p>Los <strong>antioxidantes no detienen el reloj<\/strong>, pero S\u00cd pueden <strong>ralentizarlo significativamente<\/strong> mientras mejoran tu salud integral. Empieza hoy \u2014 tu piel y cuerpo de dentro de 10, 20, 30 a\u00f1os te lo agradecer\u00e1n.<\/p>\n\n\n\n<p>Explora la <a href=\"https:\/\/www.koken.es\/cosmetica\/facial\/\">Cosm\u00e9tica Facial KOKEN<\/a> y <a href=\"https:\/\/www.koken.es\/cosmetica\/aceites-esenciales\/\">Aceites Esenciales Naturales<\/a> para incorporar antioxidantes profesionales en tu rutina. Visita el <a href=\"https:\/\/www.koken.es\/blog\/\">blog KOKEN<\/a> para m\u00e1s gu\u00edas de cuidado de piel.<\/p>\n","protected":false},"excerpt":{"rendered":"<p>Antioxidante hace referencia a la actividad que numerosas vitaminas, minerales y otras sustancias fitoqu\u00edmicas tienen sobre mol\u00e9culas consideradas nocivas, llamadas radicales libres. Pero \u00bfqu\u00e9 significa esto realmente? \u00bfPor qu\u00e9 todo el mundo habla de antioxidantes en cosm\u00e9tica, alimentaci\u00f3n y salud? &hellip; <a href=\"https:\/\/www.koken.es\/blog\/que-son-los-antioxidantes\/\" class=\"more-link\">Sigue leyendo <span class=\"meta-nav\">&rarr;<\/span><\/a><\/p>\n","protected":false},"author":2,"featured_media":3321,"comment_status":"closed","ping_status":"closed","sticky":false,"template":"","format":"standard","meta":{"om_disable_all_campaigns":false,"_mi_skip_tracking":false,"_monsterinsights_sitenote_active":false,"_monsterinsights_sitenote_note":"","_monsterinsights_sitenote_category":0},"categories":[2],"tags":[31,322,538,381,300,869,872,871,30,551,870,382],"aioseo_notices":[],"_links":{"self":[{"href":"https:\/\/www.koken.es\/blog\/wp-json\/wp\/v2\/posts\/669"}],"collection":[{"href":"https:\/\/www.koken.es\/blog\/wp-json\/wp\/v2\/posts"}],"about":[{"href":"https:\/\/www.koken.es\/blog\/wp-json\/wp\/v2\/types\/post"}],"author":[{"embeddable":true,"href":"https:\/\/www.koken.es\/blog\/wp-json\/wp\/v2\/users\/2"}],"replies":[{"embeddable":true,"href":"https:\/\/www.koken.es\/blog\/wp-json\/wp\/v2\/comments?post=669"}],"version-history":[{"count":4,"href":"https:\/\/www.koken.es\/blog\/wp-json\/wp\/v2\/posts\/669\/revisions"}],"predecessor-version":[{"id":3323,"href":"https:\/\/www.koken.es\/blog\/wp-json\/wp\/v2\/posts\/669\/revisions\/3323"}],"wp:featuredmedia":[{"embeddable":true,"href":"https:\/\/www.koken.es\/blog\/wp-json\/wp\/v2\/media\/3321"}],"wp:attachment":[{"href":"https:\/\/www.koken.es\/blog\/wp-json\/wp\/v2\/media?parent=669"}],"wp:term":[{"taxonomy":"category","embeddable":true,"href":"https:\/\/www.koken.es\/blog\/wp-json\/wp\/v2\/categories?post=669"},{"taxonomy":"post_tag","embeddable":true,"href":"https:\/\/www.koken.es\/blog\/wp-json\/wp\/v2\/tags?post=669"}],"curies":[{"name":"wp","href":"https:\/\/api.w.org\/{rel}","templated":true}]}}