{"id":767,"date":"2016-04-04T11:08:51","date_gmt":"2016-04-04T11:08:51","guid":{"rendered":"http:\/\/www.koken.es\/blog\/?p=767"},"modified":"2026-02-17T16:31:58","modified_gmt":"2026-02-17T16:31:58","slug":"arnica-propiedades-usos-beneficios","status":"publish","type":"post","link":"https:\/\/www.koken.es\/blog\/arnica-propiedades-usos-beneficios\/","title":{"rendered":"\u00c1rnica: Propiedades, Usos y Beneficios en Cosm\u00e9tica y Salud"},"content":{"rendered":"\n<p><strong>Publicado el 4 abril, 2016 | Actualizado febrero 2026<\/strong><\/p>\n\n\n\n<figure class=\"wp-block-image size-full\"><a href=\"https:\/\/www.koken.es\/blog\/wp-content\/uploads\/2026\/02\/Gemini_Generated_Image_m1mdpsm1mdpsm1md-1.png\"><img decoding=\"async\" loading=\"lazy\" width=\"1024\" height=\"1024\" src=\"https:\/\/www.koken.es\/blog\/wp-content\/uploads\/2026\/02\/Gemini_Generated_Image_m1mdpsm1mdpsm1md-1.png\" alt=\"\" class=\"wp-image-3421\" srcset=\"https:\/\/www.koken.es\/blog\/wp-content\/uploads\/2026\/02\/Gemini_Generated_Image_m1mdpsm1mdpsm1md-1.png 1024w, https:\/\/www.koken.es\/blog\/wp-content\/uploads\/2026\/02\/Gemini_Generated_Image_m1mdpsm1mdpsm1md-1-300x300.png 300w, https:\/\/www.koken.es\/blog\/wp-content\/uploads\/2026\/02\/Gemini_Generated_Image_m1mdpsm1mdpsm1md-1-150x150.png 150w, https:\/\/www.koken.es\/blog\/wp-content\/uploads\/2026\/02\/Gemini_Generated_Image_m1mdpsm1mdpsm1md-1-768x768.png 768w\" sizes=\"(max-width: 1024px) 100vw, 1024px\" \/><\/a><\/figure>\n\n\n\n<p>El <strong>\u00e1rnica<\/strong> (<em>Arnica montana<\/em>) es una de las plantas medicinales m\u00e1s valiosas y reconocidas de la historia de la medicina natural. Utilizada desde la <strong>Edad Media<\/strong> para tratar lesiones, dolores musculares y traumatismos, hoy la ciencia moderna ha confirmado y amplificado lo que los herbolarios europeos ya sab\u00edan hace siglos: el \u00e1rnica es extraordinariamente efectivo como antiinflamatorio, analg\u00e9sico y regenerador tisular.<\/p>\n\n\n\n<p>Tanto si practicas deporte, sufres de dolores articulares, te has dado un golpe o buscas un tratamiento cosm\u00e9tico regenerador, el \u00e1rnica puede ser tu gran aliado natural. En este art\u00edculo descubrir\u00e1s sus propiedades, usos, formas de aplicaci\u00f3n y c\u00f3mo combinarlo con <a href=\"https:\/\/www.koken.es\/cosmetica\/\">productos profesionales de Koken Cosmetics<\/a> para potenciar sus efectos.<\/p>\n\n\n\n<hr class=\"wp-block-separator has-alpha-channel-opacity\"\/>\n\n\n\n<h2 class=\"wp-block-heading\">\u00bfQu\u00e9 es el \u00c1rnica?<\/h2>\n\n\n\n<p>El <em>Arnica montana<\/em> es una planta herb\u00e1cea de la familia de las aster\u00e1ceas que crece de forma silvestre en las monta\u00f1as de Europa central y Am\u00e9rica del Norte. Sus llamativas flores amarillas, similares a las margaritas, son el componente m\u00e1s activo y el m\u00e1s utilizado en cosm\u00e9tica y medicina natural, aunque <strong>dependiendo del uso medicinal, se aprovecha la planta entera o \u00fanicamente la flor<\/strong>.<\/p>\n\n\n\n<h3 class=\"wp-block-heading\">Componentes Activos Principales:<\/h3>\n\n\n\n<p><strong>Sesquiterpenos (Helenalina)<\/strong>:<\/p>\n\n\n\n<ul>\n<li>El principio activo m\u00e1s importante<\/li>\n\n\n\n<li>Responsable de la acci\u00f3n antiinflamatoria<\/li>\n\n\n\n<li>Inhibidor de la s\u00edntesis de prostaglandinas<\/li>\n<\/ul>\n\n\n\n<p><strong>Flavonoides<\/strong>:<\/p>\n\n\n\n<ul>\n<li>Luteolina, isoquercetina<\/li>\n\n\n\n<li>Antioxidantes potentes<\/li>\n\n\n\n<li>Refuerzan vasos sangu\u00edneos<\/li>\n<\/ul>\n\n\n\n<p><strong>Aceites esenciales<\/strong>:<\/p>\n\n\n\n<ul>\n<li>Timol, cineol<\/li>\n\n\n\n<li>Acci\u00f3n antis\u00e9ptica y antibacteriana<\/li>\n<\/ul>\n\n\n\n<p><strong>Carotenoides y vitamina E<\/strong>:<\/p>\n\n\n\n<ul>\n<li>Regeneraci\u00f3n celular<\/li>\n\n\n\n<li>Efecto antioxidante<\/li>\n<\/ul>\n\n\n\n<p><strong>Taninos<\/strong>:<\/p>\n\n\n\n<ul>\n<li>Propiedades astringentes<\/li>\n\n\n\n<li>Cierre de heridas superficiales<\/li>\n<\/ul>\n\n\n\n<hr class=\"wp-block-separator has-alpha-channel-opacity\"\/>\n\n\n\n<h2 class=\"wp-block-heading\">Propiedades del \u00c1rnica<\/h2>\n\n\n\n<p>El \u00e1rnica posee un perfil farmacol\u00f3gico muy completo que lo convierte en uno de los principios activos naturales m\u00e1s vers\u00e1tiles:<\/p>\n\n\n\n<h3 class=\"wp-block-heading\">Tabla 1: Propiedades Principales del \u00c1rnica<\/h3>\n\n\n\n<figure class=\"wp-block-table\"><table><thead><tr><th>Propiedad<\/th><th>Mecanismo de Acci\u00f3n<\/th><th>Beneficio Visible<\/th><\/tr><\/thead><tbody><tr><td><strong>Antiinflamatoria<\/strong><\/td><td>Inhibe prostaglandinas y citoquinas<\/td><td>Reduce hinchaz\u00f3n y enrojecimiento<\/td><\/tr><tr><td><strong>Analg\u00e9sica<\/strong><\/td><td>Bloquea receptores del dolor<\/td><td>Alivia dolor de golpes y articulaciones<\/td><\/tr><tr><td><strong>Antis\u00e9ptica<\/strong><\/td><td>Timol act\u00faa contra bacterias<\/td><td>Previene infecciones en piel irritada<\/td><\/tr><tr><td><strong>Regeneradora<\/strong><\/td><td>Estimula circulaci\u00f3n y col\u00e1geno<\/td><td>Acelera cicatrizaci\u00f3n y recuperaci\u00f3n<\/td><\/tr><tr><td><strong>Antihematoma<\/strong><\/td><td>Mejora reabsorci\u00f3n de sangre extravasada<\/td><td>Elimina moratones m\u00e1s r\u00e1pido<\/td><\/tr><tr><td><strong>Vasodilatadora<\/strong><\/td><td>Dilata capilares superficiales<\/td><td>Mejora circulaci\u00f3n local<\/td><\/tr><tr><td><strong>Hidratante<\/strong><\/td><td>Extracto oleoso retiene humedad<\/td><td>Piel m\u00e1s suave y nutrida<\/td><\/tr><tr><td><strong>Antioxidante<\/strong><\/td><td>Flavonoides neutralizan radicales libres<\/td><td>Previene envejecimiento celular<\/td><\/tr><\/tbody><\/table><\/figure>\n\n\n\n<hr class=\"wp-block-separator has-alpha-channel-opacity\"\/>\n\n\n\n<h2 class=\"wp-block-heading\">Usos Medicinales y Cosm\u00e9ticos del \u00c1rnica<\/h2>\n\n\n\n<p>El \u00e1rnica tiene una doble aplicaci\u00f3n: <strong>medicinal<\/strong> (para dolores y lesiones) y <strong>cosm\u00e9tica<\/strong> (para regeneraci\u00f3n y cuidado de la piel).<\/p>\n\n\n\n<h3 class=\"wp-block-heading\">Tabla 2: Usos del \u00c1rnica por Categor\u00eda<\/h3>\n\n\n\n<figure class=\"wp-block-table\"><table><thead><tr><th>Categor\u00eda<\/th><th>Uso<\/th><th>Forma de Aplicaci\u00f3n<\/th><th>Eficacia<\/th><\/tr><\/thead><tbody><tr><td><strong>Traumatolog\u00eda<\/strong><\/td><td>Golpes y contusiones<\/td><td>Crema o gel t\u00f3pico<\/td><td>\u2b50\u2b50\u2b50\u2b50\u2b50<\/td><\/tr><tr><td><strong>Deportes<\/strong><\/td><td>Agujetas y contracturas<\/td><td>Aceite de masaje<\/td><td>\u2b50\u2b50\u2b50\u2b50\u2b50<\/td><\/tr><tr><td><strong>Reumatolog\u00eda<\/strong><\/td><td>Artrosis y artritis<\/td><td>Pomada o gel<\/td><td>\u2b50\u2b50\u2b50\u2b50<\/td><\/tr><tr><td><strong>Cirug\u00eda est\u00e9tica<\/strong><\/td><td>Post-operatorio<\/td><td>Crema especializada<\/td><td>\u2b50\u2b50\u2b50\u2b50<\/td><\/tr><tr><td><strong>Cosm\u00e9tica<\/strong><\/td><td>Hidrataci\u00f3n y regeneraci\u00f3n<\/td><td>Extracto en crema<\/td><td>\u2b50\u2b50\u2b50\u2b50<\/td><\/tr><tr><td><strong>Estr\u00edas<\/strong><\/td><td>Post-embarazo y p\u00e9rdida de peso<\/td><td>Aceite o crema<\/td><td>\u2b50\u2b50\u2b50<\/td><\/tr><tr><td><strong>Bucal<\/strong><\/td><td>Infecciones de enc\u00edas<\/td><td>G\u00e1rgaras (sin ingerir)<\/td><td>\u2b50\u2b50\u2b50<\/td><\/tr><tr><td><strong>Circulaci\u00f3n<\/strong><\/td><td>Piernas pesadas<\/td><td>Gel o crema de masaje<\/td><td>\u2b50\u2b50\u2b50\u2b50<\/td><\/tr><\/tbody><\/table><\/figure>\n\n\n\n<hr class=\"wp-block-separator has-alpha-channel-opacity\"\/>\n\n\n\n<h2 class=\"wp-block-heading\">Beneficios Detallados del \u00c1rnica en la Piel<\/h2>\n\n\n\n<h3 class=\"wp-block-heading\">1. \ud83d\udc8a Disminuye el Dolor por Golpes<\/h3>\n\n\n\n<p>La helenalina del \u00e1rnica es un potente <strong>inhibidor de la inflamaci\u00f3n<\/strong> que act\u00faa directamente sobre los tejidos da\u00f1ados. Al aplicar \u00e1rnica sobre una contusi\u00f3n, el dolor disminuye significativamente en pocas horas.<\/p>\n\n\n\n<p><strong>C\u00f3mo act\u00faa<\/strong>: Reduce la s\u00edntesis de mediadores inflamatorios (prostaglandinas, leucotrienos) que son los responsables del dolor.<\/p>\n\n\n\n<p><strong>Resultados<\/strong>: Alivio del dolor en 30-60 minutos tras la aplicaci\u00f3n.<\/p>\n\n\n\n<hr class=\"wp-block-separator has-alpha-channel-opacity\"\/>\n\n\n\n<h3 class=\"wp-block-heading\">2. \ud83d\udd35 Elimina los Moratones R\u00e1pidamente<\/h3>\n\n\n\n<p>Uno de los usos m\u00e1s conocidos del \u00e1rnica es la <strong>reducci\u00f3n de hematomas<\/strong>. Al mejorar la circulaci\u00f3n local, favorece la reabsorci\u00f3n de la sangre acumulada bajo la piel.<\/p>\n\n\n\n<p><strong>C\u00f3mo act\u00faa<\/strong>: Efecto vasodilatador que activa la circulaci\u00f3n y facilita la eliminaci\u00f3n del pigmento sangu\u00edneo acumulado.<\/p>\n\n\n\n<p><strong>Resultados<\/strong>: Los moratones desaparecen un 30-50% m\u00e1s r\u00e1pido que sin tratamiento.<\/p>\n\n\n\n<hr class=\"wp-block-separator has-alpha-channel-opacity\"\/>\n\n\n\n<h3 class=\"wp-block-heading\">3. \ud83d\udd25 Alivia el Enrojecimiento e Irritaciones<\/h3>\n\n\n\n<p>La acci\u00f3n <strong>antiinflamatoria y antis\u00e9ptica<\/strong> del \u00e1rnica calma el enrojecimiento cut\u00e1neo, reduce la irritaci\u00f3n y devuelve la piel a su aspecto normal.<\/p>\n\n\n\n<p>Ideal para:<\/p>\n\n\n\n<ul>\n<li>Pieles sensibles irritadas<\/li>\n\n\n\n<li>Post-depilaci\u00f3n (enrojecimiento)<\/li>\n\n\n\n<li>Reacciones cut\u00e1neas leves<\/li>\n\n\n\n<li>Rojeces del acn\u00e9<\/li>\n<\/ul>\n\n\n\n<hr class=\"wp-block-separator has-alpha-channel-opacity\"\/>\n\n\n\n<h3 class=\"wp-block-heading\">4. \ud83e\uddb4 Alivia el Dolor de Articulaciones<\/h3>\n\n\n\n<p>Para quienes sufren de <strong>artrosis o artritis<\/strong>, el \u00e1rnica es un aliado invaluable. Su aplicaci\u00f3n t\u00f3pica regular reduce significativamente el dolor articular y mejora la movilidad.<\/p>\n\n\n\n<p><strong>Estudios cl\u00ednicos<\/strong>: Un estudio publicado en la revista Rheumatology (2002) demostr\u00f3 que el gel de \u00e1rnica era igual de efectivo que el ibuprofeno t\u00f3pico para la artrosis de rodilla.<\/p>\n\n\n\n<hr class=\"wp-block-separator has-alpha-channel-opacity\"\/>\n\n\n\n<h3 class=\"wp-block-heading\">5. \ud83e\udd30 Reduce las Estr\u00edas Post-Embarazo<\/h3>\n\n\n\n<p>El extracto oleoso de \u00e1rnica <strong>promueve la hidrataci\u00f3n y la regeneraci\u00f3n celular<\/strong>, lo que lo convierte en un tratamiento muy \u00fatil para reducir la apariencia de estr\u00edas.<\/p>\n\n\n\n<p><strong>C\u00f3mo act\u00faa<\/strong>: Estimula la producci\u00f3n de col\u00e1geno y mejora la elasticidad de la piel en las zonas afectadas.<\/p>\n\n\n\n<p><strong>Cu\u00e1ndo usar<\/strong>: Prevenci\u00f3n durante el embarazo y tratamiento post-parto.<\/p>\n\n\n\n<hr class=\"wp-block-separator has-alpha-channel-opacity\"\/>\n\n\n\n<h3 class=\"wp-block-heading\">6. \ud83e\uddb7 Reduce Infecciones Bucales<\/h3>\n\n\n\n<p>El \u00e1rnica tiene propiedades <strong>antis\u00e9pticas y antiinflamatorias<\/strong> que lo hacen \u00fatil para tratar infecciones bucales leves y problemas de enc\u00edas.<\/p>\n\n\n\n<p><strong>Uso correcto<\/strong>: Realizar g\u00e1rgaras con soluci\u00f3n diluida de \u00e1rnica. <strong>\u26a0\ufe0f NUNCA ingerir el \u00e1rnica<\/strong>.<\/p>\n\n\n\n<hr class=\"wp-block-separator has-alpha-channel-opacity\"\/>\n\n\n\n<h3 class=\"wp-block-heading\">7. \ud83d\udc86 Recuperaci\u00f3n Post-Cirug\u00eda<\/h3>\n\n\n\n<p>El \u00e1rnica se utiliza ampliamente en el \u00e1mbito de la cirug\u00eda est\u00e9tica y la medicina convencional para <strong>reducir la hinchaz\u00f3n y los moratones<\/strong> post-operatorios.<\/p>\n\n\n\n<p><strong>Cu\u00e1ndo usar<\/strong>: A partir de las 24-48 horas post-intervenci\u00f3n (cuando la piel est\u00e9 cerrada).<\/p>\n\n\n\n<hr class=\"wp-block-separator has-alpha-channel-opacity\"\/>\n\n\n\n<h3 class=\"wp-block-heading\">8. \u2728 Hidrataci\u00f3n y Regeneraci\u00f3n Cosm\u00e9tica<\/h3>\n\n\n\n<p>En el \u00e1mbito de la cosm\u00e9tica, el extracto oleoso de \u00e1rnica es un principio activo valioso por sus propiedades <strong>hidratantes y regeneradoras celulares<\/strong>.<\/p>\n\n\n\n<p>Se incorpora en:<\/p>\n\n\n\n<ul>\n<li>Cremas faciales antiedad<\/li>\n\n\n\n<li>T\u00f3nicos y s\u00e9rums<\/li>\n\n\n\n<li>Tratamientos corporales<\/li>\n\n\n\n<li>Productos post-depilaci\u00f3n<\/li>\n<\/ul>\n\n\n\n<hr class=\"wp-block-separator has-alpha-channel-opacity\"\/>\n\n\n\n<h2 class=\"wp-block-heading\">Formas de Presentaci\u00f3n del \u00c1rnica<\/h2>\n\n\n\n<h3 class=\"wp-block-heading\">Tabla 3: Presentaciones del \u00c1rnica y Su Uso \u00d3ptimo<\/h3>\n\n\n\n<figure class=\"wp-block-table\"><table><thead><tr><th>Presentaci\u00f3n<\/th><th>Concentraci\u00f3n<\/th><th>Mejor Para<\/th><th>Modo de Uso<\/th><\/tr><\/thead><tbody><tr><td><strong>Pomada<\/strong><\/td><td>15-25% extracto<\/td><td>Dolor profundo, articulaciones<\/td><td>Masajear en zona afectada<\/td><\/tr><tr><td><strong>Gel<\/strong><\/td><td>10-15% extracto<\/td><td>Golpes, moratones, post-deporte<\/td><td>Aplicar suavemente, sin frotar<\/td><\/tr><tr><td><strong>Aceite<\/strong><\/td><td>Variable<\/td><td>Masaje, contracturas, estr\u00edas<\/td><td>Masaje circulatorio<\/td><\/tr><tr><td><strong>Extracto concentrado<\/strong><\/td><td>2-15% (cosm\u00e9tica)<\/td><td>Preparar productos propios<\/td><td>Diluir en crema o aceite base<\/td><\/tr><tr><td><strong>Crema cosm\u00e9tica<\/strong><\/td><td>2-10% extracto<\/td><td>Hidrataci\u00f3n, regeneraci\u00f3n<\/td><td>Aplicar como crema habitual<\/td><\/tr><tr><td><strong>Comprimidos homeop\u00e1ticos<\/strong><\/td><td>Diluci\u00f3n Arnica 30CH<\/td><td>Uso interno (homeopat\u00eda)<\/td><td>Seg\u00fan indicaci\u00f3n<\/td><\/tr><tr><td><strong>Tintura<\/strong><\/td><td>10:1<\/td><td>G\u00e1rgaras, uso externo diluido<\/td><td>Diluir 1:10 en agua<\/td><\/tr><\/tbody><\/table><\/figure>\n\n\n\n<hr class=\"wp-block-separator has-alpha-channel-opacity\"\/>\n\n\n\n<h2 class=\"wp-block-heading\">Productos Koken con \u00c1rnica<\/h2>\n\n\n\n<h3 class=\"wp-block-heading\">\u2b50 1. <a href=\"https:\/\/www.koken.es\/cosmetica\/principios-activos\/extracto-de-arnica-30-ml.html\">Extracto de \u00c1rnica 30ml<\/a><\/h3>\n\n\n\n<p>El producto estrella para trabajar con \u00e1rnica. El <strong>Extracto de \u00c1rnica de Koken<\/strong> es un principio activo de m\u00e1xima calidad con propiedades antiinflamatorias, antis\u00e9pticas y analg\u00e9sicas.<\/p>\n\n\n\n<p><strong>Propiedades<\/strong>:<\/p>\n\n\n\n<ul>\n<li>\u2705 Antiinflamatoria<\/li>\n\n\n\n<li>\u2705 Antis\u00e9ptica<\/li>\n\n\n\n<li>\u2705 Analg\u00e9sica<\/li>\n\n\n\n<li>\u2705 Regeneradora<\/li>\n<\/ul>\n\n\n\n<p><strong>C\u00f3mo usarlo en cosm\u00e9tica<\/strong>:<\/p>\n\n\n\n<ol>\n<li>Diluir en agua (parte proporcional)<\/li>\n\n\n\n<li>Reposar 12-24 horas filtrando<\/li>\n\n\n\n<li>Concentraci\u00f3n recomendada: <strong>2-10%<\/strong><\/li>\n\n\n\n<li>M\u00e1ximo: <strong>15%<\/strong> (nunca superar)<\/li>\n\n\n\n<li>Incorporar a cremas, geles o aceites base<\/li>\n<\/ol>\n\n\n\n<p><strong>Usos profesionales<\/strong>:<\/p>\n\n\n\n<ul>\n<li>Cremas antiinflamatorias artesanales<\/li>\n\n\n\n<li>Geles post-deporte<\/li>\n\n\n\n<li>Tratamientos corporales en centro de est\u00e9tica<\/li>\n\n\n\n<li>Productos para moratones y golpes<\/li>\n<\/ul>\n\n\n\n<hr class=\"wp-block-separator has-alpha-channel-opacity\"\/>\n\n\n\n<h3 class=\"wp-block-heading\">\u2b50 2. <a href=\"https:\/\/www.koken.es\/cosmetica\/tonicos-faciales\/tonico-purificante-250-ml.html\">T\u00f3nico Purificante Koken 250ml<\/a><\/h3>\n\n\n\n<p>Este t\u00f3nico contiene <strong>extracto de \u00e1rnica montana<\/strong> en su formulaci\u00f3n, junto con romero y diente de le\u00f3n. Un producto completo que aprovecha las propiedades del \u00e1rnica en el cuidado facial.<\/p>\n\n\n\n<p><strong>Ingredientes con \u00e1rnica<\/strong>: <code>Arnica Montana Flower Extract<\/code> en f\u00f3rmula junto a extractos de romero y diente de le\u00f3n.<\/p>\n\n\n\n<p><strong>Beneficios<\/strong>:<\/p>\n\n\n\n<ul>\n<li>\u2705 Antiinflamatorio facial<\/li>\n\n\n\n<li>\u2705 Antis\u00e9ptico (pieles acneicas)<\/li>\n\n\n\n<li>\u2705 Antioxidante<\/li>\n\n\n\n<li>\u2705 Reduce rojeces e irritaciones<\/li>\n\n\n\n<li>\u2705 Cierra poros<\/li>\n\n\n\n<li>\u2705 Ideal para pieles mixtas, grasas y acneicas<\/li>\n<\/ul>\n\n\n\n<p><strong>C\u00f3mo usarlo<\/strong>:<\/p>\n\n\n\n<ol>\n<li>Limpiar el rostro<\/li>\n\n\n\n<li>Aplicar el t\u00f3nico con algod\u00f3n<\/li>\n\n\n\n<li>Sin arrastrar, a peque\u00f1os toques<\/li>\n\n\n\n<li>Continuar con crema hidratante<\/li>\n<\/ol>\n\n\n\n<hr class=\"wp-block-separator has-alpha-channel-opacity\"\/>\n\n\n\n<h3 class=\"wp-block-heading\">3. <a href=\"https:\/\/www.koken.es\/cosmetica\/aceites-masaje\/aceite-de-masaje-relajante-500-ml.html\">Aceite de Masaje Relajante Koken 500ml<\/a><\/h3>\n\n\n\n<p>Ideal para acompa\u00f1ar tratamientos musculares donde el \u00e1rnica es el protagonista. Con <strong>mejorana y lavanda<\/strong>, potencia la acci\u00f3n calmante sobre contracturas y lesiones musculares.<\/p>\n\n\n\n<p><strong>Beneficios<\/strong>:<\/p>\n\n\n\n<ul>\n<li>Combate la tensi\u00f3n muscular<\/li>\n\n\n\n<li>Alivia contracturas y dolores<\/li>\n\n\n\n<li>Efecto relajante profundo<\/li>\n\n\n\n<li>Complemento perfecto a la \u00e1rnica t\u00f3pica<\/li>\n<\/ul>\n\n\n\n<p><strong>Uso<\/strong>: Masajear suavemente sobre la zona dolorida, puede combinarse con extracto de \u00e1rnica.<\/p>\n\n\n\n<hr class=\"wp-block-separator has-alpha-channel-opacity\"\/>\n\n\n\n<h3 class=\"wp-block-heading\">4. <a href=\"https:\/\/www.koken.es\/cosmetica\/aceites-masaje\/\">Aceites de Masaje Profesionales Koken<\/a><\/h3>\n\n\n\n<p>La gama completa de aceites de masaje profesional de Koken es el veh\u00edculo perfecto para incorporar extracto de \u00e1rnica en tratamientos corporales de centro de est\u00e9tica o fisioterapia.<\/p>\n\n\n\n<p><strong>C\u00f3mo usar con \u00e1rnica<\/strong>:<\/p>\n\n\n\n<ol>\n<li>A\u00f1adir 2-5% de extracto de \u00e1rnica al aceite de masaje<\/li>\n\n\n\n<li>Mezclar bien<\/li>\n\n\n\n<li>Aplicar en masaje deportivo o de recuperaci\u00f3n<\/li>\n<\/ol>\n\n\n\n<hr class=\"wp-block-separator has-alpha-channel-opacity\"\/>\n\n\n\n<h3 class=\"wp-block-heading\">5. <a href=\"https:\/\/www.koken.es\/cosmetica\/facial\/\">Cosm\u00e9tica Facial Koken<\/a><\/h3>\n\n\n\n<p>La gama de cosm\u00e9tica facial de Koken ofrece la base perfecta para incorporar el extracto de \u00e1rnica en tratamientos personalizados, especialmente indicados para pieles con rojeces, irritaciones o tendencia inflamatoria.<\/p>\n\n\n\n<hr class=\"wp-block-separator has-alpha-channel-opacity\"\/>\n\n\n\n<h2 class=\"wp-block-heading\">C\u00f3mo Usar el \u00c1rnica Correctamente<\/h2>\n\n\n\n<h3 class=\"wp-block-heading\">Tabla 4: Gu\u00eda de Uso seg\u00fan la Dolencia<\/h3>\n\n\n\n<figure class=\"wp-block-table\"><table><thead><tr><th>Dolencia<\/th><th>Producto<\/th><th>Frecuencia<\/th><th>Duraci\u00f3n<\/th><th>Notas<\/th><\/tr><\/thead><tbody><tr><td><strong>Golpe\/contusi\u00f3n<\/strong><\/td><td>Gel o crema \u00e1rnica<\/td><td>3-4 veces\/d\u00eda<\/td><td>Hasta mejora<\/td><td>Aplicar pronto tras el golpe<\/td><\/tr><tr><td><strong>Morat\u00f3n<\/strong><\/td><td>Gel \u00e1rnica<\/td><td>2-3 veces\/d\u00eda<\/td><td>5-7 d\u00edas<\/td><td>No aplicar en piel abierta<\/td><\/tr><tr><td><strong>Contractura muscular<\/strong><\/td><td>Aceite + \u00e1rnica<\/td><td>2 veces\/d\u00eda<\/td><td>7-10 d\u00edas<\/td><td>Masaje suave en zona<\/td><\/tr><tr><td><strong>Artritis\/artrosis<\/strong><\/td><td>Pomada \u00e1rnica<\/td><td>2-3 veces\/d\u00eda<\/td><td>Uso continuado<\/td><td>Consultar m\u00e9dico<\/td><\/tr><tr><td><strong>Post-depilaci\u00f3n<\/strong><\/td><td>Crema con \u00e1rnica<\/td><td>1-2 veces\/d\u00eda<\/td><td>2-3 d\u00edas<\/td><td>Calma el enrojecimiento<\/td><\/tr><tr><td><strong>Estr\u00edas<\/strong><\/td><td>Aceite \u00e1rnica<\/td><td>1-2 veces\/d\u00eda<\/td><td>2-3 meses<\/td><td>Masaje circular en zona<\/td><\/tr><tr><td><strong>Piel irritada<\/strong><\/td><td>T\u00f3nico con \u00e1rnica<\/td><td>1 vez\/d\u00eda<\/td><td>Seg\u00fan necesidad<\/td><td>Aplicar suavemente<\/td><\/tr><tr><td><strong>Enc\u00edas<\/strong><\/td><td>Tintura diluida<\/td><td>2-3 g\u00e1rgaras\/d\u00eda<\/td><td>5-7 d\u00edas<\/td><td>NUNCA ingerir<\/td><\/tr><\/tbody><\/table><\/figure>\n\n\n\n<hr class=\"wp-block-separator has-alpha-channel-opacity\"\/>\n\n\n\n<h2 class=\"wp-block-heading\">\u00c1rnica en el Deporte<\/h2>\n\n\n\n<p>El \u00e1rnica es especialmente popular en el mundo deportivo, donde se utiliza tanto para <strong>prevenci\u00f3n<\/strong> como para <strong>recuperaci\u00f3n<\/strong> de lesiones.<\/p>\n\n\n\n<h3 class=\"wp-block-heading\">Usos Deportivos:<\/h3>\n\n\n\n<p><strong>Pre-entreno<\/strong>:<\/p>\n\n\n\n<ul>\n<li>Calentamiento muscular<\/li>\n\n\n\n<li>Prevenci\u00f3n de lesiones<\/li>\n\n\n\n<li>Preparaci\u00f3n articular<\/li>\n<\/ul>\n\n\n\n<p><strong>Post-entreno<\/strong>:<\/p>\n\n\n\n<ul>\n<li>Alivio de agujetas<\/li>\n\n\n\n<li>Recuperaci\u00f3n muscular<\/li>\n\n\n\n<li>Reducci\u00f3n de inflamaci\u00f3n<\/li>\n<\/ul>\n\n\n\n<p><strong>Tras lesi\u00f3n<\/strong>:<\/p>\n\n\n\n<ul>\n<li>Esguinces leves<\/li>\n\n\n\n<li>Contusiones<\/li>\n\n\n\n<li>Hematomas deportivos<\/li>\n\n\n\n<li>Sobrecargas musculares<\/li>\n<\/ul>\n\n\n\n<h3 class=\"wp-block-heading\">Protocolo Post-Lesi\u00f3n con \u00c1rnica:<\/h3>\n\n\n\n<ol>\n<li><strong>Primeras 2 horas<\/strong>: Hielo + reposo<\/li>\n\n\n\n<li><strong>A partir de 2 horas<\/strong>: Gel de \u00e1rnica 3-4 veces al d\u00eda<\/li>\n\n\n\n<li><strong>D\u00edas 2-5<\/strong>: Continuar con \u00e1rnica + masaje suave<\/li>\n\n\n\n<li><strong>Semana 2<\/strong>: Reducir a 1-2 aplicaciones si mejora<\/li>\n<\/ol>\n\n\n\n<hr class=\"wp-block-separator has-alpha-channel-opacity\"\/>\n\n\n\n<h2 class=\"wp-block-heading\">\u00c1rnica en Cosm\u00e9tica Profesional<\/h2>\n\n\n\n<p>El \u00e1rnica es un principio activo muy valorado en los centros de est\u00e9tica por su versatilidad:<\/p>\n\n\n\n<h3 class=\"wp-block-heading\">Tabla 5: Aplicaciones Profesionales del \u00c1rnica<\/h3>\n\n\n\n<figure class=\"wp-block-table\"><table><thead><tr><th>Tratamiento<\/th><th>Concentraci\u00f3n<\/th><th>Veh\u00edculo<\/th><th>Beneficio<\/th><\/tr><\/thead><tbody><tr><td>Post-depilaci\u00f3n<\/td><td>3-5%<\/td><td>Gel o crema<\/td><td>Reduce enrojecimiento<\/td><\/tr><tr><td>Masaje deportivo<\/td><td>5-10%<\/td><td>Aceite base<\/td><td>Antiinflamatorio muscular<\/td><\/tr><tr><td>Tratamiento facial antirojeces<\/td><td>2-5%<\/td><td>S\u00e9rum o crema<\/td><td>Calma irritaci\u00f3n<\/td><\/tr><tr><td>Post-peeling<\/td><td>2-3%<\/td><td>Crema suave<\/td><td>Regeneraci\u00f3n y calma<\/td><\/tr><tr><td>Masaje drenante<\/td><td>3-5%<\/td><td>Aceite<\/td><td>Mejora circulaci\u00f3n<\/td><\/tr><tr><td>Tratamiento estr\u00edas<\/td><td>5-10%<\/td><td>Aceite o crema<\/td><td>Regeneraci\u00f3n tisular<\/td><\/tr><\/tbody><\/table><\/figure>\n\n\n\n<p><strong>Incorporar<\/strong>: El <a href=\"https:\/\/www.koken.es\/cosmetica\/principios-activos\/extracto-de-arnica-30-ml.html\">Extracto de \u00c1rnica Koken<\/a> en tus formulaciones a concentraciones del 2-10%.<\/p>\n\n\n\n<hr class=\"wp-block-separator has-alpha-channel-opacity\"\/>\n\n\n\n<h2 class=\"wp-block-heading\">Contraindicaciones y Precauciones<\/h2>\n\n\n\n<h3 class=\"wp-block-heading\">\u26a0\ufe0f CONTRAINDICACIONES ABSOLUTAS:<\/h3>\n\n\n\n<p>\u274c <strong>Embarazo y lactancia<\/strong>: El \u00e1rnica puede estimular contracciones uterinas. <strong>USO TOTALMENTE DESACONSEJADO<\/strong>.<\/p>\n\n\n\n<p>\u274c <strong>Piel abierta o heridas<\/strong>: Nunca aplicar sobre heridas abiertas, \u00falceras o piel rota.<\/p>\n\n\n\n<p>\u274c <strong>Alergias a compuestas\/aster\u00e1ceas<\/strong>: Si eres al\u00e9rgico a manzanilla, margaritas o girasol, puedes reaccionar al \u00e1rnica.<\/p>\n\n\n\n<p>\u274c <strong>USO INTERNO<\/strong>: El \u00e1rnica es <strong>t\u00f3xico si se ingiere<\/strong>. Solo uso t\u00f3pico o en homeopat\u00eda bajo prescripci\u00f3n.<\/p>\n\n\n\n<h3 class=\"wp-block-heading\">\u26a0\ufe0f PRECAUCIONES:<\/h3>\n\n\n\n<p>\u26a0\ufe0f <strong>Eccema activo<\/strong>: Puede empeorar el eccema en algunos casos. \u26a0\ufe0f <strong>Uso prolongado<\/strong>: El uso muy prolongado puede causar dermitis de contacto. \u26a0\ufe0f <strong>Ni\u00f1os menores de 2 a\u00f1os<\/strong>: Consultar pediatra antes de usar. \u26a0\ufe0f <strong>Pieles muy sensibles<\/strong>: Hacer test de parche previo.<\/p>\n\n\n\n<h3 class=\"wp-block-heading\">Efectos Adversos Posibles:<\/h3>\n\n\n\n<p>Si aparecen estos s\u00edntomas, suspender el uso:<\/p>\n\n\n\n<ul>\n<li>Enrojecimiento o picor intenso (reacci\u00f3n al\u00e9rgica)<\/li>\n\n\n\n<li>Ves\u00edculas o ampollas<\/li>\n\n\n\n<li>Eccema de contacto<\/li>\n<\/ul>\n\n\n\n<h3 class=\"wp-block-heading\">Tabla 6: Contraindicaciones Resumidas<\/h3>\n\n\n\n<figure class=\"wp-block-table\"><table><thead><tr><th>Situaci\u00f3n<\/th><th>\u00bfUsar \u00c1rnica?<\/th><th>Alternativa<\/th><\/tr><\/thead><tbody><tr><td><strong>Embarazo<\/strong><\/td><td>\u274c NO<\/td><td>Consultar m\u00e9dico<\/td><\/tr><tr><td><strong>Lactancia<\/strong><\/td><td>\u274c NO<\/td><td>Consultar m\u00e9dico<\/td><\/tr><tr><td><strong>Piel abierta<\/strong><\/td><td>\u274c NO<\/td><td>Esperar cierre de herida<\/td><\/tr><tr><td><strong>Alergia a margaritas<\/strong><\/td><td>\u274c NO<\/td><td>Test de parche primero<\/td><\/tr><tr><td><strong>Uso interno<\/strong><\/td><td>\u274c NUNCA<\/td><td>Solo homeopat\u00eda prescrita<\/td><\/tr><tr><td><strong>Pieles sensibles<\/strong><\/td><td>\u26a0\ufe0f Con precauci\u00f3n<\/td><td>Test de parche previo<\/td><\/tr><tr><td><strong>Ni\u00f1os &gt; 2 a\u00f1os<\/strong><\/td><td>\u26a0\ufe0f Consultar<\/td><td>Dosis y producto infantil<\/td><\/tr><tr><td><strong>Uso prolongado<\/strong><\/td><td>\u26a0\ufe0f Descansos<\/td><td>Alternar con otros activos<\/td><\/tr><\/tbody><\/table><\/figure>\n\n\n\n<hr class=\"wp-block-separator has-alpha-channel-opacity\"\/>\n\n\n\n<h2 class=\"wp-block-heading\">Mitos y Verdades sobre el \u00c1rnica<\/h2>\n\n\n\n<h3 class=\"wp-block-heading\">Tabla 7: Mitos vs Realidades<\/h3>\n\n\n\n<figure class=\"wp-block-table\"><table><thead><tr><th>MITO \u274c<\/th><th>REALIDAD \u2705<\/th><\/tr><\/thead><tbody><tr><td>\u00abEl \u00e1rnica cura fracturas\u00bb<\/td><td>Solo alivia el dolor e inflamaci\u00f3n, no regenera hueso<\/td><\/tr><tr><td>\u00abPuedo tomar \u00e1rnica en infusi\u00f3n\u00bb<\/td><td>Es t\u00f3xico ingerido, solo uso t\u00f3pico u homeopat\u00eda<\/td><\/tr><tr><td>\u00abFunciona solo en hematomas\u00bb<\/td><td>Tiene m\u00faltiples usos: artritis, cosm\u00e9tica, deporte&#8230;<\/td><\/tr><tr><td>\u00abSirve en piel con heridas abiertas\u00bb<\/td><td>NUNCA en piel abierta, riesgo de irritaci\u00f3n severa<\/td><\/tr><tr><td>\u00abEl embarazo no es contraindicaci\u00f3n\u00bb<\/td><td>S\u00cd lo es, puede provocar contracciones<\/td><\/tr><tr><td>\u00abCuanto m\u00e1s concentraci\u00f3n, mejor\u00bb<\/td><td>M\u00e1ximo 15%, m\u00e1s puede causar irritaci\u00f3n<\/td><\/tr><\/tbody><\/table><\/figure>\n\n\n\n<hr class=\"wp-block-separator has-alpha-channel-opacity\"\/>\n\n\n\n<h2 class=\"wp-block-heading\">Preguntas Frecuentes<\/h2>\n\n\n\n<p><strong>\u00bfCu\u00e1nto tarda en hacer efecto el \u00e1rnica?<\/strong> En golpes y moratones, alivio en 30-60 minutos. Reducci\u00f3n visible del hematoma en 24-48 horas.<\/p>\n\n\n\n<p><strong>\u00bfPuedo aplicar \u00e1rnica en la cara?<\/strong> S\u00ed, en baja concentraci\u00f3n (2-5%). Especialmente en rojeces, irritaciones y post-tratamientos est\u00e9ticos.<\/p>\n\n\n\n<p><strong>\u00bfEl \u00e1rnica mancha la ropa?<\/strong> Puede dejar residuos amarillentos. Aplicar y dejar absorber antes de vestirse.<\/p>\n\n\n\n<p><strong>\u00bfPuedo usar \u00e1rnica si tomo ibuprofeno?<\/strong> En principio s\u00ed, son v\u00edas distintas. Pero consulta a tu m\u00e9dico si tomas anticoagulantes.<\/p>\n\n\n\n<p><strong>\u00bfCon qu\u00e9 frecuencia puedo aplicarlo?<\/strong> 3-4 veces al d\u00eda en fase aguda. Reducir a 1-2 veces en mantenimiento.<\/p>\n\n\n\n<p><strong>\u00bfEs lo mismo el \u00e1rnica homeop\u00e1tico que el extracto?<\/strong> No. El homeop\u00e1tico (30CH) se puede ingerir. El extracto concentrado SOLO uso t\u00f3pico.<\/p>\n\n\n\n<hr class=\"wp-block-separator has-alpha-channel-opacity\"\/>\n\n\n\n<h2 class=\"wp-block-heading\">Resumen<\/h2>\n\n\n\n<p>El <strong>\u00e1rnica<\/strong> es uno de los principios activos naturales con mayor respaldo cient\u00edfico. Desde la Edad Media hasta hoy, su eficacia antiinflamatoria, analg\u00e9sica y regeneradora ha superado la prueba del tiempo.<\/p>\n\n\n\n<p>Sus usos son ampl\u00edsimos: \u2705 Golpes, moratones y contusiones \u2705 Dolor muscular y articular \u2705 Post-cirug\u00eda y post-depilaci\u00f3n \u2705 Cosm\u00e9tica hidratante y regeneradora \u2705 Tratamientos deportivos \u2705 Reducci\u00f3n de estr\u00edas<\/p>\n\n\n\n<p>Con el <a href=\"https:\/\/www.koken.es\/cosmetica\/principios-activos\/extracto-de-arnica-30-ml.html\">Extracto de \u00c1rnica de Koken<\/a> y el <a href=\"https:\/\/www.koken.es\/cosmetica\/tonicos-faciales\/tonico-purificante-250-ml.html\">T\u00f3nico Purificante con \u00c1rnica<\/a>, tienes acceso a este poderoso activo natural en su m\u00e1xima calidad profesional.<\/p>\n\n\n\n<p><strong>Recuerda siempre<\/strong>: Solo uso t\u00f3pico, nunca ingerir, y evitar en embarazo y piel abierta.<\/p>\n","protected":false},"excerpt":{"rendered":"<p>Publicado el 4 abril, 2016 | Actualizado febrero 2026 El \u00e1rnica (Arnica montana) es una de las plantas medicinales m\u00e1s valiosas y reconocidas de la historia de la medicina natural. Utilizada desde la Edad Media para tratar lesiones, dolores musculares &hellip; <a href=\"https:\/\/www.koken.es\/blog\/arnica-propiedades-usos-beneficios\/\" class=\"more-link\">Sigue leyendo <span class=\"meta-nav\">&rarr;<\/span><\/a><\/p>\n","protected":false},"author":2,"featured_media":3418,"comment_status":"closed","ping_status":"closed","sticky":false,"template":"","format":"standard","meta":{"om_disable_all_campaigns":false,"_mi_skip_tracking":false,"_monsterinsights_sitenote_active":false,"_monsterinsights_sitenote_note":"","_monsterinsights_sitenote_category":0},"categories":[2,8],"tags":[1050,1056,1057,1058,1049,1059,1051,1060,1064,1055,1061,1048,1062,1053,1052,1054,1063,1065,1066,1047],"aioseo_notices":[],"_links":{"self":[{"href":"https:\/\/www.koken.es\/blog\/wp-json\/wp\/v2\/posts\/767"}],"collection":[{"href":"https:\/\/www.koken.es\/blog\/wp-json\/wp\/v2\/posts"}],"about":[{"href":"https:\/\/www.koken.es\/blog\/wp-json\/wp\/v2\/types\/post"}],"author":[{"embeddable":true,"href":"https:\/\/www.koken.es\/blog\/wp-json\/wp\/v2\/users\/2"}],"replies":[{"embeddable":true,"href":"https:\/\/www.koken.es\/blog\/wp-json\/wp\/v2\/comments?post=767"}],"version-history":[{"count":5,"href":"https:\/\/www.koken.es\/blog\/wp-json\/wp\/v2\/posts\/767\/revisions"}],"predecessor-version":[{"id":3422,"href":"https:\/\/www.koken.es\/blog\/wp-json\/wp\/v2\/posts\/767\/revisions\/3422"}],"wp:featuredmedia":[{"embeddable":true,"href":"https:\/\/www.koken.es\/blog\/wp-json\/wp\/v2\/media\/3418"}],"wp:attachment":[{"href":"https:\/\/www.koken.es\/blog\/wp-json\/wp\/v2\/media?parent=767"}],"wp:term":[{"taxonomy":"category","embeddable":true,"href":"https:\/\/www.koken.es\/blog\/wp-json\/wp\/v2\/categories?post=767"},{"taxonomy":"post_tag","embeddable":true,"href":"https:\/\/www.koken.es\/blog\/wp-json\/wp\/v2\/tags?post=767"}],"curies":[{"name":"wp","href":"https:\/\/api.w.org\/{rel}","templated":true}]}}