{"id":822,"date":"2016-06-27T12:36:42","date_gmt":"2016-06-27T12:36:42","guid":{"rendered":"http:\/\/www.koken.es\/blog\/?p=822"},"modified":"2026-02-19T17:40:53","modified_gmt":"2026-02-19T17:40:53","slug":"frambuesa-piel-beneficios-propiedades-cosmetica","status":"publish","type":"post","link":"https:\/\/www.koken.es\/blog\/frambuesa-piel-beneficios-propiedades-cosmetica\/","title":{"rendered":"Frambuesa para la Piel: Beneficios, Propiedades y Usos en Cosm\u00e9tica"},"content":{"rendered":"\n<p><strong>Publicado el 27 junio, 2016 | Actualizado febrero 2026<\/strong><\/p>\n\n\n\n<figure class=\"wp-block-image size-full\"><a href=\"https:\/\/www.koken.es\/blog\/wp-content\/uploads\/2026\/02\/infografia-7-vitaminas-frambuesa-piel-koken.jpg\"><img decoding=\"async\" loading=\"lazy\" width=\"1024\" height=\"1024\" src=\"https:\/\/www.koken.es\/blog\/wp-content\/uploads\/2026\/02\/infografia-7-vitaminas-frambuesa-piel-koken.jpg\" alt=\"\" class=\"wp-image-3440\" srcset=\"https:\/\/www.koken.es\/blog\/wp-content\/uploads\/2026\/02\/infografia-7-vitaminas-frambuesa-piel-koken.jpg 1024w, https:\/\/www.koken.es\/blog\/wp-content\/uploads\/2026\/02\/infografia-7-vitaminas-frambuesa-piel-koken-300x300.jpg 300w, https:\/\/www.koken.es\/blog\/wp-content\/uploads\/2026\/02\/infografia-7-vitaminas-frambuesa-piel-koken-150x150.jpg 150w, https:\/\/www.koken.es\/blog\/wp-content\/uploads\/2026\/02\/infografia-7-vitaminas-frambuesa-piel-koken-768x768.jpg 768w\" sizes=\"(max-width: 1024px) 100vw, 1024px\" \/><\/a><\/figure>\n\n\n\n<p>Los <strong>beneficios de las frambuesas para la piel y el organismo son maravillosos<\/strong>. Esta peque\u00f1a fruta roja esconde una riqueza nutricional extraordinaria que la convierte en uno de los ingredientes m\u00e1s valorados y usados en tratamientos rejuvenecedores y productos de cosm\u00e9tica natural.<\/p>\n\n\n\n<p>Con una <strong>multitud de nutrientes<\/strong> \u2014desde vitaminas A, C y E hasta potentes antioxidantes como las antocianinas\u2014 la frambuesa es mucho m\u00e1s que una delicia para el paladar: es un potente aliado de belleza que calma, rejuvenece, rehidrata y protege tu piel de forma natural.<\/p>\n\n\n\n<p>En este art\u00edculo descubrir\u00e1s las propiedades cosm\u00e9ticas de la frambuesa, sus 7 vitaminas principales para la piel, c\u00f3mo usarla en tratamientos caseros, y qu\u00e9 productos profesionales de Koken pueden complementar sus efectos.<\/p>\n\n\n\n<hr class=\"wp-block-separator has-alpha-channel-opacity\"\/>\n\n\n\n<h2 class=\"wp-block-heading\">\u00bfPor Qu\u00e9 la Frambuesa es un Superalimento para la Piel?<\/h2>\n\n\n\n<p>La <strong>frambuesa<\/strong> (<em>Rubus idaeus<\/em>) es considerada un superalimento cosm\u00e9tico por su composici\u00f3n \u00fanica:<\/p>\n\n\n\n<p><strong>Antioxidantes potentes<\/strong>:<\/p>\n\n\n\n<ul>\n<li>Antocianinas (responsables del color rojo)<\/li>\n\n\n\n<li>\u00c1cido el\u00e1gico<\/li>\n\n\n\n<li>Quercetina<\/li>\n\n\n\n<li>Vitamina C y E<\/li>\n<\/ul>\n\n\n\n<p><strong>\u00c1cidos org\u00e1nicos<\/strong>:<\/p>\n\n\n\n<ul>\n<li>\u00c1cido salic\u00edlico: Exfoliante natural<\/li>\n\n\n\n<li>\u00c1cido m\u00e1lico: Iluminador<\/li>\n\n\n\n<li>\u00c1cido c\u00edtrico: Astringente<\/li>\n<\/ul>\n\n\n\n<p><strong>Aceite de semilla<\/strong>:<\/p>\n\n\n\n<ul>\n<li>\u00c1cidos grasos esenciales (omega-3 y omega-6)<\/li>\n\n\n\n<li>Vitamina E<\/li>\n\n\n\n<li>Carotenoides<\/li>\n<\/ul>\n\n\n\n<p><strong>Minerales<\/strong>:<\/p>\n\n\n\n<ul>\n<li>Potasio, magnesio, calcio<\/li>\n\n\n\n<li>Zinc (reparaci\u00f3n celular)<\/li>\n<\/ul>\n\n\n\n<hr class=\"wp-block-separator has-alpha-channel-opacity\"\/>\n\n\n\n<h2 class=\"wp-block-heading\">Tabla 1: Composici\u00f3n Nutricional de la Frambuesa (Cosm\u00e9tica)<\/h2>\n\n\n\n<figure class=\"wp-block-table\"><table><thead><tr><th>Componente<\/th><th>Cantidad<\/th><th>Acci\u00f3n en la Piel<\/th><th>Eficacia<\/th><\/tr><\/thead><tbody><tr><td><strong>Vitamina C<\/strong><\/td><td>26mg\/100g<\/td><td>Produce col\u00e1geno, firma<\/td><td>\u2b50\u2b50\u2b50\u2b50\u2b50<\/td><\/tr><tr><td><strong>Vitamina E<\/strong><\/td><td>0.87mg\/100g<\/td><td>Antioxidante, antiedad<\/td><td>\u2b50\u2b50\u2b50\u2b50\u2b50<\/td><\/tr><tr><td><strong>Vitamina A<\/strong><\/td><td>33 IU\/100g<\/td><td>Antiinflamatoria, calma<\/td><td>\u2b50\u2b50\u2b50\u2b50<\/td><\/tr><tr><td><strong>\u00c1cido el\u00e1gico<\/strong><\/td><td>Alto<\/td><td>Despigmentante, antiedad<\/td><td>\u2b50\u2b50\u2b50\u2b50\u2b50<\/td><\/tr><tr><td><strong>Antocianinas<\/strong><\/td><td>40-60mg\/100g<\/td><td>Antioxidante potente<\/td><td>\u2b50\u2b50\u2b50\u2b50\u2b50<\/td><\/tr><tr><td><strong>\u00c1cido salic\u00edlico<\/strong><\/td><td>Natural<\/td><td>Exfoliante, anti-acn\u00e9<\/td><td>\u2b50\u2b50\u2b50\u2b50<\/td><\/tr><tr><td><strong>Potasio<\/strong><\/td><td>151mg\/100g<\/td><td>Hidrataci\u00f3n profunda<\/td><td>\u2b50\u2b50\u2b50\u2b50<\/td><\/tr><\/tbody><\/table><\/figure>\n\n\n\n<hr class=\"wp-block-separator has-alpha-channel-opacity\"\/>\n\n\n\n<h2 class=\"wp-block-heading\">Propiedades de las Vitaminas de la Frambuesa<\/h2>\n\n\n\n<h3 class=\"wp-block-heading\">Tabla 2: Las 7 Vitaminas de la Frambuesa para la Piel<\/h3>\n\n\n\n<figure class=\"wp-block-table\"><table><thead><tr><th>Vitamina<\/th><th>Nombre T\u00e9cnico<\/th><th>Propiedad Principal<\/th><th>Beneficio Visible<\/th><\/tr><\/thead><tbody><tr><td><strong>Vitamina A<\/strong><\/td><td>Retinol<\/td><td>Antiinflamatoria<\/td><td>Calma, rejuvenece, rehidrata<\/td><\/tr><tr><td><strong>Vitamina B9<\/strong><\/td><td>\u00c1cido f\u00f3lico<\/td><td>Fotoprotectora<\/td><td>Protege contra UV, mejora pieles problem\u00e1ticas<\/td><\/tr><tr><td><strong>Vitamina C<\/strong><\/td><td>\u00c1cido asc\u00f3rbico<\/td><td>Productor de col\u00e1geno<\/td><td>Elasticidad, firmeza, cicatrizante, anti-arrugas<\/td><\/tr><tr><td><strong>Vitamina H<\/strong><\/td><td>Biotina<\/td><td>Reguladora metab\u00f3lica<\/td><td>Normaliza metabolismo celular, piel sana<\/td><\/tr><tr><td><strong>Vitamina PP<\/strong><\/td><td>Niacina (B3)<\/td><td>Refrescante, tonificante<\/td><td>Refresca, tonifica, mejora textura<\/td><\/tr><tr><td><strong>Vitamina E<\/strong><\/td><td>Tocoferol<\/td><td>Antioxidante celular<\/td><td>Renovaci\u00f3n celular, retrasa envejecimiento<\/td><\/tr><tr><td><strong>Potasio<\/strong><\/td><td>Mineral<\/td><td>Hidratante<\/td><td>Perfecto para pieles secas<\/td><\/tr><\/tbody><\/table><\/figure>\n\n\n\n<hr class=\"wp-block-separator has-alpha-channel-opacity\"\/>\n\n\n\n<h2 class=\"wp-block-heading\">1. \ud83c\udf39 Vitamina A: Calma, Rejuvenece y Rehidrata<\/h2>\n\n\n\n<p><strong>Tiene propiedades antiinflamatorias, calma, rejuvenece y rehidrata la piel.<\/strong><\/p>\n\n\n\n<p><strong>Acci\u00f3n de la vitamina A<\/strong>:<\/p>\n\n\n\n<ul>\n<li><strong>Antiinflamatoria<\/strong>: Reduce rojeces, irritaciones y sensibilidad<\/li>\n\n\n\n<li><strong>Rejuvenecedora<\/strong>: Estimula la renovaci\u00f3n celular<\/li>\n\n\n\n<li><strong>Rehidratante<\/strong>: Restaura la barrera cut\u00e1nea<\/li>\n\n\n\n<li><strong>Cicatrizante<\/strong>: Acelera la reparaci\u00f3n de tejidos<\/li>\n<\/ul>\n\n\n\n<p><strong>Ideal para<\/strong>:<\/p>\n\n\n\n<ul>\n<li>Piel sensible e irritada<\/li>\n\n\n\n<li>Post-solar (calma quemaduras leves)<\/li>\n\n\n\n<li>Piel madura deshidratada<\/li>\n\n\n\n<li>Ros\u00e1cea y dermatitis<\/li>\n<\/ul>\n\n\n\n<hr class=\"wp-block-separator has-alpha-channel-opacity\"\/>\n\n\n\n<h2 class=\"wp-block-heading\">2. \u2600\ufe0f Vitamina B9: Protecci\u00f3n Solar Natural<\/h2>\n\n\n\n<p><strong>Mejora las pieles problem\u00e1ticas y protege contra los rayos ultravioletas.<\/strong><\/p>\n\n\n\n<p><strong>Por qu\u00e9 es importante<\/strong>:<\/p>\n\n\n\n<ul>\n<li><strong>Fotoprotecci\u00f3n natural<\/strong>: El \u00e1cido f\u00f3lico ayuda a prevenir el da\u00f1o del ADN celular causado por los rayos UV<\/li>\n\n\n\n<li><strong>Reparaci\u00f3n del ADN<\/strong>: Repara c\u00e9lulas da\u00f1adas por el sol<\/li>\n\n\n\n<li><strong>Previene manchas<\/strong>: Evita hiperpigmentaci\u00f3n post-solar<\/li>\n<\/ul>\n\n\n\n<p><strong>Nota<\/strong>: La vitamina B9 NO sustituye el protector solar, pero lo complementa perfectamente.<\/p>\n\n\n\n<hr class=\"wp-block-separator has-alpha-channel-opacity\"\/>\n\n\n\n<h2 class=\"wp-block-heading\">3. \ud83d\udcaa Vitamina C: Elasticidad y Firmeza<\/h2>\n\n\n\n<p><strong>Incrementa la elasticidad de la piel, dej\u00e1ndola firme y tersa, tiene propiedades coagulantes y cicatrizantes que combaten las arrugas prematuras.<\/strong><\/p>\n\n\n\n<p><strong>Triple acci\u00f3n de la vitamina C<\/strong>:<\/p>\n\n\n\n<p><strong>1. Producci\u00f3n de col\u00e1geno<\/strong>:<\/p>\n\n\n\n<ul>\n<li>S\u00edntesis de col\u00e1geno tipos I y III<\/li>\n\n\n\n<li>Piel m\u00e1s firme y el\u00e1stica<\/li>\n\n\n\n<li>Reduce flacidez<\/li>\n<\/ul>\n\n\n\n<p><strong>2. Propiedades cicatrizantes y coagulantes<\/strong>:<\/p>\n\n\n\n<ul>\n<li>Acelera la cicatrizaci\u00f3n<\/li>\n\n\n\n<li>Cierra heridas m\u00e1s r\u00e1pido<\/li>\n\n\n\n<li>Reduce marcas de acn\u00e9<\/li>\n<\/ul>\n\n\n\n<p><strong>3. Combate arrugas prematuras<\/strong>:<\/p>\n\n\n\n<ul>\n<li>Antioxidante potente<\/li>\n\n\n\n<li>Neutraliza radicales libres<\/li>\n\n\n\n<li>Previene y reduce l\u00edneas de expresi\u00f3n<\/li>\n<\/ul>\n\n\n\n<p><strong>Dato<\/strong>: La frambuesa contiene 26mg de vitamina C por 100g, similar a la naranja.<\/p>\n\n\n\n<hr class=\"wp-block-separator has-alpha-channel-opacity\"\/>\n\n\n\n<h2 class=\"wp-block-heading\">4. \u26a1 Vitamina H (Biotina): Metabolismo Celular<\/h2>\n\n\n\n<p><strong>Normaliza el metabolismo<\/strong> celular de la piel.<\/p>\n\n\n\n<p><strong>Funci\u00f3n<\/strong>:<\/p>\n\n\n\n<ul>\n<li>Regula la producci\u00f3n de sebo<\/li>\n\n\n\n<li>Mejora la s\u00edntesis de prote\u00ednas<\/li>\n\n\n\n<li>Fortalece la estructura celular<\/li>\n\n\n\n<li>Piel m\u00e1s sana y equilibrada<\/li>\n<\/ul>\n\n\n\n<p><strong>Beneficio<\/strong>: Piel con aspecto saludable, ni grasa ni seca.<\/p>\n\n\n\n<hr class=\"wp-block-separator has-alpha-channel-opacity\"\/>\n\n\n\n<h2 class=\"wp-block-heading\">5. \ud83e\uddca Vitamina PP (Niacina): Refresca y Tonifica<\/h2>\n\n\n\n<p><strong>Refresca y tonifica la piel.<\/strong><\/p>\n\n\n\n<p><strong>Acci\u00f3n de la niacina<\/strong>:<\/p>\n\n\n\n<ul>\n<li>Efecto refrescante inmediato<\/li>\n\n\n\n<li>Tonifica y tensa la piel<\/li>\n\n\n\n<li>Mejora la microcirculaci\u00f3n<\/li>\n\n\n\n<li>Ilumina el rostro<\/li>\n\n\n\n<li>Reduce poros dilatados<\/li>\n<\/ul>\n\n\n\n<p><strong>Perfecto para<\/strong>: Pieles apagadas, cansadas o con poros visibles.<\/p>\n\n\n\n<hr class=\"wp-block-separator has-alpha-channel-opacity\"\/>\n\n\n\n<h2 class=\"wp-block-heading\">6. \u2728 Vitamina E: Renovaci\u00f3n y Antiedad<\/h2>\n\n\n\n<p><strong>Promueve la renovaci\u00f3n celular y retrasa el envejecimiento.<\/strong><\/p>\n\n\n\n<p><strong>Por qu\u00e9 la vitamina E es esencial<\/strong>:<\/p>\n\n\n\n<ul>\n<li><strong>Antioxidante liposoluble<\/strong>: Protege las membranas celulares<\/li>\n\n\n\n<li><strong>Renovaci\u00f3n celular<\/strong>: Acelera el recambio de c\u00e9lulas muertas<\/li>\n\n\n\n<li><strong>Antiedad<\/strong>: Reduce arrugas, manchas y flacidez<\/li>\n\n\n\n<li><strong>Protecci\u00f3n ambiental<\/strong>: Escudo contra contaminaci\u00f3n<\/li>\n<\/ul>\n\n\n\n<p><strong>Sinergia<\/strong>: La vitamina E + vitamina C = protecci\u00f3n antioxidante m\u00e1xima.<\/p>\n\n\n\n<hr class=\"wp-block-separator has-alpha-channel-opacity\"\/>\n\n\n\n<h2 class=\"wp-block-heading\">7. \ud83d\udca7 Potasio: Hidrataci\u00f3n para Pieles Secas<\/h2>\n\n\n\n<p><strong>Esta propiedad convierte a la frambuesa en un aliado perfecto para las pieles secas.<\/strong><\/p>\n\n\n\n<p><strong>C\u00f3mo act\u00faa el potasio<\/strong>:<\/p>\n\n\n\n<ul>\n<li>Regula el equilibrio h\u00eddrico celular<\/li>\n\n\n\n<li>Retiene agua en las capas profundas<\/li>\n\n\n\n<li>Evita la deshidrataci\u00f3n<\/li>\n\n\n\n<li>Mejora la barrera cut\u00e1nea<\/li>\n<\/ul>\n\n\n\n<p><strong>Resultado<\/strong>: Piel hidratada, suave y flexible.<\/p>\n\n\n\n<hr class=\"wp-block-separator has-alpha-channel-opacity\"\/>\n\n\n\n<h2 class=\"wp-block-heading\">Frambuesa vs Ar\u00e1ndano: Los Mejores para Pieles Problem\u00e1ticas<\/h2>\n\n\n\n<p><strong>La frambuesa junto al ar\u00e1ndano son de los productos m\u00e1s recomendados en los cuidados para pieles con problemas.<\/strong><\/p>\n\n\n\n<h3 class=\"wp-block-heading\">Tabla 3: Frambuesa vs Ar\u00e1ndano<\/h3>\n\n\n\n<figure class=\"wp-block-table\"><table><thead><tr><th>Propiedad<\/th><th>Frambuesa<\/th><th>Ar\u00e1ndano<\/th><th>Ganador<\/th><\/tr><\/thead><tbody><tr><td><strong>Vitamina C<\/strong><\/td><td>26mg\/100g<\/td><td>9.7mg\/100g<\/td><td>Frambuesa \u2b50<\/td><\/tr><tr><td><strong>Antioxidantes<\/strong><\/td><td>Alto<\/td><td>Muy alto<\/td><td>Ar\u00e1ndano \u2b50<\/td><\/tr><tr><td><strong>Antiinflamatorio<\/strong><\/td><td>\u2b50\u2b50\u2b50\u2b50<\/td><td>\u2b50\u2b50\u2b50\u2b50\u2b50<\/td><td>Ar\u00e1ndano<\/td><\/tr><tr><td><strong>\u00c1cido salic\u00edlico<\/strong><\/td><td>Presente<\/td><td>Ausente<\/td><td>Frambuesa \u2b50<\/td><\/tr><tr><td><strong>Hidrataci\u00f3n<\/strong><\/td><td>\u2b50\u2b50\u2b50\u2b50\u2b50<\/td><td>\u2b50\u2b50\u2b50<\/td><td>Frambuesa \u2b50<\/td><\/tr><tr><td><strong>Acn\u00e9<\/strong><\/td><td>\u2b50\u2b50\u2b50\u2b50<\/td><td>\u2b50\u2b50\u2b50\u2b50\u2b50<\/td><td>Ar\u00e1ndano<\/td><\/tr><tr><td><strong>Antiedad<\/strong><\/td><td>\u2b50\u2b50\u2b50\u2b50\u2b50<\/td><td>\u2b50\u2b50\u2b50\u2b50\u2b50<\/td><td>Empate<\/td><\/tr><\/tbody><\/table><\/figure>\n\n\n\n<p><strong>Conclusi\u00f3n<\/strong>: Ambos son excelentes. La frambuesa destaca en hidrataci\u00f3n y vitamina C, el ar\u00e1ndano en acci\u00f3n antiinflamatoria.<\/p>\n\n\n\n<hr class=\"wp-block-separator has-alpha-channel-opacity\"\/>\n\n\n\n<h2 class=\"wp-block-heading\">Beneficios de la Frambuesa para Diferentes Tipos de Piel<\/h2>\n\n\n\n<h3 class=\"wp-block-heading\">Tabla 4: Frambuesa seg\u00fan Tipo de Piel<\/h3>\n\n\n\n<figure class=\"wp-block-table\"><table><thead><tr><th>Tipo de Piel<\/th><th>Beneficio Principal<\/th><th>C\u00f3mo Usarla<\/th><\/tr><\/thead><tbody><tr><td><strong>Seca<\/strong><\/td><td>Hidrataci\u00f3n (potasio)<\/td><td>Mascarilla con frambuesa + yogur<\/td><\/tr><tr><td><strong>Grasa\/Acn\u00e9<\/strong><\/td><td>\u00c1cido salic\u00edlico exfoliante<\/td><td>T\u00f3nico de frambuesa + lim\u00f3n<\/td><\/tr><tr><td><strong>Sensible<\/strong><\/td><td>Vitamina A antiinflamatoria<\/td><td>Pur\u00e9 de frambuesa puro<\/td><\/tr><tr><td><strong>Madura<\/strong><\/td><td>Vitaminas C + E antiedad<\/td><td>S\u00e9rum de aceite de semilla<\/td><\/tr><tr><td><strong>Mixta<\/strong><\/td><td>Equilibrio (vitamina H)<\/td><td>Mascarilla frambuesa + miel<\/td><\/tr><tr><td><strong>Con manchas<\/strong><\/td><td>\u00c1cido el\u00e1gico despigmentante<\/td><td>Aplicaci\u00f3n diaria constante<\/td><\/tr><\/tbody><\/table><\/figure>\n\n\n\n<hr class=\"wp-block-separator has-alpha-channel-opacity\"\/>\n\n\n\n<h2 class=\"wp-block-heading\">5 Tratamientos Caseros con Frambuesa<\/h2>\n\n\n\n<h3 class=\"wp-block-heading\">Receta 1: Mascarilla Antiedad<\/h3>\n\n\n\n<p><strong>Ingredientes<\/strong>:<\/p>\n\n\n\n<ul>\n<li>10 frambuesas frescas<\/li>\n\n\n\n<li>1 cucharada miel<\/li>\n\n\n\n<li>1 cucharadita aceite de oliva<\/li>\n<\/ul>\n\n\n\n<p><strong>Preparaci\u00f3n<\/strong>:<\/p>\n\n\n\n<ol>\n<li>Machacar las frambuesas<\/li>\n\n\n\n<li>Mezclar con miel y aceite<\/li>\n\n\n\n<li>Aplicar en rostro limpio<\/li>\n\n\n\n<li>Dejar 15-20 minutos<\/li>\n\n\n\n<li>Retirar con agua tibia<\/li>\n<\/ol>\n\n\n\n<p><strong>Beneficio<\/strong>: Reduce arrugas, hidrata, ilumina.<\/p>\n\n\n\n<hr class=\"wp-block-separator has-alpha-channel-opacity\"\/>\n\n\n\n<h3 class=\"wp-block-heading\">Receta 2: T\u00f3nico Purificante<\/h3>\n\n\n\n<p><strong>Ingredientes<\/strong>:<\/p>\n\n\n\n<ul>\n<li>15 frambuesas<\/li>\n\n\n\n<li>50ml agua mineral<\/li>\n\n\n\n<li>Zumo de medio lim\u00f3n<\/li>\n<\/ul>\n\n\n\n<p><strong>Preparaci\u00f3n<\/strong>:<\/p>\n\n\n\n<ol>\n<li>Licuar frambuesas con agua<\/li>\n\n\n\n<li>Colar muy bien<\/li>\n\n\n\n<li>A\u00f1adir zumo de lim\u00f3n<\/li>\n\n\n\n<li>Guardar en frasco de cristal (nevera 3-4 d\u00edas)<\/li>\n\n\n\n<li>Aplicar con algod\u00f3n ma\u00f1ana y noche<\/li>\n<\/ol>\n\n\n\n<p><strong>Beneficio<\/strong>: Cierra poros, exfolia suavemente, aclara.<\/p>\n\n\n\n<hr class=\"wp-block-separator has-alpha-channel-opacity\"\/>\n\n\n\n<h3 class=\"wp-block-heading\">Receta 3: Exfoliante Suave<\/h3>\n\n\n\n<p><strong>Ingredientes<\/strong>:<\/p>\n\n\n\n<ul>\n<li>8 frambuesas<\/li>\n\n\n\n<li>2 cucharadas az\u00facar moreno<\/li>\n\n\n\n<li>1 cucharada yogur natural<\/li>\n<\/ul>\n\n\n\n<p><strong>Preparaci\u00f3n<\/strong>:<\/p>\n\n\n\n<ol>\n<li>Triturar frambuesas<\/li>\n\n\n\n<li>Mezclar con az\u00facar y yogur<\/li>\n\n\n\n<li>Aplicar con movimientos circulares<\/li>\n\n\n\n<li>Masajear 2-3 minutos<\/li>\n\n\n\n<li>Aclarar con agua tibia<\/li>\n<\/ol>\n\n\n\n<p><strong>Beneficio<\/strong>: Elimina c\u00e9lulas muertas, suaviza textura.<\/p>\n\n\n\n<hr class=\"wp-block-separator has-alpha-channel-opacity\"\/>\n\n\n\n<h3 class=\"wp-block-heading\">Receta 4: Mascarilla Hidratante Pieles Secas<\/h3>\n\n\n\n<p><strong>Ingredientes<\/strong>:<\/p>\n\n\n\n<ul>\n<li>12 frambuesas<\/li>\n\n\n\n<li>2 cucharadas aguacate maduro<\/li>\n\n\n\n<li>1 cucharadita aceite de almendras<\/li>\n<\/ul>\n\n\n\n<p><strong>Preparaci\u00f3n<\/strong>:<\/p>\n\n\n\n<ol>\n<li>Machacar frambuesas y aguacate<\/li>\n\n\n\n<li>A\u00f1adir aceite de almendras<\/li>\n\n\n\n<li>Aplicar capa generosa<\/li>\n\n\n\n<li>Dejar 20 minutos<\/li>\n\n\n\n<li>Retirar con agua tibia<\/li>\n<\/ol>\n\n\n\n<p><strong>Beneficio<\/strong>: Hidrataci\u00f3n profunda, nutrici\u00f3n, suavidad.<\/p>\n\n\n\n<hr class=\"wp-block-separator has-alpha-channel-opacity\"\/>\n\n\n\n<h3 class=\"wp-block-heading\">Receta 5: S\u00e9rum Iluminador<\/h3>\n\n\n\n<p><strong>Ingredientes<\/strong>:<\/p>\n\n\n\n<ul>\n<li>Zumo de 20 frambuesas (filtrado)<\/li>\n\n\n\n<li>1 c\u00e1psula vitamina E<\/li>\n\n\n\n<li>1 cucharadita glicerina vegetal<\/li>\n<\/ul>\n\n\n\n<p><strong>Preparaci\u00f3n<\/strong>:<\/p>\n\n\n\n<ol>\n<li>Extraer y filtrar zumo de frambuesa<\/li>\n\n\n\n<li>A\u00f1adir contenido de c\u00e1psula vitamina E<\/li>\n\n\n\n<li>Mezclar con glicerina<\/li>\n\n\n\n<li>Guardar en frasco gotero (nevera 1 semana)<\/li>\n\n\n\n<li>Aplicar 2-3 gotas en rostro por la noche<\/li>\n<\/ol>\n\n\n\n<p><strong>Beneficio<\/strong>: Ilumina, unifica tono, antioxidante.<\/p>\n\n\n\n<hr class=\"wp-block-separator has-alpha-channel-opacity\"\/>\n\n\n\n<h2 class=\"wp-block-heading\">Aceite de Semilla de Frambuesa<\/h2>\n\n\n\n<p>El <strong>aceite de semilla de frambuesa<\/strong> es uno de los aceites cosm\u00e9ticos m\u00e1s valiosos:<\/p>\n\n\n\n<p><strong>Propiedades<\/strong>:<\/p>\n\n\n\n<ul>\n<li>FPS natural estimado: 28-50<\/li>\n\n\n\n<li>Rico en omega-3 y omega-6 (1:1 ratio perfecto)<\/li>\n\n\n\n<li>Vitamina E concentrada<\/li>\n\n\n\n<li>No comedog\u00e9nico<\/li>\n\n\n\n<li>Absorci\u00f3n r\u00e1pida<\/li>\n<\/ul>\n\n\n\n<p><strong>Usos<\/strong>:<\/p>\n\n\n\n<ul>\n<li>Aceite facial puro (3-5 gotas)<\/li>\n\n\n\n<li>Mezclado con crema hidratante<\/li>\n\n\n\n<li>After-sun natural<\/li>\n\n\n\n<li>Tratamiento anti-manchas<\/li>\n<\/ul>\n\n\n\n<hr class=\"wp-block-separator has-alpha-channel-opacity\"\/>\n\n\n\n<h2 class=\"wp-block-heading\">Productos Koken para Complementar los Efectos de la Frambuesa<\/h2>\n\n\n\n<h3 class=\"wp-block-heading\">1. <a href=\"https:\/\/www.koken.es\/cosmetica\/facial\/\">Cosm\u00e9tica Facial Koken<\/a><\/h3>\n\n\n\n<p>La frambuesa act\u00faa como ingrediente activo natural, y los productos de <a href=\"https:\/\/www.koken.es\/cosmetica\/facial\/\">cosm\u00e9tica facial Koken<\/a> proporcionan bases profesionales donde incorporar extractos caseros o complementar su acci\u00f3n.<\/p>\n\n\n\n<p><strong>Sinergia<\/strong>: Tratamiento casero con frambuesa + cosm\u00e9tica profesional Koken = resultados \u00f3ptimos.<\/p>\n\n\n\n<hr class=\"wp-block-separator has-alpha-channel-opacity\"\/>\n\n\n\n<h3 class=\"wp-block-heading\">2. <a href=\"https:\/\/www.koken.es\/cosmetica\/tonicos-faciales\/\">T\u00f3nicos Faciales Koken<\/a><\/h3>\n\n\n\n<p>Los t\u00f3nicos naturales de frambuesa que preparas en casa pueden alternarse con los <a href=\"https:\/\/www.koken.es\/cosmetica\/tonicos-faciales\/\">t\u00f3nicos profesionales Koken<\/a> para maximizar resultados.<\/p>\n\n\n\n<hr class=\"wp-block-separator has-alpha-channel-opacity\"\/>\n\n\n\n<h3 class=\"wp-block-heading\">3. <a href=\"https:\/\/www.koken.es\/cosmetica\/aceites-esenciales\/\">Aceites Esenciales Koken<\/a><\/h3>\n\n\n\n<p>Para potenciar tus tratamientos caseros con frambuesa, a\u00f1ade <a href=\"https:\/\/www.koken.es\/cosmetica\/aceites-esenciales\/\">aceites esenciales Koken<\/a>:<\/p>\n\n\n\n<p><strong>Combinaciones recomendadas<\/strong>:<\/p>\n\n\n\n<ul>\n<li>Frambuesa + aceite esencial de lavanda = calmante<\/li>\n\n\n\n<li>Frambuesa + aceite esencial de rosa = antiedad<\/li>\n\n\n\n<li>Frambuesa + aceite esencial de lim\u00f3n = iluminador<\/li>\n<\/ul>\n\n\n\n<hr class=\"wp-block-separator has-alpha-channel-opacity\"\/>\n\n\n\n<h3 class=\"wp-block-heading\">4. <a href=\"https:\/\/www.koken.es\/cosmetica\/aceite-de-almendras-dulces\/\">Aceite de Almendras Dulces Koken<\/a><\/h3>\n\n\n\n<p>Base perfecta para diluir aceite de semilla de frambuesa y crear tu propio s\u00e9rum personalizado.<\/p>\n\n\n\n<hr class=\"wp-block-separator has-alpha-channel-opacity\"\/>\n\n\n\n<h3 class=\"wp-block-heading\">5. <a href=\"https:\/\/www.koken.es\/cosmetica\/\">Cosm\u00e9tica Natural Koken<\/a><\/h3>\n\n\n\n<p>Toda la gama de <a href=\"https:\/\/www.koken.es\/cosmetica\/\">cosm\u00e9tica natural Koken<\/a> est\u00e1 dise\u00f1ada para trabajar en sinergia con ingredientes activos naturales como la frambuesa.<\/p>\n\n\n\n<hr class=\"wp-block-separator has-alpha-channel-opacity\"\/>\n\n\n\n<h3 class=\"wp-block-heading\">6. <a href=\"https:\/\/www.koken.es\/blog\/\">Blog Koken Cosmetics<\/a><\/h3>\n\n\n\n<p>Descubre m\u00e1s ingredientes naturales y recetas caseras en el <a href=\"https:\/\/www.koken.es\/blog\/\">blog de Koken<\/a>.<\/p>\n\n\n\n<hr class=\"wp-block-separator has-alpha-channel-opacity\"\/>\n\n\n\n<h2 class=\"wp-block-heading\">Precauciones<\/h2>\n\n\n\n<h3 class=\"wp-block-heading\">Tabla 5: Precauciones al Usar Frambuesa en la Piel<\/h3>\n\n\n\n<figure class=\"wp-block-table\"><table><thead><tr><th>Situaci\u00f3n<\/th><th>Precauci\u00f3n<\/th><th>Por Qu\u00e9<\/th><\/tr><\/thead><tbody><tr><td><strong>Alergia a las ros\u00e1ceas<\/strong><\/td><td>\u26a0\ufe0f Test de parche 24h antes<\/td><td>Posible reacci\u00f3n al\u00e9rgica<\/td><\/tr><tr><td><strong>Piel muy sensible<\/strong><\/td><td>\u26a0\ufe0f Diluir con yogur o aloe<\/td><td>\u00c1cidos pueden irritar<\/td><\/tr><tr><td><strong>Heridas abiertas<\/strong><\/td><td>\u274c No aplicar<\/td><td>\u00c1cidos pueden escocer<\/td><\/tr><tr><td><strong>Post-peeling<\/strong><\/td><td>\u26a0\ufe0f Esperar 3-4 d\u00edas<\/td><td>Piel muy sensible temporalmente<\/td><\/tr><tr><td><strong>Tratamientos con retinol<\/strong><\/td><td>\u26a0\ufe0f Alternar d\u00edas<\/td><td>Evitar sobre-exfoliaci\u00f3n<\/td><\/tr><tr><td><strong>Exposici\u00f3n solar<\/strong><\/td><td>\u26a0\ufe0f Solo uso nocturno<\/td><td>\u00c1cidos fotosensibilizan<\/td><\/tr><\/tbody><\/table><\/figure>\n\n\n\n<hr class=\"wp-block-separator has-alpha-channel-opacity\"\/>\n\n\n\n<h2 class=\"wp-block-heading\">Preguntas Frecuentes<\/h2>\n\n\n\n<p><strong>\u00bfLa frambuesa mancha la piel?<\/strong> No. Aunque es roja, no ti\u00f1e la piel. El color se retira completamente con agua.<\/p>\n\n\n\n<p><strong>\u00bfPuedo usar frambuesa si tengo acn\u00e9?<\/strong> S\u00ed, el \u00e1cido salic\u00edlico natural ayuda a desobstruir poros.<\/p>\n\n\n\n<p><strong>\u00bfCon qu\u00e9 frecuencia usar mascarillas de frambuesa?<\/strong> 2-3 veces por semana para pieles normales, 1 vez si es sensible.<\/p>\n\n\n\n<p><strong>\u00bfFrambuesas congeladas funcionan igual?<\/strong> S\u00ed, conservan la mayor\u00eda de nutrientes. Descongelar antes de usar.<\/p>\n\n\n\n<p><strong>\u00bfEl aceite de semilla de frambuesa sustituye el protector solar?<\/strong> No. Tiene FPS natural bajo (28-50) pero no es suficiente. \u00dasalo como complemento.<\/p>\n\n\n\n<hr class=\"wp-block-separator has-alpha-channel-opacity\"\/>\n\n\n\n<h2 class=\"wp-block-heading\">Resumen<\/h2>\n\n\n\n<p>Los <strong>beneficios de las frambuesas para la piel<\/strong> son extraordinarios y cient\u00edficamente comprobados:<\/p>\n\n\n\n<p>\u2705 <strong>7 vitaminas esenciales<\/strong> (A, B9, C, H, PP, E + potasio) \u2705 <strong>Antiinflamatorio potente<\/strong> (calma y rejuvenece) \u2705 <strong>Protecci\u00f3n UV natural<\/strong> (vitamina B9) \u2705 <strong>Producci\u00f3n de col\u00e1geno<\/strong> (vitamina C) \u2705 <strong>Renovaci\u00f3n celular<\/strong> (vitamina E) \u2705 <strong>Hidrataci\u00f3n profunda<\/strong> (potasio, ideal pieles secas) \u2705 <strong>Exfoliaci\u00f3n suave<\/strong> (\u00e1cido salic\u00edlico) \u2705 <strong>Antiedad completo<\/strong> (antioxidantes m\u00faltiples)<\/p>\n\n\n\n<p><strong>La frambuesa junto al ar\u00e1ndano son de los productos m\u00e1s recomendados en los cuidados para pieles con problemas.<\/strong><\/p>\n\n\n\n<p>Combina tratamientos caseros de frambuesa con la <a href=\"https:\/\/www.koken.es\/cosmetica\/\">cosm\u00e9tica profesional Koken<\/a> para resultados \u00f3ptimos.<\/p>\n","protected":false},"excerpt":{"rendered":"<p>Publicado el 27 junio, 2016 | Actualizado febrero 2026 Los beneficios de las frambuesas para la piel y el organismo son maravillosos. Esta peque\u00f1a fruta roja esconde una riqueza nutricional extraordinaria que la convierte en uno de los ingredientes m\u00e1s &hellip; <a href=\"https:\/\/www.koken.es\/blog\/frambuesa-piel-beneficios-propiedades-cosmetica\/\" class=\"more-link\">Sigue leyendo <span class=\"meta-nav\">&rarr;<\/span><\/a><\/p>\n","protected":false},"author":2,"featured_media":3439,"comment_status":"closed","ping_status":"closed","sticky":false,"template":"","format":"standard","meta":{"om_disable_all_campaigns":false,"_mi_skip_tracking":false,"_monsterinsights_sitenote_active":false,"_monsterinsights_sitenote_note":"","_monsterinsights_sitenote_category":0},"categories":[2,7],"tags":[1143,876,451,1151,317,1152,1150,1146,1147,1142,1144,1149,1141,1148,1154,1145,1155,1153,199,744],"aioseo_notices":[],"_links":{"self":[{"href":"https:\/\/www.koken.es\/blog\/wp-json\/wp\/v2\/posts\/822"}],"collection":[{"href":"https:\/\/www.koken.es\/blog\/wp-json\/wp\/v2\/posts"}],"about":[{"href":"https:\/\/www.koken.es\/blog\/wp-json\/wp\/v2\/types\/post"}],"author":[{"embeddable":true,"href":"https:\/\/www.koken.es\/blog\/wp-json\/wp\/v2\/users\/2"}],"replies":[{"embeddable":true,"href":"https:\/\/www.koken.es\/blog\/wp-json\/wp\/v2\/comments?post=822"}],"version-history":[{"count":2,"href":"https:\/\/www.koken.es\/blog\/wp-json\/wp\/v2\/posts\/822\/revisions"}],"predecessor-version":[{"id":3441,"href":"https:\/\/www.koken.es\/blog\/wp-json\/wp\/v2\/posts\/822\/revisions\/3441"}],"wp:featuredmedia":[{"embeddable":true,"href":"https:\/\/www.koken.es\/blog\/wp-json\/wp\/v2\/media\/3439"}],"wp:attachment":[{"href":"https:\/\/www.koken.es\/blog\/wp-json\/wp\/v2\/media?parent=822"}],"wp:term":[{"taxonomy":"category","embeddable":true,"href":"https:\/\/www.koken.es\/blog\/wp-json\/wp\/v2\/categories?post=822"},{"taxonomy":"post_tag","embeddable":true,"href":"https:\/\/www.koken.es\/blog\/wp-json\/wp\/v2\/tags?post=822"}],"curies":[{"name":"wp","href":"https:\/\/api.w.org\/{rel}","templated":true}]}}