{"id":879,"date":"2016-09-26T15:26:36","date_gmt":"2016-09-26T15:26:36","guid":{"rendered":"http:\/\/www.koken.es\/blog\/?p=879"},"modified":"2026-02-20T17:58:00","modified_gmt":"2026-02-20T17:58:00","slug":"10-tips-cabello-guia-completa-tipo-pelo","status":"publish","type":"post","link":"https:\/\/www.koken.es\/blog\/10-tips-cabello-guia-completa-tipo-pelo\/","title":{"rendered":"10 Tips sobre el Cabello: Gu\u00eda Completa seg\u00fan tu Tipo de Pelo"},"content":{"rendered":"\n<p><strong>Publicado el 26 septiembre, 2016 | Actualizado febrero 2026<\/strong><\/p>\n\n\n\n<p><strong>La textura y la densidad del cabello son muy importantes porque ayudan a definir tu estilo.<\/strong> Conocer tu tipo de cabello es el primer paso para lucir un pelo perfecto, saludable y con personalidad.<\/p>\n\n\n\n<p><strong>Existen 6 tipos de cabello<\/strong>: el lacio, el fino, ondulado, grueso, rizado y con frizz, aunque <strong>tambi\u00e9n puede darse la combinaci\u00f3n de dos tipos<\/strong>: puedes tener el pelo fino y lacio u ondulado y con frizz. Cada tipo requiere cuidados espec\u00edficos, cortes adaptados y productos especializados.<\/p>\n\n\n\n<p>En este art\u00edculo descubrir\u00e1s los 10 tips esenciales para cuidar tu cabello seg\u00fan su tipo, c\u00f3mo elegir el corte perfecto, qu\u00e9 productos usar, y c\u00f3mo potenciar lo mejor de tu melena con la ayuda de productos profesionales.<\/p>\n\n\n\n<hr class=\"wp-block-separator has-alpha-channel-opacity\"\/>\n\n\n\n<h2 class=\"wp-block-heading\">Los 6 Tipos de Cabello<\/h2>\n\n\n\n<h3 class=\"wp-block-heading\">Tabla 1: Tipos de Cabello y Caracter\u00edsticas<\/h3>\n\n\n\n<figure class=\"wp-block-image size-full\"><a href=\"https:\/\/www.koken.es\/blog\/wp-content\/uploads\/2026\/02\/infografia-6-tipos-cabello-koken.jpg\"><img decoding=\"async\" loading=\"lazy\" width=\"1024\" height=\"1024\" src=\"https:\/\/www.koken.es\/blog\/wp-content\/uploads\/2026\/02\/infografia-6-tipos-cabello-koken.jpg\" alt=\"\" class=\"wp-image-3456\" srcset=\"https:\/\/www.koken.es\/blog\/wp-content\/uploads\/2026\/02\/infografia-6-tipos-cabello-koken.jpg 1024w, https:\/\/www.koken.es\/blog\/wp-content\/uploads\/2026\/02\/infografia-6-tipos-cabello-koken-300x300.jpg 300w, https:\/\/www.koken.es\/blog\/wp-content\/uploads\/2026\/02\/infografia-6-tipos-cabello-koken-150x150.jpg 150w, https:\/\/www.koken.es\/blog\/wp-content\/uploads\/2026\/02\/infografia-6-tipos-cabello-koken-768x768.jpg 768w\" sizes=\"(max-width: 1024px) 100vw, 1024px\" \/><\/a><\/figure>\n\n\n\n<figure class=\"wp-block-table\"><table><thead><tr><th>Tipo<\/th><th>Caracter\u00edsticas<\/th><th>Necesidades<\/th><th>Corte Ideal<\/th><\/tr><\/thead><tbody><tr><td><strong>Lacio<\/strong><\/td><td>Sin ondas, brillo natural<\/td><td>Volumen, movimiento<\/td><td>Capas, flequillo<\/td><\/tr><tr><td><strong>Fino<\/strong><\/td><td>Delgado, poca densidad<\/td><td>Cuerpo, volumen<\/td><td>Corto a medio<\/td><\/tr><tr><td><strong>Ondulado<\/strong><\/td><td>Onda en \u00abS\u00bb, textura<\/td><td>Definici\u00f3n, hidrataci\u00f3n<\/td><td>Medio a largo<\/td><\/tr><tr><td><strong>Grueso<\/strong><\/td><td>Fibra ancha, mucha densidad<\/td><td>Control, suavidad<\/td><td>Capas, vaciado<\/td><\/tr><tr><td><strong>Rizado<\/strong><\/td><td>Rizos definidos<\/td><td>Peso, hidrataci\u00f3n profunda<\/td><td>Largo preferiblemente<\/td><\/tr><tr><td><strong>Con frizz<\/strong><\/td><td>Encrespado, esponjoso<\/td><td>Disciplina, nutrici\u00f3n<\/td><td>Espec\u00edfico seg\u00fan textura<\/td><\/tr><\/tbody><\/table><\/figure>\n\n\n\n<p><strong>Combinaciones comunes<\/strong>:<\/p>\n\n\n\n<ul>\n<li>Fino + Lacio = Necesita volumen urgente<\/li>\n\n\n\n<li>Ondulado + Frizz = Requiere hidrataci\u00f3n y definici\u00f3n<\/li>\n\n\n\n<li>Grueso + Rizado = Necesita control y nutrici\u00f3n<\/li>\n<\/ul>\n\n\n\n<hr class=\"wp-block-separator has-alpha-channel-opacity\"\/>\n\n\n\n<h2 class=\"wp-block-heading\">Tip 1: Identifica tu Tipo de Cabello<\/h2>\n\n\n\n<p><strong>Tu peluquer@ debe darse cuenta en seguida de qu\u00e9 tipo de pelo tienes para as\u00ed ayudarte y aconsejarte el peinado y corte que mejor se adapte a ti.<\/strong><\/p>\n\n\n\n<h3 class=\"wp-block-heading\">C\u00f3mo Identificar tu Tipo:<\/h3>\n\n\n\n<p><strong>Test de la hebra<\/strong>:<\/p>\n\n\n\n<ol>\n<li>Toma un cabello limpio y seco<\/li>\n\n\n\n<li>Observa su grosor (fino, medio, grueso)<\/li>\n\n\n\n<li>Comprueba su textura natural (liso, ondulado, rizado)<\/li>\n\n\n\n<li>Verifica su porosidad (se seca r\u00e1pido o lento)<\/li>\n<\/ol>\n\n\n\n<p><strong>Test de densidad<\/strong>:<\/p>\n\n\n\n<ul>\n<li>Haz una coleta: Si es del grosor de una moneda peque\u00f1a = fino<\/li>\n\n\n\n<li>Si es del grosor de una moneda mediana = medio<\/li>\n\n\n\n<li>Si es m\u00e1s grueso = alta densidad<\/li>\n<\/ul>\n\n\n\n<hr class=\"wp-block-separator has-alpha-channel-opacity\"\/>\n\n\n\n<h2 class=\"wp-block-heading\">Tip 2: Si tu Cabello es Rizado, Mejor Largo<\/h2>\n\n\n\n<p><strong>Los profesionales de la belleza dicen que el cabello rizado necesita peso para estirarse, sin [que] queda apelmazado arriba, por eso cuanto m\u00e1s largo puedas mantener tu pelo rizado, mejor.<\/strong><\/p>\n\n\n\n<h3 class=\"wp-block-heading\">Por Qu\u00e9 Funciona:<\/h3>\n\n\n\n<p><strong>F\u00edsica del rizo<\/strong>:<\/p>\n\n\n\n<ul>\n<li>El peso del largo estira los rizos hacia abajo<\/li>\n\n\n\n<li>Evita el efecto \u00abtri\u00e1ngulo\u00bb o \u00abnube\u00bb<\/li>\n\n\n\n<li>Distribuye mejor los aceites naturales<\/li>\n\n\n\n<li>Reduce el encrespamiento en la ra\u00edz<\/li>\n<\/ul>\n\n\n\n<p><strong>Largo ideal para rizos<\/strong>:<\/p>\n\n\n\n<ul>\n<li>M\u00ednimo: Hasta los hombros<\/li>\n\n\n\n<li>\u00d3ptimo: Media espalda<\/li>\n\n\n\n<li>M\u00e1ximo: Seg\u00fan preferencia personal<\/li>\n<\/ul>\n\n\n\n<p><strong>Pero tambi\u00e9n puedes romper las reglas y cortarlo corto o de forma irregular, porque tu cabello siempre hablar\u00e1 de tu propia personalidad.<\/strong><\/p>\n\n\n\n<hr class=\"wp-block-separator has-alpha-channel-opacity\"\/>\n\n\n\n<h2 class=\"wp-block-heading\">Tip 3: Si tu Pelo es Fino, No lo Dejes Crecer Demasiado<\/h2>\n\n\n\n<p><strong>Al contrario del pelo rizado, si tienes el pelo fino es mejor mantenerlo corto para as\u00ed conservar el cuerpo.<\/strong><\/p>\n\n\n\n<h3 class=\"wp-block-heading\">Tabla 2: Largos Seg\u00fan Tipo de Cabello<\/h3>\n\n\n\n<figure class=\"wp-block-table\"><table><thead><tr><th>Tipo de Cabello<\/th><th>Largo Corto<\/th><th>Largo Medio<\/th><th>Largo Largo<\/th><\/tr><\/thead><tbody><tr><td><strong>Fino<\/strong><\/td><td>\u2b50\u2b50\u2b50\u2b50\u2b50 Ideal<\/td><td>\u2b50\u2b50\u2b50 Aceptable<\/td><td>\u2b50 Pierde cuerpo<\/td><\/tr><tr><td><strong>Grueso<\/strong><\/td><td>\u2b50\u2b50\u2b50 Puede abultar<\/td><td>\u2b50\u2b50\u2b50\u2b50 Bueno<\/td><td>\u2b50\u2b50\u2b50\u2b50\u2b50 Perfecto<\/td><\/tr><tr><td><strong>Rizado<\/strong><\/td><td>\u2b50\u2b50 Dif\u00edcil control<\/td><td>\u2b50\u2b50\u2b50\u2b50 Bueno<\/td><td>\u2b50\u2b50\u2b50\u2b50\u2b50 Ideal<\/td><\/tr><tr><td><strong>Lacio<\/strong><\/td><td>\u2b50\u2b50\u2b50\u2b50 Muy favorecedor<\/td><td>\u2b50\u2b50\u2b50\u2b50 Vers\u00e1til<\/td><td>\u2b50\u2b50\u2b50 Puede ser plano<\/td><\/tr><\/tbody><\/table><\/figure>\n\n\n\n<p><strong>Por qu\u00e9 el cabello fino debe ser corto<\/strong>:<\/p>\n\n\n\n<ul>\n<li>El peso del largo aplasta las ra\u00edces<\/li>\n\n\n\n<li>Pierde volumen y movimiento<\/li>\n\n\n\n<li>Se ve \u00abescaso\u00bb y sin vida<\/li>\n\n\n\n<li>El corto aporta sensaci\u00f3n de densidad<\/li>\n<\/ul>\n\n\n\n<hr class=\"wp-block-separator has-alpha-channel-opacity\"\/>\n\n\n\n<h2 class=\"wp-block-heading\">Tip 4: Adapta el Largo a tu Forma de Cara<\/h2>\n\n\n\n<p><strong>Las caras redondas y cuadradas se ven bien con pelo largo, ya que [este] alarga la cara que es igual de ancha que larga. Si tienes la cara larga y el pelo fino te ver\u00e1s mejor con el cabello corto, hasta los hombros.<\/strong><\/p>\n\n\n\n<h3 class=\"wp-block-heading\">Tabla 3: Largo de Cabello seg\u00fan Forma de Cara<\/h3>\n\n\n\n<figure class=\"wp-block-table\"><table><thead><tr><th>Forma de Cara<\/th><th>Mejor Largo<\/th><th>Por Qu\u00e9<\/th><th>Evitar<\/th><\/tr><\/thead><tbody><tr><td><strong>Redonda<\/strong><\/td><td>Largo<\/td><td>Alarga visualmente<\/td><td>Muy corto, bob a la altura de mejillas<\/td><\/tr><tr><td><strong>Cuadrada<\/strong><\/td><td>Largo con ondas<\/td><td>Suaviza \u00e1ngulos<\/td><td>Corte recto a la mand\u00edbula<\/td><\/tr><tr><td><strong>Ovalada<\/strong><\/td><td>Cualquiera<\/td><td>Proporciones equilibradas<\/td><td>Ninguno (cara ideal)<\/td><\/tr><tr><td><strong>Larga\/Rectangular<\/strong><\/td><td>Corto a hombros<\/td><td>Ensancha visualmente<\/td><td>Muy largo y liso<\/td><\/tr><tr><td><strong>Coraz\u00f3n<\/strong><\/td><td>Medio con volumen abajo<\/td><td>Equilibra frente ancha<\/td><td>Flequillo muy recto<\/td><\/tr><tr><td><strong>Diamante<\/strong><\/td><td>Medio con volumen lateral<\/td><td>Equilibra p\u00f3mulos<\/td><td>Muy pegado a la cabeza<\/td><\/tr><\/tbody><\/table><\/figure>\n\n\n\n<hr class=\"wp-block-separator has-alpha-channel-opacity\"\/>\n\n\n\n<h2 class=\"wp-block-heading\">Tip 5: Las Capas son la Clave del Movimiento<\/h2>\n\n\n\n<p><strong>Los cortes de pelo con capas otorgan movimiento y crean cuerpo.<\/strong><\/p>\n\n\n\n<h3 class=\"wp-block-heading\">Tipos de Capas:<\/h3>\n\n\n\n<p><strong>Capas largas<\/strong>:<\/p>\n\n\n\n<ul>\n<li>Para cabello largo<\/li>\n\n\n\n<li>Movimiento sutil<\/li>\n\n\n\n<li>Ideal para pelo grueso (quita peso)<\/li>\n<\/ul>\n\n\n\n<p><strong>Capas medias<\/strong>:<\/p>\n\n\n\n<ul>\n<li>Vers\u00e1tiles<\/li>\n\n\n\n<li>Perfecto para ondulado<\/li>\n\n\n\n<li>Crean volumen sin perder largo<\/li>\n<\/ul>\n\n\n\n<p><strong>Capas cortas (shaggy)<\/strong>:<\/p>\n\n\n\n<ul>\n<li>Mucho movimiento<\/li>\n\n\n\n<li>Ideal para fino<\/li>\n\n\n\n<li>Estilo desenfadado<\/li>\n<\/ul>\n\n\n\n<p><strong>Capas invisibles<\/strong>:<\/p>\n\n\n\n<ul>\n<li>Solo en el interior<\/li>\n\n\n\n<li>Quitan peso sin cambiar forma exterior<\/li>\n\n\n\n<li>Perfecto para grueso\/rizado<\/li>\n<\/ul>\n\n\n\n<hr class=\"wp-block-separator has-alpha-channel-opacity\"\/>\n\n\n\n<h2 class=\"wp-block-heading\">Tip 6: El Flequillo tiene sus Reglas<\/h2>\n\n\n\n<p><strong>El flequillo solo queda bien en pelo liso, grueso o fino, si lo tienes rizado mejor no te lo hagas.<\/strong><\/p>\n\n\n\n<h3 class=\"wp-block-heading\">Tabla 4: Flequillo seg\u00fan Tipo de Cabello<\/h3>\n\n\n\n<figure class=\"wp-block-table\"><table><thead><tr><th>Tipo<\/th><th>\u00bfFlequillo?<\/th><th>Tipo Recomendado<\/th><th>Mantenimiento<\/th><\/tr><\/thead><tbody><tr><td><strong>Liso<\/strong><\/td><td>\u2705 S\u00ed<\/td><td>Recto, lateral, cortina<\/td><td>Bajo<\/td><\/tr><tr><td><strong>Fino<\/strong><\/td><td>\u2705 S\u00ed<\/td><td>Desfilado, abierto<\/td><td>Medio<\/td><\/tr><tr><td><strong>Grueso<\/strong><\/td><td>\u2705 S\u00ed<\/td><td>Denso, recto<\/td><td>Alto (crece r\u00e1pido)<\/td><\/tr><tr><td><strong>Ondulado<\/strong><\/td><td>\u26a0\ufe0f Seg\u00fan rizo<\/td><td>Largo, lateral, cortina<\/td><td>Medio-Alto<\/td><\/tr><tr><td><strong>Rizado<\/strong><\/td><td>\u274c No recomendado<\/td><td>Mechones frontales largos<\/td><td>N\/A<\/td><\/tr><tr><td><strong>Con frizz<\/strong><\/td><td>\u274c Evitar<\/td><td>Alternativa: face framing<\/td><td>N\/A<\/td><\/tr><\/tbody><\/table><\/figure>\n\n\n\n<p><strong>Por qu\u00e9 evitar flequillo en rizado<\/strong>:<\/p>\n\n\n\n<ul>\n<li>Se riza de forma impredecible<\/li>\n\n\n\n<li>Requiere plancha diaria<\/li>\n\n\n\n<li>Efecto \u00absacacorchos\u00bb<\/li>\n\n\n\n<li>Muy dif\u00edcil de mantener<\/li>\n<\/ul>\n\n\n\n<hr class=\"wp-block-separator has-alpha-channel-opacity\"\/>\n\n\n\n<h2 class=\"wp-block-heading\">Tip 7: Elige los Productos Adecuados<\/h2>\n\n\n\n<p><strong>Las personas con cabello liso o fino necesitan productos distintos que aquellas personas con cabello rizado, ondulado o con frizz.<\/strong><\/p>\n\n\n\n<h3 class=\"wp-block-heading\">Tabla 5: Productos seg\u00fan Tipo de Cabello<\/h3>\n\n\n\n<figure class=\"wp-block-table\"><table><thead><tr><th>Tipo<\/th><th>Champ\u00fa<\/th><th>Acondicionador<\/th><th>Tratamiento<\/th><th>Styling<\/th><\/tr><\/thead><tbody><tr><td><strong>Fino<\/strong><\/td><td>Volumen, sin sulfatos<\/td><td>Solo en puntas<\/td><td>Mascarilla ligera 1x\/semana<\/td><td>Mousse, spray fijador<\/td><\/tr><tr><td><strong>Grueso<\/strong><\/td><td>Nutritivo, hidratante<\/td><td>Abundante en largos<\/td><td>Mascarilla 2x\/semana<\/td><td>Crema disciplinante<\/td><\/tr><tr><td><strong>Rizado<\/strong><\/td><td>Sin sulfatos, co-wash<\/td><td>Acondicionador denso<\/td><td>Leave-in diario<\/td><td>Crema definidora, gel<\/td><\/tr><tr><td><strong>Liso<\/strong><\/td><td>Suave, hidratante<\/td><td>Ligero<\/td><td>Aceite en puntas<\/td><td>S\u00e9rum alisador<\/td><\/tr><tr><td><strong>Con frizz<\/strong><\/td><td>Anti-frizz, hidratante<\/td><td>Muy nutritivo<\/td><td>Mascarilla cada lavado<\/td><td>Aceite, crema anti-frizz<\/td><\/tr><\/tbody><\/table><\/figure>\n\n\n\n<hr class=\"wp-block-separator has-alpha-channel-opacity\"\/>\n\n\n\n<h2 class=\"wp-block-heading\">Tip 8: Mejores Productos para Cabello Fino<\/h2>\n\n\n\n<p><strong>Los mejores productos para cabellos finos son los que otorgan volumen, champ\u00fas suaves que no dejan el pelo demasiado pesado, champ\u00fas secos, spray para el pelo y enjuagues caseros con vinagre.<\/strong><\/p>\n\n\n\n<h3 class=\"wp-block-heading\">Lista Completa:<\/h3>\n\n\n\n<p><strong>Limpieza<\/strong>:<\/p>\n\n\n\n<ol>\n<li><strong>Champ\u00fa voluminizador<\/strong> sin siliconas<\/li>\n\n\n\n<li><strong>Champ\u00fa seco<\/strong> (entre lavados, da volumen)<\/li>\n\n\n\n<li><strong>Champ\u00fa clarificante<\/strong> (1x\/semana, elimina acumulaci\u00f3n)<\/li>\n<\/ol>\n\n\n\n<p><strong>Acondicionado<\/strong>: 4. <strong>Acondicionador ligero<\/strong> solo en puntas 5. <strong>Enjuague con vinagre de manzana<\/strong> (1 parte vinagre + 3 partes agua)<\/p>\n\n\n\n<p><strong>Styling<\/strong>: 6. <strong>Mousse voluminizadora<\/strong> 7. <strong>Spray texturizante<\/strong> 8. <strong>Spray fijador ligero<\/strong> 9. <strong>Polvo voluminizador<\/strong> en ra\u00edces<\/p>\n\n\n\n<p><strong>Evitar<\/strong>:<\/p>\n\n\n\n<ul>\n<li>Aceites pesados<\/li>\n\n\n\n<li>Mascarillas muy nutritivas<\/li>\n\n\n\n<li>Siliconas<\/li>\n<\/ul>\n\n\n\n<hr class=\"wp-block-separator has-alpha-channel-opacity\"\/>\n\n\n\n<h2 class=\"wp-block-heading\">Tip 9: C\u00f3mo Crear Volumen en Cabello con Cuerpo<\/h2>\n\n\n\n<p><strong>Para crear volumen en el cabello tanto con el pelo liso como en el ondulado, es [usar] productos para el cabello y secarlos de la forma adecuada. Tambi\u00e9n se necesita para ello el corte de pelo adecuado, en el que como hemos dicho antes las capas son la clave.<\/strong><\/p>\n\n\n\n<h3 class=\"wp-block-heading\">T\u00e9cnica de Secado para Volumen:<\/h3>\n\n\n\n<p><strong>Paso 1: Preparaci\u00f3n<\/strong><\/p>\n\n\n\n<ul>\n<li>Lavar con champ\u00fa voluminizador<\/li>\n\n\n\n<li>Aplicar mousse en ra\u00edces sobre cabello h\u00famedo<\/li>\n<\/ul>\n\n\n\n<p><strong>Paso 2: Pre-secado<\/strong><\/p>\n\n\n\n<ul>\n<li>Secar con cabeza hacia abajo<\/li>\n\n\n\n<li>Usar difusor en rizos\/ondulados<\/li>\n\n\n\n<li>Levantar ra\u00edces con los dedos<\/li>\n<\/ul>\n\n\n\n<p><strong>Paso 3: Secado con cepillo<\/strong><\/p>\n\n\n\n<ul>\n<li>Cepillo redondo grande<\/li>\n\n\n\n<li>Enrollar mechones desde la ra\u00edz<\/li>\n\n\n\n<li>Aplicar calor 10 segundos<\/li>\n\n\n\n<li>Aire fr\u00edo 5 segundos (fija volumen)<\/li>\n<\/ul>\n\n\n\n<p><strong>Paso 4: Fijaci\u00f3n<\/strong><\/p>\n\n\n\n<ul>\n<li>Spray texturizante en ra\u00edces<\/li>\n\n\n\n<li>NO peinar en exceso<\/li>\n\n\n\n<li>Spray fijador ligero<\/li>\n<\/ul>\n\n\n\n<hr class=\"wp-block-separator has-alpha-channel-opacity\"\/>\n\n\n\n<h2 class=\"wp-block-heading\">Tip 10: Mant\u00e9n tu Cabello Saludable<\/h2>\n\n\n\n<h3 class=\"wp-block-heading\">Rutina de Cuidado Universal:<\/h3>\n\n\n\n<p><strong>Semanal<\/strong>:<\/p>\n\n\n\n<ul>\n<li>Lavar 2-3 veces (fino\/graso)<\/li>\n\n\n\n<li>Lavar 1-2 veces (grueso\/rizado\/seco)<\/li>\n\n\n\n<li>Mascarilla 1 vez (fino) o 2 veces (grueso\/rizado)<\/li>\n<\/ul>\n\n\n\n<p><strong>Mensual<\/strong>:<\/p>\n\n\n\n<ul>\n<li>Corte de puntas (cada 6-8 semanas)<\/li>\n\n\n\n<li>Tratamiento profundo en sal\u00f3n<\/li>\n<\/ul>\n\n\n\n<p><strong>Diario<\/strong>:<\/p>\n\n\n\n<ul>\n<li>Cepillar suavemente (no en mojado si es rizado)<\/li>\n\n\n\n<li>Protector t\u00e9rmico si usas calor<\/li>\n\n\n\n<li>Protecci\u00f3n solar en verano<\/li>\n<\/ul>\n\n\n\n<hr class=\"wp-block-separator has-alpha-channel-opacity\"\/>\n\n\n\n<h2 class=\"wp-block-heading\">Productos Koken para tu Tipo de Cabello<\/h2>\n\n\n\n<h3 class=\"wp-block-heading\">1. <a href=\"https:\/\/www.koken.es\/peluqueria\/aceite-capilar-hidratacion.html\">Aceite Capilar Hidrataci\u00f3n Profunda Koken<\/a><\/h3>\n\n\n\n<p>Perfecto para <strong>cabello grueso, rizado o con frizz<\/strong>:<\/p>\n\n\n\n<p><strong>Beneficios<\/strong>:<\/p>\n\n\n\n<ul>\n<li>Formulado con extractos de flores y aceites naturales<\/li>\n\n\n\n<li>Penetra hasta el centro de la fibra capilar<\/li>\n\n\n\n<li>Cabello nutrido, sedoso y brillante<\/li>\n\n\n\n<li>Evita puntas abiertas<\/li>\n\n\n\n<li>Disciplina el cabello<\/li>\n<\/ul>\n\n\n\n<p><strong>Uso<\/strong>: Aplicar sobre medios y puntas, evitar ra\u00edces en cabello fino.<\/p>\n\n\n\n<hr class=\"wp-block-separator has-alpha-channel-opacity\"\/>\n\n\n\n<h3 class=\"wp-block-heading\">2. <a href=\"https:\/\/www.koken.es\/peluqueria\/\">Productos de Peluquer\u00eda Profesional Koken<\/a><\/h3>\n\n\n\n<p>Toda la gama de <a href=\"https:\/\/www.koken.es\/peluqueria\/\">productos profesionales Koken<\/a> est\u00e1 dise\u00f1ada para distintos tipos de cabello.<\/p>\n\n\n\n<hr class=\"wp-block-separator has-alpha-channel-opacity\"\/>\n\n\n\n<h3 class=\"wp-block-heading\">3. <a href=\"https:\/\/www.koken.es\/cosmetica\/aceites-esenciales\/\">Aceites Esenciales Koken<\/a><\/h3>\n\n\n\n<p>Los <a href=\"https:\/\/www.koken.es\/cosmetica\/aceites-esenciales\/\">aceites esenciales<\/a> pueden potenciar tus tratamientos capilares:<\/p>\n\n\n\n<p><strong>Cabello graso<\/strong>: Lim\u00f3n, romero, \u00e1rbol del t\u00e9 <strong>Cabello seco<\/strong>: Lavanda, rosa mosqueta <strong>Ca\u00edda<\/strong>: Romero, menta<\/p>\n\n\n\n<hr class=\"wp-block-separator has-alpha-channel-opacity\"\/>\n\n\n\n<h3 class=\"wp-block-heading\">4. <a href=\"https:\/\/www.koken.es\/cosmetica\/corporal\/aceite-de-ricino.html\">Aceite de Ricino Koken<\/a><\/h3>\n\n\n\n<p>El <a href=\"https:\/\/www.koken.es\/cosmetica\/corporal\/aceite-de-ricino.html\">aceite de ricino<\/a> estimula el crecimiento y fortalece:<\/p>\n\n\n\n<p><strong>Uso<\/strong>: Aplicar en cuero cabelludo, masajear, dejar actuar 1 hora, lavar.<\/p>\n\n\n\n<hr class=\"wp-block-separator has-alpha-channel-opacity\"\/>\n\n\n\n<h3 class=\"wp-block-heading\">5. <a href=\"https:\/\/www.koken.es\/blog\/\">Blog Koken Cosmetics<\/a><\/h3>\n\n\n\n<p>Descubre m\u00e1s consejos de cuidado capilar en el <a href=\"https:\/\/www.koken.es\/blog\/\">blog Koken<\/a>.<\/p>\n\n\n\n<hr class=\"wp-block-separator has-alpha-channel-opacity\"\/>\n\n\n\n<h2 class=\"wp-block-heading\">Errores Comunes a Evitar<\/h2>\n\n\n\n<h3 class=\"wp-block-heading\">Tabla 6: Errores Frecuentes por Tipo de Cabello<\/h3>\n\n\n\n<figure class=\"wp-block-table\"><table><thead><tr><th>Error<\/th><th>Tipo Afectado<\/th><th>Consecuencia<\/th><th>Soluci\u00f3n<\/th><\/tr><\/thead><tbody><tr><td>Lavado diario<\/td><td>Seco, rizado<\/td><td>Deshidrataci\u00f3n<\/td><td>Lavar 1-2x\/semana<\/td><\/tr><tr><td>Acondicionador en ra\u00edz<\/td><td>Fino, graso<\/td><td>Pelo apelmazado<\/td><td>Solo en puntas<\/td><\/tr><tr><td>Cepillar mojado<\/td><td>Rizado<\/td><td>Rompe rizos, frizz<\/td><td>Peinar con dedos o peine ancho<\/td><\/tr><tr><td>Calor excesivo<\/td><td>Todos<\/td><td>Da\u00f1o, sequedad<\/td><td>Protector t\u00e9rmico, 180\u00b0C m\u00e1x<\/td><\/tr><tr><td>Corte muy largo<\/td><td>Fino<\/td><td>Sin volumen<\/td><td>Mantener corto-medio<\/td><\/tr><tr><td>Corte muy corto<\/td><td>Rizado<\/td><td>Efecto nube<\/td><td>Mantener largo<\/td><\/tr><\/tbody><\/table><\/figure>\n\n\n\n<hr class=\"wp-block-separator has-alpha-channel-opacity\"\/>\n\n\n\n<h2 class=\"wp-block-heading\">Preguntas Frecuentes<\/h2>\n\n\n\n<p><strong>\u00bfPuedo tener m\u00e1s de un tipo de cabello?<\/strong> S\u00ed, es com\u00fan tener combinaciones: fino+lacio, grueso+rizado, ondulado+frizz.<\/p>\n\n\n\n<p><strong>\u00bfCada cu\u00e1nto debo cortar el pelo?<\/strong> Cada 6-8 semanas para mantener forma y eliminar puntas abiertas.<\/p>\n\n\n\n<p><strong>\u00bfEl cabello fino puede volverse grueso?<\/strong> No cambia su grosor natural, pero puede ganar densidad con cuidados y productos adecuados.<\/p>\n\n\n\n<p><strong>\u00bfQu\u00e9 hago si mi cabello tiene frizz?<\/strong> Hidrataci\u00f3n profunda, productos anti-frizz, evitar toalla (usar camiseta de algod\u00f3n), no tocar mientras seca.<\/p>\n\n\n\n<p><strong>\u00bfLas capas funcionan en todos los tipos de cabello?<\/strong> S\u00ed, pero adaptadas: capas largas en grueso, capas medias-cortas en fino.<\/p>\n\n\n\n<hr class=\"wp-block-separator has-alpha-channel-opacity\"\/>\n\n\n\n<h2 class=\"wp-block-heading\">Resumen<\/h2>\n\n\n\n<p><strong>La textura y la densidad del cabello son muy importantes porque ayudan a definir tu estilo.<\/strong> Con estos 10 tips esenciales ya sabes:<\/p>\n\n\n\n<p>\u2705 <strong>Identificar tu tipo<\/strong> de cabello (lacio, fino, ondulado, grueso, rizado, frizz) \u2705 <strong>Largo ideal<\/strong>: Rizado = largo, fino = corto \u2705 <strong>Adaptar corte<\/strong> a forma de cara \u2705 <strong>Capas<\/strong> para movimiento y cuerpo \u2705 <strong>Flequillo<\/strong> solo en liso\/fino\/grueso \u2705 <strong>Productos espec\u00edficos<\/strong> seg\u00fan tipo \u2705 <strong>T\u00e9cnicas de volumen<\/strong> con secado correcto \u2705 <strong>Cuidados personalizados<\/strong> para mantener salud<\/p>\n\n\n\n<p><strong>Tu peluquer@ debe darse cuenta en seguida de qu\u00e9 tipo de pelo tienes<\/strong> para asesorarte correctamente. Y <strong>tu cabello siempre hablar\u00e1 de tu propia personalidad<\/strong>, as\u00ed que no tengas miedo de romper las reglas cuando sientas que es lo correcto para ti.<\/p>\n\n\n\n<p>Complementa tu rutina capilar con los <a href=\"https:\/\/www.koken.es\/peluqueria\/\">productos profesionales Koken<\/a> para resultados \u00f3ptimos.<\/p>\n","protected":false},"excerpt":{"rendered":"<p>Publicado el 26 septiembre, 2016 | Actualizado febrero 2026 La textura y la densidad del cabello son muy importantes porque ayudan a definir tu estilo. Conocer tu tipo de cabello es el primer paso para lucir un pelo perfecto, saludable &hellip; <a href=\"https:\/\/www.koken.es\/blog\/10-tips-cabello-guia-completa-tipo-pelo\/\" class=\"more-link\">Sigue leyendo <span class=\"meta-nav\">&rarr;<\/span><\/a><\/p>\n","protected":false},"author":2,"featured_media":3455,"comment_status":"closed","ping_status":"closed","sticky":false,"template":"","format":"standard","meta":{"om_disable_all_campaigns":false,"_mi_skip_tracking":false,"_monsterinsights_sitenote_active":false,"_monsterinsights_sitenote_note":"","_monsterinsights_sitenote_category":0},"categories":[8],"tags":[1210,1218,1216,1214,1217,1220,1222,1224,1226,1221,696,1212,1213,1219,1211,1225,1223,1215,1208,1209],"aioseo_notices":[],"_links":{"self":[{"href":"https:\/\/www.koken.es\/blog\/wp-json\/wp\/v2\/posts\/879"}],"collection":[{"href":"https:\/\/www.koken.es\/blog\/wp-json\/wp\/v2\/posts"}],"about":[{"href":"https:\/\/www.koken.es\/blog\/wp-json\/wp\/v2\/types\/post"}],"author":[{"embeddable":true,"href":"https:\/\/www.koken.es\/blog\/wp-json\/wp\/v2\/users\/2"}],"replies":[{"embeddable":true,"href":"https:\/\/www.koken.es\/blog\/wp-json\/wp\/v2\/comments?post=879"}],"version-history":[{"count":2,"href":"https:\/\/www.koken.es\/blog\/wp-json\/wp\/v2\/posts\/879\/revisions"}],"predecessor-version":[{"id":3457,"href":"https:\/\/www.koken.es\/blog\/wp-json\/wp\/v2\/posts\/879\/revisions\/3457"}],"wp:featuredmedia":[{"embeddable":true,"href":"https:\/\/www.koken.es\/blog\/wp-json\/wp\/v2\/media\/3455"}],"wp:attachment":[{"href":"https:\/\/www.koken.es\/blog\/wp-json\/wp\/v2\/media?parent=879"}],"wp:term":[{"taxonomy":"category","embeddable":true,"href":"https:\/\/www.koken.es\/blog\/wp-json\/wp\/v2\/categories?post=879"},{"taxonomy":"post_tag","embeddable":true,"href":"https:\/\/www.koken.es\/blog\/wp-json\/wp\/v2\/tags?post=879"}],"curies":[{"name":"wp","href":"https:\/\/api.w.org\/{rel}","templated":true}]}}